{"id":2943,"date":"2017-05-26T09:57:30","date_gmt":"2017-05-26T07:57:30","guid":{"rendered":"http:\/\/ielesvinyes.net\/?p=2943"},"modified":"2017-05-26T09:57:30","modified_gmt":"2017-05-26T07:57:30","slug":"arriba-un-nou-acte-benefic-a-castellbisbal","status":"publish","type":"post","link":"https:\/\/agora.xtec.cat\/ielesvinyes\/2016-17\/arriba-un-nou-acte-benefic-a-castellbisbal\/","title":{"rendered":"Arriba un nou acte ben\u00e8fic a Castellbisbal"},"content":{"rendered":"<p><img loading=\"lazy\" decoding=\"async\" class=\"size-full wp-image-2946 alignnone\" src=\"http:\/\/agora.xtec.cat\/ielesvinyes\/wp-content\/uploads\/usu1433\/2017\/05\/Captura-de-2017-05-26-09-58-09.png\" alt=\"\" width=\"590\" height=\"369\" srcset=\"https:\/\/agora.xtec.cat\/ielesvinyes\/wp-content\/uploads\/usu1433\/2017\/05\/Captura-de-2017-05-26-09-58-09.png 590w, https:\/\/agora.xtec.cat\/ielesvinyes\/wp-content\/uploads\/usu1433\/2017\/05\/Captura-de-2017-05-26-09-58-09-300x188.png 300w\" sizes=\"auto, (max-width: 590px) 100vw, 590px\" \/><\/p>\n<p>Fem ress\u00f2 aqu\u00ed de la nota de premsa escrita per alumnes de 4t d&#8217;ESO responsables de la difusi\u00f3 del <strong>concert solidari<\/strong> que tindr\u00e0 lloc aquest diumenge. Desitgem que sigui un \u00e8xit de convocat\u00f2ria!<\/p>\n<h3>L&#8217;Institut-Escola Les Vinyes i l&#8217;Institut de Castellbisbal tornen a reunir forces i ens presenten un nou acte ben\u00e8fic, aquest cop acompanyats del Cor Safari de la fundaci\u00f3 N&#8217;zuri Daima d\u2019Uganda.<\/h3>\n<p>El passat 23 de febrer a l&#8217;auditori dels Costals, al municipi de Castellbisbal, es va dur a terme una gala solid\u00e0ria organitzada pels alumnes de 4t d&#8217;ESO de l&#8217;Institut-Escola Les vinyes que, juntament amb l&#8217;Institut de Castellbisbal, ha estat treballant en un projecte de cooperaci\u00f3 que tenia com a objectiu contribuir a la millora educativa de l\u2019escola Tabingwa, d\u2019educaci\u00f3 prim\u00e0ria, situada en una de les zones m\u00e9s rurals d\u2019Uganda.<\/p>\n<p>L&#8217;organitzaci\u00f3 local \u00c0nemos, una organitzaci\u00f3 que porta projectes de cooperaci\u00f3 a instituts amb la finalitat que els alumnes aprenguin valors i connectin amb el m\u00f3n real (<em>per veure m\u00e9s:<\/em> <a href=\"http:\/\/anemos.es\/\">anemos.es<\/a>), va presentar a l\u2019alumnat de 4t dels dos instituts aquest projecte. Aix\u00ed, \u00c0nemos ha unit els instituts de Castellbisbal amb la Fundaci\u00f3 Petits Detalls \u00c0frica (<em>per veure m\u00e9s:<\/em> <a href=\"http:\/\/www.petitsdetalls.org\/portfolio\/smiles-for-luuka\/\">petitsdetalls.org\/portfolio\/smiles-for-luuka<\/a>).<\/p>\n<p>Els alumnes van haver de fer tot un proc\u00e9s per con\u00e8ixer la zona amb la qual havien de treballar i les persones que s&#8217;havien de beneficiar del projecte.<br \/>\nPer grups, es van idear possibles projectes que despr\u00e9s van valorar entre tots.<br \/>\nEl total dels diners recaptats amb diferents actes com l\u2019esmorzar solidari, la gala ben\u00e8fica i altres petites aportacions van concloure amb un total de 1.396,68\u202f\u20ac, als quals es van afegir 3.000\u202f\u20ac que va donar l&#8217;Ajuntament de Castellbisbal. Aquests diners van ser destinats a la compra de compreses reutilitzables per les noies de l&#8217;escola i les dones de la seva fam\u00edlia i a la formaci\u00f3 de docents.<\/p>\n<p>Ara, ha arribat una nova oportunitat. Els alumnes podran con\u00e8ixer nois i noies que viuen situacions semblants als alumnes de l&#8217;escola a la qual han ajudat durant aquest curs i ens hi volen convidar a tots! Aquest diumenge 28 de maig, el Cor Safari passar\u00e0 per Castellbisbal a fer un concert. A m\u00e9s, es veuran algunes actuacions dels alumnes dels instituts i se&#8217;ns presentar\u00e0 el treball que han estat realitzant durant aquest curs escolar. \u00c9s una \u00faltima oportunitat per compartir amb aquests alumnes el seu gran esfor\u00e7 i con\u00e8ixer les persones que se&#8217;n beneficien.<\/p>\n<p>El Cor Safari est\u00e0 format per nois i noies orfes, de l&#8217;orfenat i fundaci\u00f3 N&#8217;zuri Daima. El cor ha col\u00b7laborat recentment amb el fam\u00f3s grup catal\u00e0 Txarango, amb la can\u00e7\u00f3 &#8220;Meravell\u00f3s regal&#8221;, de l&#8217;\u00faltim disc del grup, <em>El cor de la terra<\/em>. L&#8217;any passat, tamb\u00e9 va actuar al programa de televisi\u00f3 <em>La voz<\/em> gr\u00e0cies a un dels seus altres padrins, Alejandro Sanz. (per veure m\u00e9s: https:\/\/corosafari.org\/ i https:\/\/nzuri-daima.org\/ )<\/p>\n<p>Per tant, us esperem a tots i a totes <strong>el diumenge 28 de maig a l&#8217;auditori dels Costals<\/strong>, a Castellbisbal, a les <strong>18.00\u202fh<\/strong>. L&#8217;esdeveniment tindr\u00e0 una durada d&#8217;una hora i quart aproximadament. Les entrades s\u00f3n limitades, es venen a 3\u202f\u20ac i es poden comprar a taquilla o es poden reservar via correu: <a href=\"mailto:reserva.ndaima@gmail.com\">reserva.ndaima@gmail.com<\/a>; els menors de cinc anys tenen l\u2019entrada gratu\u00efta.<\/p>\n<p>Recordeu que necessitem la vostra col\u00b7laboraci\u00f3 fent la m\u00e0xima difusi\u00f3 de l\u2019acte i comptant amb la vostra pres\u00e8ncia a l&#8217;auditori el dia del concert!<br \/>\n<strong>Fem d&#8217;aquest comiat un gran comiat<\/strong>!<\/p>\n<p>Aqu\u00ed us deixem el nostre fullet\u00f3 i cartell publicitari:<\/p>\n","protected":false},"excerpt":{"rendered":"<p>Fem ress\u00f2 aqu\u00ed de la nota de premsa escrita per alumnes de 4t d&#8217;ESO responsables de la difusi\u00f3 del concert solidari que tindr\u00e0 lloc aquest diumenge. Desitgem que sigui un \u00e8xit de convocat\u00f2ria! L&#8217;Institut-Escola Les Vinyes i l&#8217;Institut de Castellbisbal tornen a reunir forces i ens presenten un nou acte ben\u00e8fic, aquest cop acompanyats del [&hellip;]<\/p>\n","protected":false},"author":6,"featured_media":0,"comment_status":"open","ping_status":"open","sticky":false,"template":"","format":"standard","meta":{"_bbp_topic_count":0,"_bbp_reply_count":0,"_bbp_total_topic_count":0,"_bbp_total_reply_count":0,"_bbp_voice_count":0,"_bbp_anonymous_reply_count":0,"_bbp_topic_count_hidden":0,"_bbp_reply_count_hidden":0,"_bbp_forum_subforum_count":0,"site-sidebar-layout":"default","site-content-layout":"","ast-site-content-layout":"","site-content-style":"default","site-sidebar-style":"default","ast-global-header-display":"","ast-banner-title-visibility":"","ast-main-header-display":"","ast-hfb-above-header-display":"","ast-hfb-below-header-display":"","ast-hfb-mobile-header-display":"","site-post-title":"","ast-breadcrumbs-content":"","ast-featured-img":"","footer-sml-layout":"","theme-transparent-header-meta":"","adv-header-id-meta":"","stick-header-meta":"","header-above-stick-meta":"","header-main-stick-meta":"","header-below-stick-meta":"","astra-migrate-meta-layouts":"default","ast-page-background-enabled":"default","ast-page-background-meta":{"desktop":{"background-color":"var(--ast-global-color-4)","background-image":"","background-repeat":"repeat","background-position":"center center","background-size":"auto","background-attachment":"scroll","background-type":"","background-media":"","overlay-type":"","overlay-color":"","overlay-opacity":"","overlay-gradient":""},"tablet":{"background-color":"","background-image":"","background-repeat":"repeat","background-position":"center center","background-size":"auto","background-attachment":"scroll","background-type":"","background-media":"","overlay-type":"","overlay-color":"","overlay-opacity":"","overlay-gradient":""},"mobile":{"background-color":"","background-image":"","background-repeat":"repeat","background-position":"center center","background-size":"auto","background-attachment":"scroll","background-type":"","background-media":"","overlay-type":"","overlay-color":"","overlay-opacity":"","overlay-gradient":""}},"ast-content-background-meta":{"desktop":{"background-color":"var(--ast-global-color-5)","background-image":"","background-repeat":"repeat","background-position":"center center","background-size":"auto","background-attachment":"scroll","background-type":"","background-media":"","overlay-type":"","overlay-color":"","overlay-opacity":"","overlay-gradient":""},"tablet":{"background-color":"var(--ast-global-color-5)","background-image":"","background-repeat":"repeat","background-position":"center center","background-size":"auto","background-attachment":"scroll","background-type":"","background-media":"","overlay-type":"","overlay-color":"","overlay-opacity":"","overlay-gradient":""},"mobile":{"background-color":"var(--ast-global-color-5)","background-image":"","background-repeat":"repeat","background-position":"center center","background-size":"auto","background-attachment":"scroll","background-type":"","background-media":"","overlay-type":"","overlay-color":"","overlay-opacity":"","overlay-gradient":""}},"footnotes":""},"categories":[113,301],"tags":[365,366,367],"class_list":["post-2943","post","type-post","status-publish","format-standard","hentry","category-2016-17","category-secundaria","tag-ajuntament","tag-anemos","tag-solidaritat"],"post_mailing_queue_ids":[],"_links":{"self":[{"href":"https:\/\/agora.xtec.cat\/ielesvinyes\/wp-json\/wp\/v2\/posts\/2943","targetHints":{"allow":["GET"]}}],"collection":[{"href":"https:\/\/agora.xtec.cat\/ielesvinyes\/wp-json\/wp\/v2\/posts"}],"about":[{"href":"https:\/\/agora.xtec.cat\/ielesvinyes\/wp-json\/wp\/v2\/types\/post"}],"author":[{"embeddable":true,"href":"https:\/\/agora.xtec.cat\/ielesvinyes\/wp-json\/wp\/v2\/users\/6"}],"replies":[{"embeddable":true,"href":"https:\/\/agora.xtec.cat\/ielesvinyes\/wp-json\/wp\/v2\/comments?post=2943"}],"version-history":[{"count":0,"href":"https:\/\/agora.xtec.cat\/ielesvinyes\/wp-json\/wp\/v2\/posts\/2943\/revisions"}],"wp:attachment":[{"href":"https:\/\/agora.xtec.cat\/ielesvinyes\/wp-json\/wp\/v2\/media?parent=2943"}],"wp:term":[{"taxonomy":"category","embeddable":true,"href":"https:\/\/agora.xtec.cat\/ielesvinyes\/wp-json\/wp\/v2\/categories?post=2943"},{"taxonomy":"post_tag","embeddable":true,"href":"https:\/\/agora.xtec.cat\/ielesvinyes\/wp-json\/wp\/v2\/tags?post=2943"}],"curies":[{"name":"wp","href":"https:\/\/api.w.org\/{rel}","templated":true}]}}