{"id":2933,"date":"2015-10-06T13:21:56","date_gmt":"2015-10-06T11:21:56","guid":{"rendered":"http:\/\/ampa.ielesvinyes.net\/stage1\/?p=2933"},"modified":"2015-10-06T13:21:56","modified_gmt":"2015-10-06T11:21:56","slug":"presents-a-lassemblea-general-de-la-fapac","status":"publish","type":"post","link":"https:\/\/agora.xtec.cat\/ielesvinyes\/afa\/presents-a-lassemblea-general-de-la-fapac\/","title":{"rendered":"Presents a l&#8217;Assemblea General de la FAPAC"},"content":{"rendered":"<p style=\"text-align: justify;\"><img loading=\"lazy\" decoding=\"async\" class=\"wp-image-2945 alignright\" src=\"http:\/\/ampa.ielesvinyes.net\/stage1\/wp-content\/uploads\/2015\/10\/assemblea-general-fapac-assistents.jpg\" alt=\"assemblea general fapac-assistents\" width=\"261\" height=\"154\" \/>Dissabte passat, 3 mares i 1 pare de\u00a0la nostra AMPA, van assistir a l&#8217;Assemblea General de la FAPAC, sota el lema:<\/p>\n<blockquote>\n<p style=\"text-align: center;\"><span style=\"color: #800080;\">El futur de l&#8217;educaci\u00f3 dels nostres fills i filles est\u00e0 en joc.<\/span><\/p>\n<\/blockquote>\n<p style=\"text-align: justify;\">L&#8217;objectiu d&#8217;aquesta Assemblea era definir i aprovar un full de ruta elaborat al voltant dels cinc tallers\u00a0proposats, on els assistents van poder reflexionar, compartir experi\u00e8ncies viscudes i intercanviar punts de vista:<\/p>\n<ul>\n<li>Pobresa infantil: com lluitar-hi en contra des dels Centres\/AMPA?<\/li>\n<li>LOMCE<\/li>\n<li>Oferta i futur de l&#8217;escola p\u00fablica. Planificaci\u00f3.<\/li>\n<li>Quin model educatiu ens cal?<\/li>\n<li>Participaci\u00f3 dels infants i joves a les AMPA i FAPAC<\/li>\n<\/ul>\n<p style=\"text-align: justify;\">Entre els temes tractats, es va aprovar: <em>la derogaci\u00f3 de la LOMCE,\u00a0reclamar una agenda\u00a0pol\u00edtica per combatre la pobresa infantil, potenciar l\u2019escola p\u00fablica, que Ensenyament aposti pel model institut-escola, garantir el futur dels projectes educatius que apostin per una renovaci\u00f3 pedag\u00f2gica, fomentar l&#8217;autonomia dels Centres, que el paper de les fam\u00edlies en el sistema educatiu sigui m\u00e9s notori<\/em>,&#8230; entre d&#8217;altres punts que podeu consultar\u00a0m\u00e9s detalladament al comunicat de premsa que ha publicat la FAPAC <strong><a href=\"http:\/\/www.fapac.cat\/2015\/10\/05\/assemblea-general-la-fapac-exigeix-la-derogaci-de-la-lomqe\" target=\"_blank\" rel=\"noopener noreferrer\"><img loading=\"lazy\" decoding=\"async\" class=\" wp-image-1043 alignnone\" src=\"http:\/\/ampa.ielesvinyes.net\/stage1\/wp-content\/uploads\/2012\/02\/external-link-98445_640.png\" alt=\"external-link-98445_640\" width=\"23\" height=\"25\" \/><\/a><\/strong>.<\/p>\n<p style=\"text-align: justify;\"><img loading=\"lazy\" decoding=\"async\" class=\"size-full wp-image-2978 aligncenter\" src=\"http:\/\/ampa.ielesvinyes.net\/stage1\/wp-content\/uploads\/2015\/10\/votant-conclusions-fapac-3oct15.jpg\" alt=\"votant conclusions fapac - 3oct15\" width=\"971\" height=\"520\" \/><\/p>\n<p style=\"text-align: justify;\"><em>Tamb\u00e9 podeu visualitzar l&#8217;entrevista que es va emetre durant el Telenot\u00edcies Vespre de TV3, el dissabte 3 d&#8217;octubre (minut 22:27)<\/em>\u00a0<strong><a href=\"http:\/\/www.ccma.cat\/tv3\/alacarta\/telenoticies-vespre\/telenoticies-cap-de-setmana-vespre-03102015\/video\/5555210\/\" target=\"_blank\" rel=\"noopener noreferrer\"><img loading=\"lazy\" decoding=\"async\" class=\" wp-image-1043 alignnone\" src=\"http:\/\/ampa.ielesvinyes.net\/stage1\/wp-content\/uploads\/2012\/02\/external-link-98445_640.png\" alt=\"external-link-98445_640\" width=\"23\" height=\"25\" \/><\/a><\/strong><span style=\"color: #ffffff;\">.<\/span><\/p>\n<p style=\"text-align: justify;\">Al finalitzar, ens van demanar una participaci\u00f3 m\u00e9s activa a les &#8220;<strong>comissions de treball<\/strong>&#8221; de la FAPAC. Podeu consultar-les al seg\u00fcent enlla\u00e7 <strong><a href=\"http:\/\/ampa.ielesvinyes.net\/stage1\/wp-content\/uploads\/2015\/10\/FAPAC-Democr\u00e0cia-\u00e9s-participaci\u00f3.pdf\" target=\"_blank\" rel=\"noopener noreferrer\"><img loading=\"lazy\" decoding=\"async\" class=\" wp-image-1043 alignnone\" src=\"http:\/\/ampa.ielesvinyes.net\/stage1\/wp-content\/uploads\/2012\/02\/external-link-98445_640.png\" alt=\"external-link-98445_640\" width=\"23\" height=\"25\" \/><\/a>\u00a0<\/strong>i si esteu interessats en formar part d&#8217;alguna d&#8217;elles, no dubteu en contactar amb nosaltres per tal de fer-ho saber a la FAPAC.<\/p>\n<blockquote>\n<p style=\"text-align: center;\"><span style=\"color: #333333;\"><strong>DEMOCR\u00c0CIA \u00c9S PARTICIPACI\u00d3<\/strong><\/span><\/p>\n<p>&nbsp;<\/p><\/blockquote>\n","protected":false},"excerpt":{"rendered":"<p>Dissabte passat, 3 mares i 1 pare de\u00a0la nostra AMPA, van assistir a l&#8217;Assemblea General de la FAPAC, sota el lema: El futur de l&#8217;educaci\u00f3 dels nostres fills i filles est\u00e0 en joc. L&#8217;objectiu d&#8217;aquesta Assemblea era definir i aprovar un full de ruta elaborat al voltant dels cinc tallers\u00a0proposats, on els assistents van poder [&hellip;]<\/p>\n","protected":false},"author":52,"featured_media":0,"comment_status":"open","ping_status":"closed","sticky":false,"template":"","format":"standard","meta":{"_bbp_topic_count":0,"_bbp_reply_count":0,"_bbp_total_topic_count":0,"_bbp_total_reply_count":0,"_bbp_voice_count":0,"_bbp_anonymous_reply_count":0,"_bbp_topic_count_hidden":0,"_bbp_reply_count_hidden":0,"_bbp_forum_subforum_count":0,"site-sidebar-layout":"default","site-content-layout":"","ast-site-content-layout":"","site-content-style":"default","site-sidebar-style":"default","ast-global-header-display":"","ast-banner-title-visibility":"","ast-main-header-display":"","ast-hfb-above-header-display":"","ast-hfb-below-header-display":"","ast-hfb-mobile-header-display":"","site-post-title":"","ast-breadcrumbs-content":"","ast-featured-img":"","footer-sml-layout":"","theme-transparent-header-meta":"","adv-header-id-meta":"","stick-header-meta":"","header-above-stick-meta":"","header-main-stick-meta":"","header-below-stick-meta":"","astra-migrate-meta-layouts":"default","ast-page-background-enabled":"default","ast-page-background-meta":{"desktop":{"background-color":"var(--ast-global-color-4)","background-image":"","background-repeat":"repeat","background-position":"center center","background-size":"auto","background-attachment":"scroll","background-type":"","background-media":"","overlay-type":"","overlay-color":"","overlay-opacity":"","overlay-gradient":""},"tablet":{"background-color":"","background-image":"","background-repeat":"repeat","background-position":"center center","background-size":"auto","background-attachment":"scroll","background-type":"","background-media":"","overlay-type":"","overlay-color":"","overlay-opacity":"","overlay-gradient":""},"mobile":{"background-color":"","background-image":"","background-repeat":"repeat","background-position":"center center","background-size":"auto","background-attachment":"scroll","background-type":"","background-media":"","overlay-type":"","overlay-color":"","overlay-opacity":"","overlay-gradient":""}},"ast-content-background-meta":{"desktop":{"background-color":"var(--ast-global-color-5)","background-image":"","background-repeat":"repeat","background-position":"center center","background-size":"auto","background-attachment":"scroll","background-type":"","background-media":"","overlay-type":"","overlay-color":"","overlay-opacity":"","overlay-gradient":""},"tablet":{"background-color":"var(--ast-global-color-5)","background-image":"","background-repeat":"repeat","background-position":"center center","background-size":"auto","background-attachment":"scroll","background-type":"","background-media":"","overlay-type":"","overlay-color":"","overlay-opacity":"","overlay-gradient":""},"mobile":{"background-color":"var(--ast-global-color-5)","background-image":"","background-repeat":"repeat","background-position":"center center","background-size":"auto","background-attachment":"scroll","background-type":"","background-media":"","overlay-type":"","overlay-color":"","overlay-opacity":"","overlay-gradient":""}},"footnotes":""},"categories":[112,31,471],"tags":[],"class_list":["post-2933","post","type-post","status-publish","format-standard","hentry","category-2015-16","category-afa","category-noticies-afa"],"post_mailing_queue_ids":[],"_links":{"self":[{"href":"https:\/\/agora.xtec.cat\/ielesvinyes\/wp-json\/wp\/v2\/posts\/2933","targetHints":{"allow":["GET"]}}],"collection":[{"href":"https:\/\/agora.xtec.cat\/ielesvinyes\/wp-json\/wp\/v2\/posts"}],"about":[{"href":"https:\/\/agora.xtec.cat\/ielesvinyes\/wp-json\/wp\/v2\/types\/post"}],"author":[{"embeddable":true,"href":"https:\/\/agora.xtec.cat\/ielesvinyes\/wp-json\/wp\/v2\/users\/52"}],"replies":[{"embeddable":true,"href":"https:\/\/agora.xtec.cat\/ielesvinyes\/wp-json\/wp\/v2\/comments?post=2933"}],"version-history":[{"count":0,"href":"https:\/\/agora.xtec.cat\/ielesvinyes\/wp-json\/wp\/v2\/posts\/2933\/revisions"}],"wp:attachment":[{"href":"https:\/\/agora.xtec.cat\/ielesvinyes\/wp-json\/wp\/v2\/media?parent=2933"}],"wp:term":[{"taxonomy":"category","embeddable":true,"href":"https:\/\/agora.xtec.cat\/ielesvinyes\/wp-json\/wp\/v2\/categories?post=2933"},{"taxonomy":"post_tag","embeddable":true,"href":"https:\/\/agora.xtec.cat\/ielesvinyes\/wp-json\/wp\/v2\/tags?post=2933"}],"curies":[{"name":"wp","href":"https:\/\/api.w.org\/{rel}","templated":true}]}}