{"id":2899,"date":"2017-03-12T16:56:46","date_gmt":"2017-03-12T14:56:46","guid":{"rendered":"http:\/\/ielesvinyes.net\/?p=2899"},"modified":"2017-03-12T16:56:46","modified_gmt":"2017-03-12T14:56:46","slug":"estudiants-darreu-voleu-fer-sentir-la-vostra-veu","status":"publish","type":"post","link":"https:\/\/agora.xtec.cat\/ielesvinyes\/2016-17\/estudiants-darreu-voleu-fer-sentir-la-vostra-veu\/","title":{"rendered":"Estudiants d\u2019arreu, voleu fer sentir la vostra veu?"},"content":{"rendered":"<p><img loading=\"lazy\" decoding=\"async\" class=\"size-medium wp-image-2900 alignright\" src=\"http:\/\/agora.xtec.cat\/ielesvinyes\/wp-content\/uploads\/usu1433\/2017\/03\/IMG-20170222-WA0000-300x102.jpg\" alt=\"\" width=\"300\" height=\"102\" srcset=\"https:\/\/agora.xtec.cat\/ielesvinyes\/wp-content\/uploads\/usu1433\/2017\/03\/IMG-20170222-WA0000-300x102.jpg 300w, https:\/\/agora.xtec.cat\/ielesvinyes\/wp-content\/uploads\/usu1433\/2017\/03\/IMG-20170222-WA0000-768x261.jpg 768w, https:\/\/agora.xtec.cat\/ielesvinyes\/wp-content\/uploads\/usu1433\/2017\/03\/IMG-20170222-WA0000-1024x348.jpg 1024w, https:\/\/agora.xtec.cat\/ielesvinyes\/wp-content\/uploads\/usu1433\/2017\/03\/IMG-20170222-WA0000.jpg 1116w\" sizes=\"auto, (max-width: 300px) 100vw, 300px\" \/>Un <a href=\"http:\/\/edcamp.educaciodema.cat\/ca\/apren-mes\/#apren_mes_equip_edcamp\" target=\"_blank\"><strong>Edcamp<\/strong><\/a> \u00e9s una trobada gratu\u00efta i oberta, amb la finalitat de compartir aprenentatges, coneixements i inquietuds relacionades amb l\u2019educaci\u00f3. La seva metodologia es basa en l\u2019aprenentatge entre iguals, la conversa i l\u2019intercanvi de coneixements.<\/p>\n<p>Fins a dia d\u2019avui, els Edcamps s\u2019han dirigit principalment a docents i fam\u00edlies. Per aquest motiu, ens fa especial il\u00b7lusi\u00f3 poder anunciar que <strong>un grup d\u2019alumnes de 3r i 4t d\u2019ESO del nostre centre\u00a0<\/strong>est\u00e0 impulsant el primer <strong>Edcamp<\/strong> dirigit a alumnes.<\/p>\n<p>Els preparatius estan en marxa i ja \u00e9s segur que el proper <strong>dissabte 6 de maig<\/strong>, entre les 9:30 i les 14 h, se celebrar\u00e0 l\u2019<strong>Edcamp Estudiants Castellbisbal<\/strong>. El centre acollir\u00e0 nois i noies de 3r i 4t d\u2019ESO i de 1r de batxillerat d\u2019arreu del territori interessats en fer sentir la seva veu amb l\u2019objectiu de contribuir amb les seves idees a transformar l\u2019educaci\u00f3.<\/p>\n<p>Aquest Edcamp \u00e9s un projecte autopropulsat pels nostres alumnes, que com \u00e9s natural, compta amb el suport log\u00edstic i l\u2019acompanyament de l\u2019equip docent de Les Vinyes.<\/p>\n<p>En breu s\u2019obriran les inscripcions al <a href=\"http:\/\/edcamp.educaciodema.cat\/\" target=\"_blank\">web del projecte<\/a>, per aix\u00f2, fem des d\u2019aqu\u00ed una crida a fam\u00edlies, docents, centres i entitats interessades en donar veu als vostres fills i filles, alumnes i nois i noies d\u2019arreu a qui pugui resultar atractiva la proposta.<\/p>\n<p>Mirarem d\u2019informar puntualment, per\u00f2 l\u2019equip impulsor ens ha dit que, si teniu compte de Twitter, la millor manera d\u2019estar al cas \u00e9s seguir a <strong><a href=\"https:\/\/twitter.com\/edcampest\" target=\"_blank\">@edcampest<\/a><\/strong>.<\/p>\n<p>Fes corre la veu!<\/p>\n<p><img loading=\"lazy\" decoding=\"async\" class=\"aligncenter wp-image-2902 size-full\" src=\"http:\/\/agora.xtec.cat\/ielesvinyes\/wp-content\/uploads\/usu1433\/2017\/03\/28393780356_038cd89a8c_b.jpg\" alt=\"\" width=\"1024\" height=\"683\" srcset=\"https:\/\/agora.xtec.cat\/ielesvinyes\/wp-content\/uploads\/usu1433\/2017\/03\/28393780356_038cd89a8c_b.jpg 1024w, https:\/\/agora.xtec.cat\/ielesvinyes\/wp-content\/uploads\/usu1433\/2017\/03\/28393780356_038cd89a8c_b-300x200.jpg 300w, https:\/\/agora.xtec.cat\/ielesvinyes\/wp-content\/uploads\/usu1433\/2017\/03\/28393780356_038cd89a8c_b-768x512.jpg 768w\" sizes=\"auto, (max-width: 1024px) 100vw, 1024px\" \/><\/p>\n","protected":false},"excerpt":{"rendered":"<p>Un Edcamp \u00e9s una trobada gratu\u00efta i oberta, amb la finalitat de compartir aprenentatges, coneixements i inquietuds relacionades amb l\u2019educaci\u00f3. La seva metodologia es basa en l\u2019aprenentatge entre iguals, la conversa i l\u2019intercanvi de coneixements. Fins a dia d\u2019avui, els Edcamps s\u2019han dirigit principalment a docents i fam\u00edlies. Per aquest motiu, ens fa especial il\u00b7lusi\u00f3 [&hellip;]<\/p>\n","protected":false},"author":1,"featured_media":0,"comment_status":"open","ping_status":"open","sticky":false,"template":"","format":"standard","meta":{"_bbp_topic_count":0,"_bbp_reply_count":0,"_bbp_total_topic_count":0,"_bbp_total_reply_count":0,"_bbp_voice_count":0,"_bbp_anonymous_reply_count":0,"_bbp_topic_count_hidden":0,"_bbp_reply_count_hidden":0,"_bbp_forum_subforum_count":0,"site-sidebar-layout":"default","site-content-layout":"","ast-site-content-layout":"","site-content-style":"default","site-sidebar-style":"default","ast-global-header-display":"","ast-banner-title-visibility":"","ast-main-header-display":"","ast-hfb-above-header-display":"","ast-hfb-below-header-display":"","ast-hfb-mobile-header-display":"","site-post-title":"","ast-breadcrumbs-content":"","ast-featured-img":"","footer-sml-layout":"","theme-transparent-header-meta":"","adv-header-id-meta":"","stick-header-meta":"","header-above-stick-meta":"","header-main-stick-meta":"","header-below-stick-meta":"","astra-migrate-meta-layouts":"default","ast-page-background-enabled":"default","ast-page-background-meta":{"desktop":{"background-color":"var(--ast-global-color-4)","background-image":"","background-repeat":"repeat","background-position":"center center","background-size":"auto","background-attachment":"scroll","background-type":"","background-media":"","overlay-type":"","overlay-color":"","overlay-opacity":"","overlay-gradient":""},"tablet":{"background-color":"","background-image":"","background-repeat":"repeat","background-position":"center center","background-size":"auto","background-attachment":"scroll","background-type":"","background-media":"","overlay-type":"","overlay-color":"","overlay-opacity":"","overlay-gradient":""},"mobile":{"background-color":"","background-image":"","background-repeat":"repeat","background-position":"center center","background-size":"auto","background-attachment":"scroll","background-type":"","background-media":"","overlay-type":"","overlay-color":"","overlay-opacity":"","overlay-gradient":""}},"ast-content-background-meta":{"desktop":{"background-color":"var(--ast-global-color-5)","background-image":"","background-repeat":"repeat","background-position":"center center","background-size":"auto","background-attachment":"scroll","background-type":"","background-media":"","overlay-type":"","overlay-color":"","overlay-opacity":"","overlay-gradient":""},"tablet":{"background-color":"var(--ast-global-color-5)","background-image":"","background-repeat":"repeat","background-position":"center center","background-size":"auto","background-attachment":"scroll","background-type":"","background-media":"","overlay-type":"","overlay-color":"","overlay-opacity":"","overlay-gradient":""},"mobile":{"background-color":"var(--ast-global-color-5)","background-image":"","background-repeat":"repeat","background-position":"center center","background-size":"auto","background-attachment":"scroll","background-type":"","background-media":"","overlay-type":"","overlay-color":"","overlay-opacity":"","overlay-gradient":""}},"footnotes":""},"categories":[113,301],"tags":[359,360,361],"class_list":["post-2899","post","type-post","status-publish","format-standard","hentry","category-2016-17","category-secundaria","tag-edcamp","tag-edcampest","tag-edcampestudiants"],"post_mailing_queue_ids":[],"_links":{"self":[{"href":"https:\/\/agora.xtec.cat\/ielesvinyes\/wp-json\/wp\/v2\/posts\/2899","targetHints":{"allow":["GET"]}}],"collection":[{"href":"https:\/\/agora.xtec.cat\/ielesvinyes\/wp-json\/wp\/v2\/posts"}],"about":[{"href":"https:\/\/agora.xtec.cat\/ielesvinyes\/wp-json\/wp\/v2\/types\/post"}],"author":[{"embeddable":true,"href":"https:\/\/agora.xtec.cat\/ielesvinyes\/wp-json\/wp\/v2\/users\/1"}],"replies":[{"embeddable":true,"href":"https:\/\/agora.xtec.cat\/ielesvinyes\/wp-json\/wp\/v2\/comments?post=2899"}],"version-history":[{"count":0,"href":"https:\/\/agora.xtec.cat\/ielesvinyes\/wp-json\/wp\/v2\/posts\/2899\/revisions"}],"wp:attachment":[{"href":"https:\/\/agora.xtec.cat\/ielesvinyes\/wp-json\/wp\/v2\/media?parent=2899"}],"wp:term":[{"taxonomy":"category","embeddable":true,"href":"https:\/\/agora.xtec.cat\/ielesvinyes\/wp-json\/wp\/v2\/categories?post=2899"},{"taxonomy":"post_tag","embeddable":true,"href":"https:\/\/agora.xtec.cat\/ielesvinyes\/wp-json\/wp\/v2\/tags?post=2899"}],"curies":[{"name":"wp","href":"https:\/\/api.w.org\/{rel}","templated":true}]}}