{"id":2893,"date":"2017-03-11T21:31:43","date_gmt":"2017-03-11T19:31:43","guid":{"rendered":"http:\/\/ielesvinyes.net\/?p=2893"},"modified":"2017-03-11T21:31:43","modified_gmt":"2017-03-11T19:31:43","slug":"la-gala-solidaria-te-resso-als-mitjans","status":"publish","type":"post","link":"https:\/\/agora.xtec.cat\/ielesvinyes\/2016-17\/la-gala-solidaria-te-resso-als-mitjans\/","title":{"rendered":"La Gala solid\u00e0ria t\u00e9 ress\u00f2 als mitjans"},"content":{"rendered":"<p>La <strong>Gala solid\u00e0ria<\/strong> organitzada pels <strong>nois i noies de 4t d&#8217;ESO<\/strong> en el marc del <strong>Projecte transversal<\/strong> del segon trimestre ha tingut ress\u00f2 als mitjans.<\/p>\n<p>Un equip de <a href=\"https:\/\/twitter.com\/valleseduca?lang=ca\">Vall\u00e8s Educa<\/a>\u00a0es va interessar pel projecte i va fer aquest magn\u00edfic reportatge que es va emetre a <strong>Canal Terrassa<\/strong> el passat 8 de mar\u00e7.<\/p>\n<p><iframe loading=\"lazy\" src=\"https:\/\/www.youtube.com\/embed\/F2jRhf7McpM?rel=0&amp;showinfo=0\" width=\"640\" height=\"360\" frameborder=\"0\" allowfullscreen=\"allowfullscreen\"><\/iframe><\/p>\n<p>Per altra banda, un grup d&#8217;alumnes es van despla\u00e7ar a <strong>R\u00e0dio Molins<\/strong> per donar a con\u00e8ixer la gala i el prop\u00f2sit solidari del projecte.<\/p>\n<p><iframe loading=\"lazy\" src=\"https:\/\/w.soundcloud.com\/player\/?url=https%3A\/\/api.soundcloud.com\/tracks\/311889789&amp;color=ff5500&amp;auto_play=false&amp;hide_related=false&amp;show_comments=true&amp;show_user=true&amp;show_reposts=false\" width=\"100%\" height=\"166\" frameborder=\"no\" scrolling=\"no\"><\/iframe><\/p>\n<p>Gr\u00e0cies per la col\u00b7laboraci\u00f3\u00a0Vall\u00e8s Educa i R\u00e0dio molins, vosaltres tamb\u00e9 heu contribu\u00eft solid\u00e0riament al\u00a0projecte de cooperaci\u00f3 amb <strong>Uganda<\/strong>!<\/p>\n<p>Volem destacar aquestes paraules de la Hanna F.:<\/p>\n<blockquote><p>&#8220;Les Vinyes, com a escola, ens d\u00f3na molt\u00edssimes oportunitats i jo estic molt agra\u00efda a aquesta que estem fent perqu\u00e8 m&#8217;interessa molt aquesta part solid\u00e0ria i crec que s&#8217;hauria de potenciar. Comen\u00e7ar a potenciar-la en instituts i amb gent de la nostra edat que es pugui identificar amb altra gent arreu del m\u00f3n, o incl\u00fas a llocs propers, crec que \u00e9s molt important.&#8221;<\/p><\/blockquote>\n<p>I moltes altres que vindran! Vosaltres feu de la solidaritat abanderi el vostre\u00a0aprenentatge, i contribu\u00efu de manera real i efectiva a millorar al m\u00f3n que us\u00a0envolta.\u00a0Gr\u00e0cies a vosaltres per convertir aquestes oportunitats en projectes tan engrescadors.<\/p>\n<p><em><strong>Font:<\/strong> Podeu consultar aqu\u00ed el reportatge a\u00a0<a href=\"https:\/\/youtu.be\/lGoAy0lZKGg?t=16m22s\">la font original<\/a>.<\/em><\/p>\n","protected":false},"excerpt":{"rendered":"<p>La Gala solid\u00e0ria organitzada pels nois i noies de 4t d&#8217;ESO en el marc del Projecte transversal del segon trimestre ha tingut ress\u00f2 als mitjans. Un equip de Vall\u00e8s Educa\u00a0es va interessar pel projecte i va fer aquest magn\u00edfic reportatge que es va emetre a Canal Terrassa el passat 8 de mar\u00e7. Per altra banda, [&hellip;]<\/p>\n","protected":false},"author":1,"featured_media":0,"comment_status":"open","ping_status":"open","sticky":false,"template":"","format":"standard","meta":{"_bbp_topic_count":0,"_bbp_reply_count":0,"_bbp_total_topic_count":0,"_bbp_total_reply_count":0,"_bbp_voice_count":0,"_bbp_anonymous_reply_count":0,"_bbp_topic_count_hidden":0,"_bbp_reply_count_hidden":0,"_bbp_forum_subforum_count":0,"site-sidebar-layout":"default","site-content-layout":"","ast-site-content-layout":"","site-content-style":"default","site-sidebar-style":"default","ast-global-header-display":"","ast-banner-title-visibility":"","ast-main-header-display":"","ast-hfb-above-header-display":"","ast-hfb-below-header-display":"","ast-hfb-mobile-header-display":"","site-post-title":"","ast-breadcrumbs-content":"","ast-featured-img":"","footer-sml-layout":"","theme-transparent-header-meta":"","adv-header-id-meta":"","stick-header-meta":"","header-above-stick-meta":"","header-main-stick-meta":"","header-below-stick-meta":"","astra-migrate-meta-layouts":"default","ast-page-background-enabled":"default","ast-page-background-meta":{"desktop":{"background-color":"var(--ast-global-color-4)","background-image":"","background-repeat":"repeat","background-position":"center center","background-size":"auto","background-attachment":"scroll","background-type":"","background-media":"","overlay-type":"","overlay-color":"","overlay-opacity":"","overlay-gradient":""},"tablet":{"background-color":"","background-image":"","background-repeat":"repeat","background-position":"center center","background-size":"auto","background-attachment":"scroll","background-type":"","background-media":"","overlay-type":"","overlay-color":"","overlay-opacity":"","overlay-gradient":""},"mobile":{"background-color":"","background-image":"","background-repeat":"repeat","background-position":"center center","background-size":"auto","background-attachment":"scroll","background-type":"","background-media":"","overlay-type":"","overlay-color":"","overlay-opacity":"","overlay-gradient":""}},"ast-content-background-meta":{"desktop":{"background-color":"var(--ast-global-color-5)","background-image":"","background-repeat":"repeat","background-position":"center center","background-size":"auto","background-attachment":"scroll","background-type":"","background-media":"","overlay-type":"","overlay-color":"","overlay-opacity":"","overlay-gradient":""},"tablet":{"background-color":"var(--ast-global-color-5)","background-image":"","background-repeat":"repeat","background-position":"center center","background-size":"auto","background-attachment":"scroll","background-type":"","background-media":"","overlay-type":"","overlay-color":"","overlay-opacity":"","overlay-gradient":""},"mobile":{"background-color":"var(--ast-global-color-5)","background-image":"","background-repeat":"repeat","background-position":"center center","background-size":"auto","background-attachment":"scroll","background-type":"","background-media":"","overlay-type":"","overlay-color":"","overlay-opacity":"","overlay-gradient":""}},"footnotes":""},"categories":[113,358,301],"tags":[],"class_list":["post-2893","post","type-post","status-publish","format-standard","hentry","category-2016-17","category-projectes-transversals","category-secundaria"],"post_mailing_queue_ids":[],"_links":{"self":[{"href":"https:\/\/agora.xtec.cat\/ielesvinyes\/wp-json\/wp\/v2\/posts\/2893","targetHints":{"allow":["GET"]}}],"collection":[{"href":"https:\/\/agora.xtec.cat\/ielesvinyes\/wp-json\/wp\/v2\/posts"}],"about":[{"href":"https:\/\/agora.xtec.cat\/ielesvinyes\/wp-json\/wp\/v2\/types\/post"}],"author":[{"embeddable":true,"href":"https:\/\/agora.xtec.cat\/ielesvinyes\/wp-json\/wp\/v2\/users\/1"}],"replies":[{"embeddable":true,"href":"https:\/\/agora.xtec.cat\/ielesvinyes\/wp-json\/wp\/v2\/comments?post=2893"}],"version-history":[{"count":0,"href":"https:\/\/agora.xtec.cat\/ielesvinyes\/wp-json\/wp\/v2\/posts\/2893\/revisions"}],"wp:attachment":[{"href":"https:\/\/agora.xtec.cat\/ielesvinyes\/wp-json\/wp\/v2\/media?parent=2893"}],"wp:term":[{"taxonomy":"category","embeddable":true,"href":"https:\/\/agora.xtec.cat\/ielesvinyes\/wp-json\/wp\/v2\/categories?post=2893"},{"taxonomy":"post_tag","embeddable":true,"href":"https:\/\/agora.xtec.cat\/ielesvinyes\/wp-json\/wp\/v2\/tags?post=2893"}],"curies":[{"name":"wp","href":"https:\/\/api.w.org\/{rel}","templated":true}]}}