{"id":256,"date":"2012-02-08T13:12:27","date_gmt":"2012-02-08T12:12:27","guid":{"rendered":"http:\/\/ielesvinyes.net\/?p=256"},"modified":"2012-02-08T13:12:27","modified_gmt":"2012-02-08T12:12:27","slug":"pla-de-consum-de-fruita-a-linstitut-escola","status":"publish","type":"post","link":"https:\/\/agora.xtec.cat\/ielesvinyes\/general\/pla-de-consum-de-fruita-a-linstitut-escola\/","title":{"rendered":"Pla de consum de fruita a l&#039;Institut Escola"},"content":{"rendered":"<p><a href=\"http:\/\/agora.xtec.cat\/ielesvinyes\/wp-content\/uploads\/usu1433\/2012\/02\/2012_cartell_pla_consum_fruita_escoles.jpg\"><img loading=\"lazy\" decoding=\"async\" class=\" wp-image-258 alignleft\" title=\"Pla consum fruita escoles\" src=\"http:\/\/agora.xtec.cat\/ielesvinyes\/wp-content\/uploads\/usu1433\/2012\/02\/2012_cartell_pla_consum_fruita_escoles-208x300.jpg\" alt=\"\" width=\"208\" height=\"300\" \/><\/a>El nostre centre participar\u00e0, a partir de la setmana entrant i fins a final de curs, en el <a href=\"http:\/\/www20.gencat.cat\/portal\/site\/DAR\/menuitem.3645c709047c363053b88e10b031e1a0\/?vgnextoid=ebf2917db15c7110VgnVCM1000008d0c1e0aRCRD&amp;vgnextchannel=ebf2917db15c7110VgnVCM1000008d0c1e0aRCRD&amp;vgnextfmt=default\" target=\"_blank\">Pla de consum de fruita a les escoles<\/a>. Aquest pla \u00e9s una iniciativa de la Generalitat de Catalunya que promou millorar els bons h\u00e0bits alimentaris entre els nostres infants.<\/p>\n<p>Es <strong>repartir\u00e0 gratu\u00eftament fruita<\/strong> als nens i nenes d\u2019Educaci\u00f3 Infantil cada dimecres i divendres perqu\u00e8 en consumeixin durant l\u2019esmorzar. Us recomanem, doncs, que aquests dies no portin esmorzar de casa.<\/p>\n<p>En <a href=\"http:\/\/www20.gencat.cat\/docs\/DAR\/AL_Alimentacio\/AL06_Pla_consum_fruita_escoles\/Documents\/Fitxers_estatics\/2012_triptic_programa_a_la_nostra_escola_mengem_mes_fruita.pdf\" target=\"_blank\">aquest tr\u00edptic<\/a> informatiu del Pla trobareu tota la informaci\u00f3.<\/p>\n","protected":false},"excerpt":{"rendered":"<p>El nostre centre participar\u00e0, a partir de la setmana entrant i fins a final de curs, en el Pla de consum de fruita a les escoles. Aquest pla \u00e9s una iniciativa de la Generalitat de Catalunya que promou millorar els bons h\u00e0bits alimentaris entre els nostres infants. Es repartir\u00e0 gratu\u00eftament fruita als nens i nenes [&hellip;]<\/p>\n","protected":false},"author":6,"featured_media":0,"comment_status":"open","ping_status":"open","sticky":false,"template":"","format":"standard","meta":{"_bbp_topic_count":0,"_bbp_reply_count":0,"_bbp_total_topic_count":0,"_bbp_total_reply_count":0,"_bbp_voice_count":0,"_bbp_anonymous_reply_count":0,"_bbp_topic_count_hidden":0,"_bbp_reply_count_hidden":0,"_bbp_forum_subforum_count":0,"site-sidebar-layout":"default","site-content-layout":"","ast-site-content-layout":"","site-content-style":"default","site-sidebar-style":"default","ast-global-header-display":"","ast-banner-title-visibility":"","ast-main-header-display":"","ast-hfb-above-header-display":"","ast-hfb-below-header-display":"","ast-hfb-mobile-header-display":"","site-post-title":"","ast-breadcrumbs-content":"","ast-featured-img":"","footer-sml-layout":"","theme-transparent-header-meta":"","adv-header-id-meta":"","stick-header-meta":"","header-above-stick-meta":"","header-main-stick-meta":"","header-below-stick-meta":"","astra-migrate-meta-layouts":"default","ast-page-background-enabled":"default","ast-page-background-meta":{"desktop":{"background-color":"var(--ast-global-color-4)","background-image":"","background-repeat":"repeat","background-position":"center center","background-size":"auto","background-attachment":"scroll","background-type":"","background-media":"","overlay-type":"","overlay-color":"","overlay-opacity":"","overlay-gradient":""},"tablet":{"background-color":"","background-image":"","background-repeat":"repeat","background-position":"center center","background-size":"auto","background-attachment":"scroll","background-type":"","background-media":"","overlay-type":"","overlay-color":"","overlay-opacity":"","overlay-gradient":""},"mobile":{"background-color":"","background-image":"","background-repeat":"repeat","background-position":"center center","background-size":"auto","background-attachment":"scroll","background-type":"","background-media":"","overlay-type":"","overlay-color":"","overlay-opacity":"","overlay-gradient":""}},"ast-content-background-meta":{"desktop":{"background-color":"var(--ast-global-color-5)","background-image":"","background-repeat":"repeat","background-position":"center center","background-size":"auto","background-attachment":"scroll","background-type":"","background-media":"","overlay-type":"","overlay-color":"","overlay-opacity":"","overlay-gradient":""},"tablet":{"background-color":"var(--ast-global-color-5)","background-image":"","background-repeat":"repeat","background-position":"center center","background-size":"auto","background-attachment":"scroll","background-type":"","background-media":"","overlay-type":"","overlay-color":"","overlay-opacity":"","overlay-gradient":""},"mobile":{"background-color":"var(--ast-global-color-5)","background-image":"","background-repeat":"repeat","background-position":"center center","background-size":"auto","background-attachment":"scroll","background-type":"","background-media":"","overlay-type":"","overlay-color":"","overlay-opacity":"","overlay-gradient":""}},"footnotes":""},"categories":[1],"tags":[],"class_list":["post-256","post","type-post","status-publish","format-standard","hentry","category-general"],"post_mailing_queue_ids":[],"_links":{"self":[{"href":"https:\/\/agora.xtec.cat\/ielesvinyes\/wp-json\/wp\/v2\/posts\/256","targetHints":{"allow":["GET"]}}],"collection":[{"href":"https:\/\/agora.xtec.cat\/ielesvinyes\/wp-json\/wp\/v2\/posts"}],"about":[{"href":"https:\/\/agora.xtec.cat\/ielesvinyes\/wp-json\/wp\/v2\/types\/post"}],"author":[{"embeddable":true,"href":"https:\/\/agora.xtec.cat\/ielesvinyes\/wp-json\/wp\/v2\/users\/6"}],"replies":[{"embeddable":true,"href":"https:\/\/agora.xtec.cat\/ielesvinyes\/wp-json\/wp\/v2\/comments?post=256"}],"version-history":[{"count":0,"href":"https:\/\/agora.xtec.cat\/ielesvinyes\/wp-json\/wp\/v2\/posts\/256\/revisions"}],"wp:attachment":[{"href":"https:\/\/agora.xtec.cat\/ielesvinyes\/wp-json\/wp\/v2\/media?parent=256"}],"wp:term":[{"taxonomy":"category","embeddable":true,"href":"https:\/\/agora.xtec.cat\/ielesvinyes\/wp-json\/wp\/v2\/categories?post=256"},{"taxonomy":"post_tag","embeddable":true,"href":"https:\/\/agora.xtec.cat\/ielesvinyes\/wp-json\/wp\/v2\/tags?post=256"}],"curies":[{"name":"wp","href":"https:\/\/api.w.org\/{rel}","templated":true}]}}