{"id":2553,"date":"2015-07-27T13:08:56","date_gmt":"2015-07-27T11:08:56","guid":{"rendered":"http:\/\/ampa.ielesvinyes.net\/stage1\/?p=2553"},"modified":"2020-03-05T19:22:06","modified_gmt":"2020-03-05T18:22:06","slug":"bon-estiu-a-tothom","status":"publish","type":"post","link":"https:\/\/agora.xtec.cat\/ielesvinyes\/afa\/bon-estiu-a-tothom\/","title":{"rendered":"Bon estiu a tothom!"},"content":{"rendered":"<p>Benvolgudes fam\u00edlies,<\/p>\n<p style=\"text-align: justify;\"><a href=\"http:\/\/ampa.ielesvinyes.net\/stage1\/wp-content\/uploads\/2015\/07\/darrers-preparatius-juliol2015.jpg\"><img loading=\"lazy\" decoding=\"async\" class=\"alignleft  wp-image-2555\" src=\"http:\/\/ampa.ielesvinyes.net\/stage1\/wp-content\/uploads\/2015\/07\/darrers-preparatius-juliol2015.jpg\" alt=\"darrers preparatius - juliol2015\" width=\"328\" height=\"324\" \/><\/a>Encara que ja fa uns quants dies que va finalitzar el curs, que els nens ja estan de vacances, alguns van als Casals d&#8217;Estiu, d&#8217;altres amb els avis,&#8230; a l&#8217;AMPA no hem deixat de treballar\u00a0fins avui, per tal de tenir enllestit tot el necessari per\u00a0iniciar un nou curs al setembre.<\/p>\n<p style=\"text-align: justify;\">Com cada any, el Centre us enviar\u00e0\u00a0una carta durant el mes de Juliol amb tota la informaci\u00f3 sobre\u00a0pagaments de Material Escolar, el dia d&#8217;Inici de Curs, etc&#8230; on\u00a0l&#8217;AMPA inclour\u00e0\u00a0tamb\u00e9 informaci\u00f3 relativa als terminis de pagament per ser soci, els dies d&#8217;entrega de llibres per P5, Prim\u00e0ria i ESO, i d&#8217;altres informacions a tenir en compte.<\/p>\n<p>Ara toca descansar, gaudir al m\u00e0xim dels nostres fills\/es i, si s&#8217;escau, marxar de vacances!<\/p>\n<p><a href=\"http:\/\/ampa.ielesvinyes.net\/stage1\/wp-content\/uploads\/2015\/07\/tancat-per-vacances.gif\"><img loading=\"lazy\" decoding=\"async\" class=\"  wp-image-2557 alignnone\" src=\"http:\/\/ampa.ielesvinyes.net\/stage1\/wp-content\/uploads\/2015\/07\/BON-ESTIU-2015.jpg\" alt=\"BON ESTIU 2015\" width=\"321\" height=\"366\" \/><img loading=\"lazy\" decoding=\"async\" class=\" size-full wp-image-2556 alignnone\" src=\"http:\/\/ampa.ielesvinyes.net\/stage1\/wp-content\/uploads\/2015\/07\/tancat-per-vacances.gif\" alt=\"tancat-per-vacances\" width=\"249\" height=\"224\" \/><\/a><\/p>\n","protected":false},"excerpt":{"rendered":"<p>Benvolgudes fam\u00edlies, Encara que ja fa uns quants dies que va finalitzar el curs, que els nens ja estan de vacances, alguns van als Casals d&#8217;Estiu, d&#8217;altres amb els avis,&#8230; a l&#8217;AMPA no hem deixat de treballar\u00a0fins avui, per tal de tenir enllestit tot el necessari per\u00a0iniciar un nou curs al setembre. Com cada any, [&hellip;]<\/p>\n","protected":false},"author":52,"featured_media":0,"comment_status":"open","ping_status":"closed","sticky":false,"template":"","format":"standard","meta":{"_bbp_topic_count":0,"_bbp_reply_count":0,"_bbp_total_topic_count":0,"_bbp_total_reply_count":0,"_bbp_voice_count":0,"_bbp_anonymous_reply_count":0,"_bbp_topic_count_hidden":0,"_bbp_reply_count_hidden":0,"_bbp_forum_subforum_count":0,"site-sidebar-layout":"default","site-content-layout":"","ast-site-content-layout":"","site-content-style":"default","site-sidebar-style":"default","ast-global-header-display":"","ast-banner-title-visibility":"","ast-main-header-display":"","ast-hfb-above-header-display":"","ast-hfb-below-header-display":"","ast-hfb-mobile-header-display":"","site-post-title":"","ast-breadcrumbs-content":"","ast-featured-img":"","footer-sml-layout":"","theme-transparent-header-meta":"","adv-header-id-meta":"","stick-header-meta":"","header-above-stick-meta":"","header-main-stick-meta":"","header-below-stick-meta":"","astra-migrate-meta-layouts":"default","ast-page-background-enabled":"default","ast-page-background-meta":{"desktop":{"background-color":"var(--ast-global-color-4)","background-image":"","background-repeat":"repeat","background-position":"center center","background-size":"auto","background-attachment":"scroll","background-type":"","background-media":"","overlay-type":"","overlay-color":"","overlay-opacity":"","overlay-gradient":""},"tablet":{"background-color":"","background-image":"","background-repeat":"repeat","background-position":"center center","background-size":"auto","background-attachment":"scroll","background-type":"","background-media":"","overlay-type":"","overlay-color":"","overlay-opacity":"","overlay-gradient":""},"mobile":{"background-color":"","background-image":"","background-repeat":"repeat","background-position":"center center","background-size":"auto","background-attachment":"scroll","background-type":"","background-media":"","overlay-type":"","overlay-color":"","overlay-opacity":"","overlay-gradient":""}},"ast-content-background-meta":{"desktop":{"background-color":"var(--ast-global-color-5)","background-image":"","background-repeat":"repeat","background-position":"center center","background-size":"auto","background-attachment":"scroll","background-type":"","background-media":"","overlay-type":"","overlay-color":"","overlay-opacity":"","overlay-gradient":""},"tablet":{"background-color":"var(--ast-global-color-5)","background-image":"","background-repeat":"repeat","background-position":"center center","background-size":"auto","background-attachment":"scroll","background-type":"","background-media":"","overlay-type":"","overlay-color":"","overlay-opacity":"","overlay-gradient":""},"mobile":{"background-color":"var(--ast-global-color-5)","background-image":"","background-repeat":"repeat","background-position":"center center","background-size":"auto","background-attachment":"scroll","background-type":"","background-media":"","overlay-type":"","overlay-color":"","overlay-opacity":"","overlay-gradient":""}},"footnotes":""},"categories":[112,31,471],"tags":[],"class_list":["post-2553","post","type-post","status-publish","format-standard","hentry","category-2015-16","category-afa","category-noticies-afa"],"post_mailing_queue_ids":[],"_links":{"self":[{"href":"https:\/\/agora.xtec.cat\/ielesvinyes\/wp-json\/wp\/v2\/posts\/2553","targetHints":{"allow":["GET"]}}],"collection":[{"href":"https:\/\/agora.xtec.cat\/ielesvinyes\/wp-json\/wp\/v2\/posts"}],"about":[{"href":"https:\/\/agora.xtec.cat\/ielesvinyes\/wp-json\/wp\/v2\/types\/post"}],"author":[{"embeddable":true,"href":"https:\/\/agora.xtec.cat\/ielesvinyes\/wp-json\/wp\/v2\/users\/52"}],"replies":[{"embeddable":true,"href":"https:\/\/agora.xtec.cat\/ielesvinyes\/wp-json\/wp\/v2\/comments?post=2553"}],"version-history":[{"count":1,"href":"https:\/\/agora.xtec.cat\/ielesvinyes\/wp-json\/wp\/v2\/posts\/2553\/revisions"}],"predecessor-version":[{"id":6186,"href":"https:\/\/agora.xtec.cat\/ielesvinyes\/wp-json\/wp\/v2\/posts\/2553\/revisions\/6186"}],"wp:attachment":[{"href":"https:\/\/agora.xtec.cat\/ielesvinyes\/wp-json\/wp\/v2\/media?parent=2553"}],"wp:term":[{"taxonomy":"category","embeddable":true,"href":"https:\/\/agora.xtec.cat\/ielesvinyes\/wp-json\/wp\/v2\/categories?post=2553"},{"taxonomy":"post_tag","embeddable":true,"href":"https:\/\/agora.xtec.cat\/ielesvinyes\/wp-json\/wp\/v2\/tags?post=2553"}],"curies":[{"name":"wp","href":"https:\/\/api.w.org\/{rel}","templated":true}]}}