{"id":2469,"date":"2015-06-29T10:18:17","date_gmt":"2015-06-29T08:18:17","guid":{"rendered":"http:\/\/ampa.ielesvinyes.net\/stage1\/?p=2469"},"modified":"2020-02-03T18:53:18","modified_gmt":"2020-02-03T17:53:18","slug":"gracies-per-assistir-al-sopar","status":"publish","type":"post","link":"https:\/\/agora.xtec.cat\/ielesvinyes\/afa\/gracies-per-assistir-al-sopar\/","title":{"rendered":"Gr\u00e0cies per assistir al sopar!"},"content":{"rendered":"<p style=\"text-align: justify;\">El passat divendres 19 de juny vam celebrar el tradicional sopar de Comunitat Educativa que des de fa 4 anys anem repetint curs rere curs. Enguany ens vam aplegar prop de 570 persones, tot compartint \u00e0pats, viv\u00e8ncies i rialles.<\/p>\n<p style=\"text-align: justify;\"><img loading=\"lazy\" decoding=\"async\" class=\" size-full wp-image-2470 aligncenter\" src=\"http:\/\/ampa.ielesvinyes.net\/stage1\/wp-content\/uploads\/2015\/06\/Sopar-Juny-2015.jpg\" alt=\"Sopar - Juny 2015\" width=\"1181\" height=\"545\" \/><\/p>\n<p style=\"text-align: justify;\">El sopar d&#8217;aquest any anava dedicat a:<\/p>\n<ul>\n<li style=\"text-align: justify;\">La primera promoci\u00f3 d&#8217;ESO que surt aquest any del Centre. El nostre vicepresident, Joan Comellas, va ser l&#8217;encarregat de dedicar unes paraules a aquests alumnes:<\/li>\n<\/ul>\n<p style=\"text-align: justify; padding-left: 30px;\"><span style=\"color: #857d7d;\"><em>&#8220;Per els alumnes de 4t d\u2019ESO, la primera promoci\u00f3 de l&#8217;IE Les Vinyes, que estant vivint els \u00faltims moments d\u2019aquest viatge amb aquesta escola.<\/em><\/span><br \/>\n<span style=\"color: #857d7d;\"><em>Nom\u00e9s ens queda felicitar-vos a tots i desitjar-vos molta sort. I que tots plegats puguem complir els nostres somnis i els nostres objectius. <\/em><\/span><br \/>\n<span style=\"color: #857d7d;\"><em>Tots junts hem fet un cam\u00ed que ens ha ajudat a cr\u00e9ixer i ens ha donat l\u2019oportunitat de compartir aquesta experi\u00e8ncia de l\u2019educaci\u00f3, amb tota la comunitat educativa, una gran fam\u00edlia, d\u2019una petita escola, amb un gran projecte educatiu. <\/em><\/span><br \/>\n<span style=\"color: #857d7d;\"><em>Moltes gr\u00e0cies a tots.&#8221;<\/em><\/span><\/p>\n<p style=\"text-align: justify;\"><img loading=\"lazy\" decoding=\"async\" class=\" size-full wp-image-2472 aligncenter\" src=\"http:\/\/ampa.ielesvinyes.net\/stage1\/wp-content\/uploads\/2015\/06\/Promoci\u00f3-ESO-2011-2015.jpg\" alt=\"Promoci\u00f3 ESO 2011-2015\" width=\"611\" height=\"226\" \/><\/p>\n<ul>\n<li style=\"text-align: justify;\">I a totes les persones que, d&#8217;una manera o altra,\u00a0han\u00a0participat en la continu\u00eftat\u00a0de la l\u00ednia de P3 i en el projecte 3-16 que ens caracteritza. La nostra presidenta, Meritxell Belchi, va dedicar aquestes paraules:<\/li>\n<\/ul>\n<p style=\"text-align: justify; padding-left: 30px;\"><span style=\"color: #857d7d;\"><em>&#8220;Un 12 de novembre de fa un any i mig llarg, els nostres fills van arribar a casa amb una nota a la motxilla, una nota amb una molt mala not\u00edcia. <\/em><\/span><br \/>\n<span style=\"color: #857d7d;\"><em>Alg\u00fa havia decidit que el nostre Institut-Escola no podia seguir creixent i havia de morir. Una decisi\u00f3 injusta i sense sentit. <\/em><\/span><br \/>\n<span style=\"color: #857d7d;\"><em>Alg\u00fa ens va dir \u201cara tot dep\u00e8n de vosaltres\u201d i\u2026 a Les Vinyes vam fer pinya, i tant!<\/em><\/span><br \/>\n<span style=\"color: #857d7d;\"><em>El 15 de novembre es va celebrar la 1a Assemblea de la plataforma \u201cFem Cr\u00e9ixer Les Vinyes\u201d, amb m\u00e9s de 50 pares i mares reunits i decidits a aconseguir un objectiu com\u00fa, la continu\u00eftat de Les Vinyes.<\/em><\/span><br \/>\n<span style=\"color: #857d7d;\"><em>Despr\u00e9s de moltes nits, hores, esperances, il\u00b7lusi\u00f3, neguits, complicitats i molts esfor\u00e7os emprats, la nostra lluita va donar el seu fruit.<\/em><\/span><br \/>\n<span style=\"color: #857d7d;\"><em>Ei, pares i mares! D\u2019una cosa podeu estar ben segurs, si aquella 1a Assemblea no s\u2019hagu\u00e9s fet, no ho hagu\u00e9ssim aconseguit, moltes gr\u00e0cies a tots per fer-ho possible.&#8221;<\/em><\/span><\/p>\n<p style=\"text-align: justify; padding-left: 30px;\">En acabar, en Dani Macho com a\u00a0representant de la Plataforma va fer entrega d&#8217;una\u00a0litografia\u00a0a la direcci\u00f3 del Centre, en record d&#8217;aquesta etapa ja passada&#8230;<\/p>\n<p style=\"text-align: justify;\"><img loading=\"lazy\" decoding=\"async\" class=\" size-full wp-image-2484 aligncenter\" src=\"http:\/\/ampa.ielesvinyes.net\/stage1\/wp-content\/uploads\/2015\/06\/Entrega-litografia-juny-2015.jpg\" alt=\"Entrega litografia - juny 2015\" width=\"1181\" height=\"768\" \/><\/p>\n<h5 style=\"text-align: justify;\"><span style=\"color: #000000;\"><strong>Esperem que gaud\u00edssiu de la vetllada!<\/strong><\/span><\/h5>\n<p style=\"text-align: justify;\">Nom\u00e9s ens queda donar les gr\u00e0cies a totes les persones que van participar en l&#8217;organitzaci\u00f3 del sopar. Sense tots ells, la festa no hagu\u00e9s estat possible!<\/p>\n<p style=\"text-align: justify;\"><img loading=\"lazy\" decoding=\"async\" class=\" size-full wp-image-2473 aligncenter\" src=\"http:\/\/ampa.ielesvinyes.net\/stage1\/wp-content\/uploads\/2015\/06\/gracies.jpg\" alt=\"gracies\" width=\"912\" height=\"301\" \/><\/p>\n<p style=\"text-align: justify;\">\n","protected":false},"excerpt":{"rendered":"<p>El passat divendres 19 de juny vam celebrar el tradicional sopar de Comunitat Educativa que des de fa 4 anys anem repetint curs rere curs. Enguany ens vam aplegar prop de 570 persones, tot compartint \u00e0pats, viv\u00e8ncies i rialles. El sopar d&#8217;aquest any anava dedicat a: La primera promoci\u00f3 d&#8217;ESO que surt aquest any del [&hellip;]<\/p>\n","protected":false},"author":52,"featured_media":0,"comment_status":"open","ping_status":"closed","sticky":false,"template":"","format":"standard","meta":{"_bbp_topic_count":0,"_bbp_reply_count":0,"_bbp_total_topic_count":0,"_bbp_total_reply_count":0,"_bbp_voice_count":0,"_bbp_anonymous_reply_count":0,"_bbp_topic_count_hidden":0,"_bbp_reply_count_hidden":0,"_bbp_forum_subforum_count":0,"site-sidebar-layout":"default","site-content-layout":"","ast-site-content-layout":"","site-content-style":"default","site-sidebar-style":"default","ast-global-header-display":"","ast-banner-title-visibility":"","ast-main-header-display":"","ast-hfb-above-header-display":"","ast-hfb-below-header-display":"","ast-hfb-mobile-header-display":"","site-post-title":"","ast-breadcrumbs-content":"","ast-featured-img":"","footer-sml-layout":"","theme-transparent-header-meta":"","adv-header-id-meta":"","stick-header-meta":"","header-above-stick-meta":"","header-main-stick-meta":"","header-below-stick-meta":"","astra-migrate-meta-layouts":"default","ast-page-background-enabled":"default","ast-page-background-meta":{"desktop":{"background-color":"var(--ast-global-color-4)","background-image":"","background-repeat":"repeat","background-position":"center center","background-size":"auto","background-attachment":"scroll","background-type":"","background-media":"","overlay-type":"","overlay-color":"","overlay-opacity":"","overlay-gradient":""},"tablet":{"background-color":"","background-image":"","background-repeat":"repeat","background-position":"center center","background-size":"auto","background-attachment":"scroll","background-type":"","background-media":"","overlay-type":"","overlay-color":"","overlay-opacity":"","overlay-gradient":""},"mobile":{"background-color":"","background-image":"","background-repeat":"repeat","background-position":"center center","background-size":"auto","background-attachment":"scroll","background-type":"","background-media":"","overlay-type":"","overlay-color":"","overlay-opacity":"","overlay-gradient":""}},"ast-content-background-meta":{"desktop":{"background-color":"var(--ast-global-color-5)","background-image":"","background-repeat":"repeat","background-position":"center center","background-size":"auto","background-attachment":"scroll","background-type":"","background-media":"","overlay-type":"","overlay-color":"","overlay-opacity":"","overlay-gradient":""},"tablet":{"background-color":"var(--ast-global-color-5)","background-image":"","background-repeat":"repeat","background-position":"center center","background-size":"auto","background-attachment":"scroll","background-type":"","background-media":"","overlay-type":"","overlay-color":"","overlay-opacity":"","overlay-gradient":""},"mobile":{"background-color":"var(--ast-global-color-5)","background-image":"","background-repeat":"repeat","background-position":"center center","background-size":"auto","background-attachment":"scroll","background-type":"","background-media":"","overlay-type":"","overlay-color":"","overlay-opacity":"","overlay-gradient":""}},"footnotes":""},"categories":[111,31,471],"tags":[],"class_list":["post-2469","post","type-post","status-publish","format-standard","hentry","category-2014-15","category-afa","category-noticies-afa"],"post_mailing_queue_ids":[],"_links":{"self":[{"href":"https:\/\/agora.xtec.cat\/ielesvinyes\/wp-json\/wp\/v2\/posts\/2469","targetHints":{"allow":["GET"]}}],"collection":[{"href":"https:\/\/agora.xtec.cat\/ielesvinyes\/wp-json\/wp\/v2\/posts"}],"about":[{"href":"https:\/\/agora.xtec.cat\/ielesvinyes\/wp-json\/wp\/v2\/types\/post"}],"author":[{"embeddable":true,"href":"https:\/\/agora.xtec.cat\/ielesvinyes\/wp-json\/wp\/v2\/users\/52"}],"replies":[{"embeddable":true,"href":"https:\/\/agora.xtec.cat\/ielesvinyes\/wp-json\/wp\/v2\/comments?post=2469"}],"version-history":[{"count":1,"href":"https:\/\/agora.xtec.cat\/ielesvinyes\/wp-json\/wp\/v2\/posts\/2469\/revisions"}],"predecessor-version":[{"id":5426,"href":"https:\/\/agora.xtec.cat\/ielesvinyes\/wp-json\/wp\/v2\/posts\/2469\/revisions\/5426"}],"wp:attachment":[{"href":"https:\/\/agora.xtec.cat\/ielesvinyes\/wp-json\/wp\/v2\/media?parent=2469"}],"wp:term":[{"taxonomy":"category","embeddable":true,"href":"https:\/\/agora.xtec.cat\/ielesvinyes\/wp-json\/wp\/v2\/categories?post=2469"},{"taxonomy":"post_tag","embeddable":true,"href":"https:\/\/agora.xtec.cat\/ielesvinyes\/wp-json\/wp\/v2\/tags?post=2469"}],"curies":[{"name":"wp","href":"https:\/\/api.w.org\/{rel}","templated":true}]}}