{"id":2468,"date":"2015-11-16T12:21:10","date_gmt":"2015-11-16T10:21:10","guid":{"rendered":"http:\/\/ielesvinyes.net\/?p=2468"},"modified":"2015-11-16T12:21:10","modified_gmt":"2015-11-16T10:21:10","slug":"les-vinyes-diu-no-a-la-violencia","status":"publish","type":"post","link":"https:\/\/agora.xtec.cat\/ielesvinyes\/2015-16\/les-vinyes-diu-no-a-la-violencia\/","title":{"rendered":"Les Vinyes diu &quot;No a la viol\u00e8ncia!!&quot;"},"content":{"rendered":"<figure style=\"width: 233px\" class=\"wp-caption alignleft\"><img loading=\"lazy\" decoding=\"async\" src=\"https:\/\/pbs.twimg.com\/media\/CT6i1nHXAAAQUUP.jpg\" alt=\"\" width=\"233\" height=\"215\" \/><figcaption class=\"wp-caption-text\">Imatge del &#8220;Bon dia&#8221;<\/figcaption><\/figure>\n<p>Aquest mat\u00ed a l\u2019Institut-Escola hem procurat posar un granet de sorra en la lluita contra tot tipus de viol\u00e8ncia que amena\u00e7a el m\u00f3n.<\/p>\n<p>Hem comen\u00e7at la jornada amb un Bon dia per a reflexionar sobre el tema i veure qu\u00e8 hi podem fer.<\/p>\n<p>A les 9:50 h hem baixat al pati, i conjuntament l\u2019 alumnat i el professorat de Prim\u00e0ria i de Secund\u00e0ria hem fet un minut de silenci dibuixant amb els nostres cossos el s\u00edmbol de la Pau.<\/p>\n<p>Tot plegat perqu\u00e8 volem que se senti ben fort i als quatre costats del m\u00f3n, que<\/p>\n<p>A LES VINYES REBUTGEM LA VIOL\u00c8NCIA I ENS SOLIDARITZEM AMB TOTES LES V\u00cdCTIMES DE LES DICTADURES, LES GUERRES I ELS ATEMPTATS.<\/p>\n<figure style=\"width: 560px\" class=\"wp-caption alignnone\"><img loading=\"lazy\" decoding=\"async\" src=\"https:\/\/pbs.twimg.com\/media\/CT7QLV1WsAE5ibd.jpg:large\" alt=\"\" width=\"560\" height=\"345\" \/><figcaption class=\"wp-caption-text\">S\u00edmbol de la pau al pati de Les Vinyes<\/figcaption><\/figure>\n<p>&nbsp;<\/p>\n<p>&nbsp;<\/p>\n","protected":false},"excerpt":{"rendered":"<p>Aquest mat\u00ed a l\u2019Institut-Escola hem procurat posar un granet de sorra en la lluita contra tot tipus de viol\u00e8ncia que amena\u00e7a el m\u00f3n. Hem comen\u00e7at la jornada amb un Bon dia per a reflexionar sobre el tema i veure qu\u00e8 hi podem fer. A les 9:50 h hem baixat al pati, i conjuntament l\u2019 alumnat [&hellip;]<\/p>\n","protected":false},"author":6,"featured_media":0,"comment_status":"open","ping_status":"open","sticky":false,"template":"","format":"standard","meta":{"_bbp_topic_count":0,"_bbp_reply_count":0,"_bbp_total_topic_count":0,"_bbp_total_reply_count":0,"_bbp_voice_count":0,"_bbp_anonymous_reply_count":0,"_bbp_topic_count_hidden":0,"_bbp_reply_count_hidden":0,"_bbp_forum_subforum_count":0,"site-sidebar-layout":"default","site-content-layout":"","ast-site-content-layout":"","site-content-style":"default","site-sidebar-style":"default","ast-global-header-display":"","ast-banner-title-visibility":"","ast-main-header-display":"","ast-hfb-above-header-display":"","ast-hfb-below-header-display":"","ast-hfb-mobile-header-display":"","site-post-title":"","ast-breadcrumbs-content":"","ast-featured-img":"","footer-sml-layout":"","theme-transparent-header-meta":"","adv-header-id-meta":"","stick-header-meta":"","header-above-stick-meta":"","header-main-stick-meta":"","header-below-stick-meta":"","astra-migrate-meta-layouts":"default","ast-page-background-enabled":"default","ast-page-background-meta":{"desktop":{"background-color":"var(--ast-global-color-4)","background-image":"","background-repeat":"repeat","background-position":"center center","background-size":"auto","background-attachment":"scroll","background-type":"","background-media":"","overlay-type":"","overlay-color":"","overlay-opacity":"","overlay-gradient":""},"tablet":{"background-color":"","background-image":"","background-repeat":"repeat","background-position":"center center","background-size":"auto","background-attachment":"scroll","background-type":"","background-media":"","overlay-type":"","overlay-color":"","overlay-opacity":"","overlay-gradient":""},"mobile":{"background-color":"","background-image":"","background-repeat":"repeat","background-position":"center center","background-size":"auto","background-attachment":"scroll","background-type":"","background-media":"","overlay-type":"","overlay-color":"","overlay-opacity":"","overlay-gradient":""}},"ast-content-background-meta":{"desktop":{"background-color":"var(--ast-global-color-5)","background-image":"","background-repeat":"repeat","background-position":"center center","background-size":"auto","background-attachment":"scroll","background-type":"","background-media":"","overlay-type":"","overlay-color":"","overlay-opacity":"","overlay-gradient":""},"tablet":{"background-color":"var(--ast-global-color-5)","background-image":"","background-repeat":"repeat","background-position":"center center","background-size":"auto","background-attachment":"scroll","background-type":"","background-media":"","overlay-type":"","overlay-color":"","overlay-opacity":"","overlay-gradient":""},"mobile":{"background-color":"var(--ast-global-color-5)","background-image":"","background-repeat":"repeat","background-position":"center center","background-size":"auto","background-attachment":"scroll","background-type":"","background-media":"","overlay-type":"","overlay-color":"","overlay-opacity":"","overlay-gradient":""}},"footnotes":""},"categories":[112],"tags":[],"class_list":["post-2468","post","type-post","status-publish","format-standard","hentry","category-2015-16"],"post_mailing_queue_ids":[],"_links":{"self":[{"href":"https:\/\/agora.xtec.cat\/ielesvinyes\/wp-json\/wp\/v2\/posts\/2468","targetHints":{"allow":["GET"]}}],"collection":[{"href":"https:\/\/agora.xtec.cat\/ielesvinyes\/wp-json\/wp\/v2\/posts"}],"about":[{"href":"https:\/\/agora.xtec.cat\/ielesvinyes\/wp-json\/wp\/v2\/types\/post"}],"author":[{"embeddable":true,"href":"https:\/\/agora.xtec.cat\/ielesvinyes\/wp-json\/wp\/v2\/users\/6"}],"replies":[{"embeddable":true,"href":"https:\/\/agora.xtec.cat\/ielesvinyes\/wp-json\/wp\/v2\/comments?post=2468"}],"version-history":[{"count":0,"href":"https:\/\/agora.xtec.cat\/ielesvinyes\/wp-json\/wp\/v2\/posts\/2468\/revisions"}],"wp:attachment":[{"href":"https:\/\/agora.xtec.cat\/ielesvinyes\/wp-json\/wp\/v2\/media?parent=2468"}],"wp:term":[{"taxonomy":"category","embeddable":true,"href":"https:\/\/agora.xtec.cat\/ielesvinyes\/wp-json\/wp\/v2\/categories?post=2468"},{"taxonomy":"post_tag","embeddable":true,"href":"https:\/\/agora.xtec.cat\/ielesvinyes\/wp-json\/wp\/v2\/tags?post=2468"}],"curies":[{"name":"wp","href":"https:\/\/api.w.org\/{rel}","templated":true}]}}