{"id":2460,"date":"2015-11-09T09:58:30","date_gmt":"2015-11-09T07:58:30","guid":{"rendered":"http:\/\/ielesvinyes.net\/?p=2460"},"modified":"2015-11-09T09:58:30","modified_gmt":"2015-11-09T07:58:30","slug":"projectes-transversals-a-leso-de-les-vinyes","status":"publish","type":"post","link":"https:\/\/agora.xtec.cat\/ielesvinyes\/2015-16\/projectes-transversals-a-leso-de-les-vinyes\/","title":{"rendered":"Projectes transversals a l\u2019ESO de Les Vinyes"},"content":{"rendered":"<p>Arrenca la quinzena dels projectes transversals a l&#8217;ESO amb les presentacions i els reptes preparats pels equips docents del centre.\u00a0 Aquests projectes que fem amb tota una promoci\u00f3 estan concebuts per a desenvolupar <strong>aprenentatges competencials i el treball en equip<\/strong>. Aquests s\u00f3n els que hem iniciat:<\/p>\n<p><strong><span style=\"color: #ff0000;\">Projecte itineraris 2015 &#8211; 1r ESO<\/span><\/strong><\/p>\n<p>El projecte <a href=\"http:\/\/itineraris2015.ielesvinyes.net\/\" target=\"_blank\">#Itineraris2015<\/a> \u00e9s una reedici\u00f3 \u2013 corregida i augmentada! \u2013 del projecte trimestral <a href=\"http:\/\/itineraris.ielesvinyes.net\/\" target=\"_blank\">#Itineraris2014<\/a> que fa l\u2019alumnat de 1r d\u2019ESO per a desenvolupar aprenentatges competencials, especialment en els seg\u00fcents \u00e0mbits del nou curr\u00edculum: \u00e0mbit ling\u00fc\u00edstic, \u00e0mbit social, \u00e0mbit de cultura i valors, \u00e0mbit digital i \u00e0mbit personal i social. Seguiu-lo al twitter a <a href=\"https:\/\/twitter.com\/hashtag\/itineraris2015?f=tweets&amp;vertical=default&amp;src=hash\" target=\"_blank\">#itineraris2015<\/a><\/p>\n<p><strong><span style=\"color: #ff0000;\">Projecte Documental cient\u00edfic 2015 &#8211; 2n ESO<\/span><\/strong><\/p>\n<p><a href=\"http:\/\/agora.xtec.cat\/ielesvinyes\/wp-content\/uploads\/usu1433\/2015\/11\/s\u00f2ls.jpg\"><img loading=\"lazy\" decoding=\"async\" class=\"size-medium wp-image-2461 alignleft\" src=\"http:\/\/agora.xtec.cat\/ielesvinyes\/wp-content\/uploads\/usu1433\/2015\/11\/s\u00f2ls-300x160.jpg\" alt=\"s\u00f2ls\" width=\"300\" height=\"160\" \/><\/a>Les Nacions Unides, a proposta de la FAO, entitat que vetlla per l&#8217;agricultura i l&#8217;alimentaci\u00f3 al m\u00f3n, ha declarat l&#8217;any 2015 com a <a href=\"http:\/\/www.fao.org\/soils-2015\/es\/\" target=\"_blank\">Any internacional dels S\u00f2ls<\/a> per a\u00a0 sensibilitzar a la poblaci\u00f3 de la import\u00e0ncia de preservar aquest recurs natural que \u00e9s la base de l&#8217;alimentaci\u00f3 i dels ecosistemes. Per aquest motiu, el documental de 2n d&#8217;ESO d\u00f3na resposta audiovisual a les q\u00fcestions cient\u00edfiques proposades per l&#8217;alumnat de prim\u00e0ria i totes les preguntes giraran a l&#8217;entorn dels s\u00f2ls.\u00a0Seguiu-lo al twitter a <a href=\"https:\/\/twitter.com\/search?f=tweets&amp;vertical=default&amp;q=%23documental2015&amp;src=typd\" target=\"_blank\">#documental2015<\/a><\/p>\n<p><strong><span style=\"color: #ff0000;\">Projecte Telenot\u00edcies 2015 &#8211; 3r ESO<\/span><\/strong><\/p>\n<p>El projecte Telenot\u00edcies 2015 de 3r d&#8217;ESO est\u00e0 centrat en\u00a0 l&#8217;actualitat i tindr\u00e0 com a tema transversal la propera <a href=\"http:\/\/www.cop21.gouv.fr\/\" target=\"_blank\">cimera mundial sobre el canvi clim\u00e0tic<\/a> que tindr\u00e0 lloc a Par\u00eds properament. Els 90 alumnes de 3r faran tres edicions del telenot\u00edcies: matinal, de migdia i nocturna. Seguiu-lo al twitter a <a href=\"https:\/\/twitter.com\/search?f=tweets&amp;vertical=default&amp;q=%23telenot%C3%ADcies2015&amp;src=typd\" target=\"_blank\">#telenot\u00edcies2015<\/a><\/p>\n<p><strong><span style=\"color: #ff0000;\">Projecte Acte solidari &#8211; 4t ESO<\/span><\/strong><\/p>\n<p>L&#8217;alumnat de 4t d&#8217;ESO organitzar\u00e0 un acte solidari a Castellbisbal per prendre consci\u00e8ncia de la situaci\u00f3 de les persones refugiades a Europa. A partir dels antecedents hist\u00f2rics, abordaran la greu situaci\u00f3 que la poblaci\u00f3 de S\u00edria est\u00e0 patint i treballaran per comprendre a fons el tema dels refugiats i comunicar-lo a la comunitat educativa. Per a formular-nos la pregunta: qu\u00e8 podem fer nosaltres i qu\u00e8 pot fer Castellbisbal? Us esperem a tots a l&#8217;acte solidari de tancament que farem la tara del dimecres 18 de novembre, a la pla\u00e7a de la vila.\u00a0Seguiu-lo al twitter a <a href=\"https:\/\/twitter.com\/search?f=tweets&amp;vertical=default&amp;q=%23actesolidari2015&amp;src=typd\" target=\"_blank\">#actesolidari2015<\/a><\/p>\n<figure id=\"attachment_2462\" aria-describedby=\"caption-attachment-2462\" style=\"width: 303px\" class=\"wp-caption aligncenter\"><img loading=\"lazy\" decoding=\"async\" class=\"wp-image-2462 \" src=\"http:\/\/agora.xtec.cat\/ielesvinyes\/wp-content\/uploads\/usu1433\/2015\/11\/itineraris.jpg\" alt=\"itineraris\" width=\"303\" height=\"263\" srcset=\"https:\/\/agora.xtec.cat\/ielesvinyes\/wp-content\/uploads\/usu1433\/2015\/11\/itineraris.jpg 466w, https:\/\/agora.xtec.cat\/ielesvinyes\/wp-content\/uploads\/usu1433\/2015\/11\/itineraris-300x260.jpg 300w\" sizes=\"auto, (max-width: 303px) 100vw, 303px\" \/><figcaption id=\"caption-attachment-2462\" class=\"wp-caption-text\">Projecte Itineraris, una ruta pel rodal amb m\u00f2bils<\/figcaption><\/figure>\n","protected":false},"excerpt":{"rendered":"<p>Arrenca la quinzena dels projectes transversals a l&#8217;ESO amb les presentacions i els reptes preparats pels equips docents del centre.\u00a0 Aquests projectes que fem amb tota una promoci\u00f3 estan concebuts per a desenvolupar aprenentatges competencials i el treball en equip. Aquests s\u00f3n els que hem iniciat: Projecte itineraris 2015 &#8211; 1r ESO El projecte #Itineraris2015 [&hellip;]<\/p>\n","protected":false},"author":6,"featured_media":2462,"comment_status":"open","ping_status":"open","sticky":false,"template":"","format":"standard","meta":{"_bbp_topic_count":0,"_bbp_reply_count":0,"_bbp_total_topic_count":0,"_bbp_total_reply_count":0,"_bbp_voice_count":0,"_bbp_anonymous_reply_count":0,"_bbp_topic_count_hidden":0,"_bbp_reply_count_hidden":0,"_bbp_forum_subforum_count":0,"site-sidebar-layout":"default","site-content-layout":"","ast-site-content-layout":"","site-content-style":"default","site-sidebar-style":"default","ast-global-header-display":"","ast-banner-title-visibility":"","ast-main-header-display":"","ast-hfb-above-header-display":"","ast-hfb-below-header-display":"","ast-hfb-mobile-header-display":"","site-post-title":"","ast-breadcrumbs-content":"","ast-featured-img":"","footer-sml-layout":"","theme-transparent-header-meta":"","adv-header-id-meta":"","stick-header-meta":"","header-above-stick-meta":"","header-main-stick-meta":"","header-below-stick-meta":"","astra-migrate-meta-layouts":"default","ast-page-background-enabled":"default","ast-page-background-meta":{"desktop":{"background-color":"var(--ast-global-color-4)","background-image":"","background-repeat":"repeat","background-position":"center center","background-size":"auto","background-attachment":"scroll","background-type":"","background-media":"","overlay-type":"","overlay-color":"","overlay-opacity":"","overlay-gradient":""},"tablet":{"background-color":"","background-image":"","background-repeat":"repeat","background-position":"center center","background-size":"auto","background-attachment":"scroll","background-type":"","background-media":"","overlay-type":"","overlay-color":"","overlay-opacity":"","overlay-gradient":""},"mobile":{"background-color":"","background-image":"","background-repeat":"repeat","background-position":"center center","background-size":"auto","background-attachment":"scroll","background-type":"","background-media":"","overlay-type":"","overlay-color":"","overlay-opacity":"","overlay-gradient":""}},"ast-content-background-meta":{"desktop":{"background-color":"var(--ast-global-color-5)","background-image":"","background-repeat":"repeat","background-position":"center center","background-size":"auto","background-attachment":"scroll","background-type":"","background-media":"","overlay-type":"","overlay-color":"","overlay-opacity":"","overlay-gradient":""},"tablet":{"background-color":"var(--ast-global-color-5)","background-image":"","background-repeat":"repeat","background-position":"center center","background-size":"auto","background-attachment":"scroll","background-type":"","background-media":"","overlay-type":"","overlay-color":"","overlay-opacity":"","overlay-gradient":""},"mobile":{"background-color":"var(--ast-global-color-5)","background-image":"","background-repeat":"repeat","background-position":"center center","background-size":"auto","background-attachment":"scroll","background-type":"","background-media":"","overlay-type":"","overlay-color":"","overlay-opacity":"","overlay-gradient":""}},"footnotes":""},"categories":[112,301],"tags":[149,151,349,157,327],"class_list":["post-2460","post","type-post","status-publish","format-standard","has-post-thumbnail","hentry","category-2015-16","category-secundaria","tag-actesolidari2015","tag-documental2015","tag-itineraris2015","tag-telenoticies2015","tag-projectes"],"post_mailing_queue_ids":[],"_links":{"self":[{"href":"https:\/\/agora.xtec.cat\/ielesvinyes\/wp-json\/wp\/v2\/posts\/2460","targetHints":{"allow":["GET"]}}],"collection":[{"href":"https:\/\/agora.xtec.cat\/ielesvinyes\/wp-json\/wp\/v2\/posts"}],"about":[{"href":"https:\/\/agora.xtec.cat\/ielesvinyes\/wp-json\/wp\/v2\/types\/post"}],"author":[{"embeddable":true,"href":"https:\/\/agora.xtec.cat\/ielesvinyes\/wp-json\/wp\/v2\/users\/6"}],"replies":[{"embeddable":true,"href":"https:\/\/agora.xtec.cat\/ielesvinyes\/wp-json\/wp\/v2\/comments?post=2460"}],"version-history":[{"count":0,"href":"https:\/\/agora.xtec.cat\/ielesvinyes\/wp-json\/wp\/v2\/posts\/2460\/revisions"}],"wp:featuredmedia":[{"embeddable":true,"href":"https:\/\/agora.xtec.cat\/ielesvinyes\/wp-json\/wp\/v2\/media\/2462"}],"wp:attachment":[{"href":"https:\/\/agora.xtec.cat\/ielesvinyes\/wp-json\/wp\/v2\/media?parent=2460"}],"wp:term":[{"taxonomy":"category","embeddable":true,"href":"https:\/\/agora.xtec.cat\/ielesvinyes\/wp-json\/wp\/v2\/categories?post=2460"},{"taxonomy":"post_tag","embeddable":true,"href":"https:\/\/agora.xtec.cat\/ielesvinyes\/wp-json\/wp\/v2\/tags?post=2460"}],"curies":[{"name":"wp","href":"https:\/\/api.w.org\/{rel}","templated":true}]}}