{"id":2419,"date":"2015-10-26T13:36:05","date_gmt":"2015-10-26T11:36:05","guid":{"rendered":"http:\/\/ielesvinyes.net\/?p=2419"},"modified":"2018-04-03T15:21:21","modified_gmt":"2018-04-03T13:21:21","slug":"el-curs-2015-2016-en-marxa-ens-trobem","status":"publish","type":"post","link":"https:\/\/agora.xtec.cat\/ielesvinyes\/etapes\/infipri\/el-curs-2015-2016-en-marxa-ens-trobem\/","title":{"rendered":"El curs 2015-2016 en marxa, ens trobem?"},"content":{"rendered":"<p>L&#8217;escola ja bull en el seu dia a dia, tant a infantil com a prim\u00e0ria. Les Tortugues\u00a0de P3 ja treballen de valent, igualment que les Papallones\u00a0de P4 i el Dofins\u00a0de P5. A prim\u00e0ria tamb\u00e9 estem iniciant els projectes de cada classe:\u00a0els Guepards de 1r, les \u00c0ligues de 2n A, els Cient\u00edfics de 2n B, els Superf\u00f2ssils de 3r A i els Exploradors de 3r B.<\/p>\n<p>&nbsp;<\/p>\n<p><a title=\"Treballs globalitzats ESO\" href=\"https:\/\/www.flickr.com\/photos\/ielesvinyes\/albums\/72157660163489562\" data-flickr-embed=\"true\" data-footer=\"true\"><img loading=\"lazy\" decoding=\"async\" class=\"alignleft\" src=\"https:\/\/farm1.staticflickr.com\/636\/22060234489_7ed5072257_n.jpg\" alt=\"Treballs globalitzats ESO\" width=\"320\" height=\"240\" \/><\/a><\/p>\n<p>A l&#8217;ESO hem finalitzat la primera onada de\u00a0treballs globalitzats. \ud83d\ude42<\/p>\n<p>A 1r\u00a0d&#8217;ESO hem acabat\u00a0el <em>Connectats 2015<\/em> a l&#8217;entorn de la pregunta<strong> &#8220;Val la pena connectar-nos?<\/strong>&#8221; i la incorporaci\u00f3 dels ordinadors com a eina personal de treball de l&#8217;alumnat. A 2n\u00a0d&#8217;ESO ens hem preguntat <strong>&#8220;Existeix l&#8217;env\u00e0s perfecte?&#8221;<\/strong>, mentre que a 3r d&#8217;ESO tot ha girat a l&#8217;entorn de la pregunta <strong>&#8220;M\u00f2bils High Tech, vides Low Cost?&#8221;<\/strong>. A 4t d&#8217;ESO ens hem centrat en <strong>la industrialitzaci\u00f3<\/strong> i encara hi estem treballant!<\/p>\n<p><script src=\"\/\/embedr.flickr.com\/assets\/client-code.js\" async=\"\" charset=\"utf-8\"><\/script><\/p>\n<p>Toca doncs, contactar amb les fam\u00edlies i presentar el curs a tota la comunitat educativa. Com que som molt i diversos tenim un calendari molt farcit de reunions! Cerqueu la vostra reuni\u00f3 <strong>i no hi falteu!<\/strong><\/p>\n<p style=\"padding-left: 30px;\"><strong>Educaci\u00f3 Infantil<\/strong><\/p>\n<p style=\"padding-left: 30px;\">Reuni\u00f3 de fam\u00edlies P5 &#8211; Dilluns 19 d\u2019octubre<br \/>\nReuni\u00f3 de fam\u00edlies P4 &#8211; Dimarts 20 d\u2019octubre<br \/>\nReuni\u00f3 de fam\u00edlies P3 &#8211; Dimarts 3 de novembre<\/p>\n<p style=\"padding-left: 30px;\"><strong>Educaci\u00f3 Prim\u00e0ria<\/strong><\/p>\n<p style=\"padding-left: 30px;\">Reuni\u00f3 de fam\u00edlies de 1r &#8211; Dimecres 21 d\u2019octubre<br \/>\nReuni\u00f3 de fam\u00edlies de 2n &#8211; Dijous 22 d\u2019octubre<br \/>\nReuni\u00f3 de fam\u00edlies de 3r &#8211; Dimarts 27 d\u2019octubre<\/p>\n<p style=\"padding-left: 30px;\"><strong>Educaci\u00f3 Secund\u00e0ria<\/strong><\/p>\n<p style=\"padding-left: 30px;\">Reunions de fam\u00edlies de 2n d\u2019ESO &#8211; Dilluns 26 d\u2019octubre<br \/>\nReunions de fam\u00edlies de 3r d\u2019ESO &#8211; Dimecres 28 d\u2019octubre<br \/>\nReunions de fam\u00edlies de 4t d\u2019ESO &#8211; Dilluns 2 de novembre<br \/>\nReunions de fam\u00edlies de 1r d\u2019ESO &#8211; Dimecres 4 de novembre<\/p>\n<p>Us demanem que els alumnes no hi assisteixin.<\/p>\n<p>Per la import\u00e0ncia que t\u00e9 per a tots i totes, us hi esperem. Les fam\u00edlies de l&#8217;ESO haureu rebut una carta en paper a trav\u00e9s dels vostres fills\/es . Us demanem que retorneu la part inferior degudament signada.<\/p>\n","protected":false},"excerpt":{"rendered":"<p>L&#8217;escola ja bull en el seu dia a dia, tant a infantil com a prim\u00e0ria. Les Tortugues\u00a0de P3 ja treballen de valent, igualment que les Papallones\u00a0de P4 i el Dofins\u00a0de P5. A prim\u00e0ria tamb\u00e9 estem iniciant els projectes de cada classe:\u00a0els Guepards de 1r, les \u00c0ligues de 2n A, els Cient\u00edfics de 2n B, els [&hellip;]<\/p>\n","protected":false},"author":1,"featured_media":0,"comment_status":"open","ping_status":"open","sticky":false,"template":"","format":"standard","meta":{"_bbp_topic_count":0,"_bbp_reply_count":0,"_bbp_total_topic_count":0,"_bbp_total_reply_count":0,"_bbp_voice_count":0,"_bbp_anonymous_reply_count":0,"_bbp_topic_count_hidden":0,"_bbp_reply_count_hidden":0,"_bbp_forum_subforum_count":0,"site-sidebar-layout":"default","site-content-layout":"","ast-site-content-layout":"","site-content-style":"default","site-sidebar-style":"default","ast-global-header-display":"","ast-banner-title-visibility":"","ast-main-header-display":"","ast-hfb-above-header-display":"","ast-hfb-below-header-display":"","ast-hfb-mobile-header-display":"","site-post-title":"","ast-breadcrumbs-content":"","ast-featured-img":"","footer-sml-layout":"","theme-transparent-header-meta":"","adv-header-id-meta":"","stick-header-meta":"","header-above-stick-meta":"","header-main-stick-meta":"","header-below-stick-meta":"","astra-migrate-meta-layouts":"default","ast-page-background-enabled":"default","ast-page-background-meta":{"desktop":{"background-color":"var(--ast-global-color-4)","background-image":"","background-repeat":"repeat","background-position":"center center","background-size":"auto","background-attachment":"scroll","background-type":"","background-media":"","overlay-type":"","overlay-color":"","overlay-opacity":"","overlay-gradient":""},"tablet":{"background-color":"","background-image":"","background-repeat":"repeat","background-position":"center center","background-size":"auto","background-attachment":"scroll","background-type":"","background-media":"","overlay-type":"","overlay-color":"","overlay-opacity":"","overlay-gradient":""},"mobile":{"background-color":"","background-image":"","background-repeat":"repeat","background-position":"center center","background-size":"auto","background-attachment":"scroll","background-type":"","background-media":"","overlay-type":"","overlay-color":"","overlay-opacity":"","overlay-gradient":""}},"ast-content-background-meta":{"desktop":{"background-color":"var(--ast-global-color-5)","background-image":"","background-repeat":"repeat","background-position":"center center","background-size":"auto","background-attachment":"scroll","background-type":"","background-media":"","overlay-type":"","overlay-color":"","overlay-opacity":"","overlay-gradient":""},"tablet":{"background-color":"var(--ast-global-color-5)","background-image":"","background-repeat":"repeat","background-position":"center center","background-size":"auto","background-attachment":"scroll","background-type":"","background-media":"","overlay-type":"","overlay-color":"","overlay-opacity":"","overlay-gradient":""},"mobile":{"background-color":"var(--ast-global-color-5)","background-image":"","background-repeat":"repeat","background-position":"center center","background-size":"auto","background-attachment":"scroll","background-type":"","background-media":"","overlay-type":"","overlay-color":"","overlay-opacity":"","overlay-gradient":""}},"footnotes":""},"categories":[112,100,301],"tags":[250,260,274],"class_list":["post-2419","post","type-post","status-publish","format-standard","hentry","category-2015-16","category-infipri","category-secundaria","tag-projecte","tag-reunio","tag-treball-globalitzat"],"post_mailing_queue_ids":[],"_links":{"self":[{"href":"https:\/\/agora.xtec.cat\/ielesvinyes\/wp-json\/wp\/v2\/posts\/2419","targetHints":{"allow":["GET"]}}],"collection":[{"href":"https:\/\/agora.xtec.cat\/ielesvinyes\/wp-json\/wp\/v2\/posts"}],"about":[{"href":"https:\/\/agora.xtec.cat\/ielesvinyes\/wp-json\/wp\/v2\/types\/post"}],"author":[{"embeddable":true,"href":"https:\/\/agora.xtec.cat\/ielesvinyes\/wp-json\/wp\/v2\/users\/1"}],"replies":[{"embeddable":true,"href":"https:\/\/agora.xtec.cat\/ielesvinyes\/wp-json\/wp\/v2\/comments?post=2419"}],"version-history":[{"count":1,"href":"https:\/\/agora.xtec.cat\/ielesvinyes\/wp-json\/wp\/v2\/posts\/2419\/revisions"}],"predecessor-version":[{"id":3198,"href":"https:\/\/agora.xtec.cat\/ielesvinyes\/wp-json\/wp\/v2\/posts\/2419\/revisions\/3198"}],"wp:attachment":[{"href":"https:\/\/agora.xtec.cat\/ielesvinyes\/wp-json\/wp\/v2\/media?parent=2419"}],"wp:term":[{"taxonomy":"category","embeddable":true,"href":"https:\/\/agora.xtec.cat\/ielesvinyes\/wp-json\/wp\/v2\/categories?post=2419"},{"taxonomy":"post_tag","embeddable":true,"href":"https:\/\/agora.xtec.cat\/ielesvinyes\/wp-json\/wp\/v2\/tags?post=2419"}],"curies":[{"name":"wp","href":"https:\/\/api.w.org\/{rel}","templated":true}]}}