{"id":2396,"date":"2015-09-13T10:40:09","date_gmt":"2015-09-13T08:40:09","guid":{"rendered":"http:\/\/ielesvinyes.net\/?p=2396"},"modified":"2015-09-13T10:40:09","modified_gmt":"2015-09-13T08:40:09","slug":"inici-del-curs-2015-2016-a-linstitut-escola","status":"publish","type":"post","link":"https:\/\/agora.xtec.cat\/ielesvinyes\/general\/inici-del-curs-2015-2016-a-linstitut-escola\/","title":{"rendered":"Inici del curs 2015-2016 a l&#039;Institut-Escola"},"content":{"rendered":"<p><strong>Ja ho teniu tot a punt? Nosaltres estem preparats i molt contents!<\/strong><\/p>\n<p>Contents\u00a0d\u2019incorporar <strong>un nou grup de nens i nenes a P3<\/strong> i fer l\u2019acollida i l\u2019adaptaci\u00f3 al centre amb l\u2019equip d\u2019educaci\u00f3 infantil. Una adaptaci\u00f3 que farem dilluns, dimarts i dimecres de forma esglaonada:<\/p>\n<p style=\"padding-left: 30px;\">Dilluns 14 i dimarts 15: grup 1 de 9:00 a 10:30 h i grup 2 d\u201911:00 a 12:30 h.<br \/>\nDimecres 16: tot el grup de 9:00 a 12:30 h.<\/p>\n<p>Contents de retrobar-nos els nens i nenes d\u2019infantil i de prim\u00e0ria i<strong> d\u2019estrenar\u00a0el tercer curs de prim\u00e0ria.<\/strong> Som una bona colla i ja tenim un munt de propostes per aprendre plegats: els projectes, els\u00a0ambients, els reptes, els tallers i els racons! Som-hi!<\/p>\n<p>Contents <strong>de retrobar-nos amb els alumnes de 2n, 3r i 4t d\u2019ESO<\/strong> \u00a0i d\u2019incorporar <strong>dos nous grups a primer d\u2019ESO<\/strong>. Nous companys, noves fam\u00edlies, nous docents que durant els tres primers dies farem el Pla d&#8217;acollida, amb l&#8217;acompanyament dels nostres companys d&#8217;ESO. \u00a0Recordeu que l&#8217;alumnat de 1r d&#8217;ESO, els dies 14 i 15, far\u00e0 un horari especial pel Pla d\u2019acollida: de 9:00 h a 13:30 h.<\/p>\n<figure id=\"attachment_2402\" aria-describedby=\"caption-attachment-2402\" style=\"width: 300px\" class=\"wp-caption aligncenter\"><a href=\"http:\/\/agora.xtec.cat\/ielesvinyes\/wp-content\/uploads\/usu1433\/2015\/09\/agendes-i-carpetes.jpg\" target=\"_blank\" rel=\"http:\/\/ampa.ielesvinyes.net\/2015\/09\/darrers-dies-de-preparatius\/\"><img loading=\"lazy\" decoding=\"async\" class=\"wp-image-2402 size-medium\" src=\"http:\/\/agora.xtec.cat\/ielesvinyes\/wp-content\/uploads\/usu1433\/2015\/09\/agendes-i-carpetes-300x197.jpg\" alt=\"\" width=\"300\" height=\"197\" \/><\/a><figcaption id=\"caption-attachment-2402\" class=\"wp-caption-text\">Els alumnes socis de l\u2019AMPA tindran la carpeta commemorativa del 5\u00e8 Aniversari del Centre<\/figcaption><\/figure>\n<p>Contents de saber que la nostra primera promoci\u00f3 de l&#8217;ESO tamb\u00e9 haur\u00e0 iniciat avui els seus estudis de Formaci\u00f3 Professional i de Batxillerat: que us vagi molt b\u00e9, Vinyataires!<\/p>\n<p><strong><span style=\"color: #ff6600;\">Aix\u00ed que obrim les portes i encetem tots plegats el nou curs 2015-2016!<\/span><\/strong><\/p>\n<p>No oblideu\u00a0que els ajuts per a alumnes amb necessitat espec\u00edfica de suport educatiu s&#8217;han de demanar abans del 30 de setembre de 2015:\u00a0<a href=\"http:\/\/agora.xtec.cat\/ielesvinyes\/wp-content\/uploads\/usu1433\/2015\/09\/Ajuts-per-a-alumnes-amb-necessitat-espec\u00edfica-de-suport-educatiu-Web.pdf\">Ajuts per a alumnes amb necessitat espec\u00edfica de suport educatiu &#8211; Web<\/a><\/p>\n","protected":false},"excerpt":{"rendered":"<p>Ja ho teniu tot a punt? Nosaltres estem preparats i molt contents! Contents\u00a0d\u2019incorporar un nou grup de nens i nenes a P3 i fer l\u2019acollida i l\u2019adaptaci\u00f3 al centre amb l\u2019equip d\u2019educaci\u00f3 infantil. Una adaptaci\u00f3 que farem dilluns, dimarts i dimecres de forma esglaonada: Dilluns 14 i dimarts 15: grup 1 de 9:00 a 10:30 [&hellip;]<\/p>\n","protected":false},"author":1,"featured_media":2800,"comment_status":"open","ping_status":"open","sticky":false,"template":"","format":"standard","meta":{"_bbp_topic_count":0,"_bbp_reply_count":0,"_bbp_total_topic_count":0,"_bbp_total_reply_count":0,"_bbp_voice_count":0,"_bbp_anonymous_reply_count":0,"_bbp_topic_count_hidden":0,"_bbp_reply_count_hidden":0,"_bbp_forum_subforum_count":0,"site-sidebar-layout":"default","site-content-layout":"","ast-site-content-layout":"","site-content-style":"default","site-sidebar-style":"default","ast-global-header-display":"","ast-banner-title-visibility":"","ast-main-header-display":"","ast-hfb-above-header-display":"","ast-hfb-below-header-display":"","ast-hfb-mobile-header-display":"","site-post-title":"","ast-breadcrumbs-content":"","ast-featured-img":"","footer-sml-layout":"","theme-transparent-header-meta":"","adv-header-id-meta":"","stick-header-meta":"","header-above-stick-meta":"","header-main-stick-meta":"","header-below-stick-meta":"","astra-migrate-meta-layouts":"default","ast-page-background-enabled":"default","ast-page-background-meta":{"desktop":{"background-color":"var(--ast-global-color-4)","background-image":"","background-repeat":"repeat","background-position":"center center","background-size":"auto","background-attachment":"scroll","background-type":"","background-media":"","overlay-type":"","overlay-color":"","overlay-opacity":"","overlay-gradient":""},"tablet":{"background-color":"","background-image":"","background-repeat":"repeat","background-position":"center center","background-size":"auto","background-attachment":"scroll","background-type":"","background-media":"","overlay-type":"","overlay-color":"","overlay-opacity":"","overlay-gradient":""},"mobile":{"background-color":"","background-image":"","background-repeat":"repeat","background-position":"center center","background-size":"auto","background-attachment":"scroll","background-type":"","background-media":"","overlay-type":"","overlay-color":"","overlay-opacity":"","overlay-gradient":""}},"ast-content-background-meta":{"desktop":{"background-color":"var(--ast-global-color-5)","background-image":"","background-repeat":"repeat","background-position":"center center","background-size":"auto","background-attachment":"scroll","background-type":"","background-media":"","overlay-type":"","overlay-color":"","overlay-opacity":"","overlay-gradient":""},"tablet":{"background-color":"var(--ast-global-color-5)","background-image":"","background-repeat":"repeat","background-position":"center center","background-size":"auto","background-attachment":"scroll","background-type":"","background-media":"","overlay-type":"","overlay-color":"","overlay-opacity":"","overlay-gradient":""},"mobile":{"background-color":"var(--ast-global-color-5)","background-image":"","background-repeat":"repeat","background-position":"center center","background-size":"auto","background-attachment":"scroll","background-type":"","background-media":"","overlay-type":"","overlay-color":"","overlay-opacity":"","overlay-gradient":""}},"footnotes":""},"categories":[112,1,100,301],"tags":[325],"class_list":["post-2396","post","type-post","status-publish","format-standard","has-post-thumbnail","hentry","category-2015-16","category-general","category-infipri","category-secundaria","tag-pla-acollida"],"post_mailing_queue_ids":[],"_links":{"self":[{"href":"https:\/\/agora.xtec.cat\/ielesvinyes\/wp-json\/wp\/v2\/posts\/2396","targetHints":{"allow":["GET"]}}],"collection":[{"href":"https:\/\/agora.xtec.cat\/ielesvinyes\/wp-json\/wp\/v2\/posts"}],"about":[{"href":"https:\/\/agora.xtec.cat\/ielesvinyes\/wp-json\/wp\/v2\/types\/post"}],"author":[{"embeddable":true,"href":"https:\/\/agora.xtec.cat\/ielesvinyes\/wp-json\/wp\/v2\/users\/1"}],"replies":[{"embeddable":true,"href":"https:\/\/agora.xtec.cat\/ielesvinyes\/wp-json\/wp\/v2\/comments?post=2396"}],"version-history":[{"count":0,"href":"https:\/\/agora.xtec.cat\/ielesvinyes\/wp-json\/wp\/v2\/posts\/2396\/revisions"}],"wp:featuredmedia":[{"embeddable":true,"href":"https:\/\/agora.xtec.cat\/ielesvinyes\/wp-json\/wp\/v2\/media\/2800"}],"wp:attachment":[{"href":"https:\/\/agora.xtec.cat\/ielesvinyes\/wp-json\/wp\/v2\/media?parent=2396"}],"wp:term":[{"taxonomy":"category","embeddable":true,"href":"https:\/\/agora.xtec.cat\/ielesvinyes\/wp-json\/wp\/v2\/categories?post=2396"},{"taxonomy":"post_tag","embeddable":true,"href":"https:\/\/agora.xtec.cat\/ielesvinyes\/wp-json\/wp\/v2\/tags?post=2396"}],"curies":[{"name":"wp","href":"https:\/\/api.w.org\/{rel}","templated":true}]}}