{"id":2387,"date":"2015-08-31T18:40:40","date_gmt":"2015-08-31T16:40:40","guid":{"rendered":"http:\/\/ielesvinyes.net\/?p=2387"},"modified":"2015-08-31T18:40:40","modified_gmt":"2015-08-31T16:40:40","slug":"calendari-de-recuperacions-de-setembre-eso","status":"publish","type":"post","link":"https:\/\/agora.xtec.cat\/ielesvinyes\/general\/calendari-de-recuperacions-de-setembre-eso\/","title":{"rendered":"Calendari de recuperacions de setembre (ESO)"},"content":{"rendered":"<p>Un cop acabades les vacances, ens posem les piles un altre cop!<\/p>\n<p>Aqu\u00ed us adjuntem el calendari de les recuperacions de les mat\u00e8ries que a alguns\u00a0dels vostres fills i filles els han quedat pendents.<\/p>\n<p><strong><u>RECUPERACIONS SETEMBRE 2015\/MAT\u00c8RIES ESPAIS ALUMNAT<\/u><\/strong><\/p>\n<p><strong>3 de setembre<\/strong><\/p>\n<table>\n<tbody>\n<tr>\n<td width=\"132\"><strong>\u00a0<\/strong><strong>horari<\/strong><\/td>\n<td width=\"223\"><strong>mat\u00e8ria<\/strong><\/td>\n<td width=\"151\"><strong>espai<\/strong><\/td>\n<\/tr>\n<tr>\n<td width=\"132\">9:00-10:00-<\/td>\n<td width=\"223\">Ci\u00e8ncies, bio-geo<\/p>\n<p>F\u00edsica i qu\u00edmica<\/p>\n<p>Llat\u00ed<\/p>\n<p>&nbsp;<\/td>\n<td width=\"151\">1r \u2013 aula 1 A<\/p>\n<p>2n \u2013 aula 1 B<\/p>\n<p>3r \u2013 aula 1 C<\/p>\n<p>4t \u2013 aula 2 A<\/td>\n<\/tr>\n<tr>\n<td width=\"132\">10:00-11:00<\/td>\n<td width=\"223\">Tecnologia<\/p>\n<p><strong><em>*Cal portar l\u2019ordinador<\/em><\/strong><\/td>\n<td width=\"151\">1r \u2013 aula 1 A<\/p>\n<p>2n<strong>*<\/strong> \u2013 aula 1 B<\/p>\n<p>3r \u2013 aula 1 C<\/p>\n<p>4t \u2013 aula 2 A<\/td>\n<\/tr>\n<tr>\n<td width=\"132\">11:00-11:20<\/td>\n<td width=\"223\">Esbarjo<\/td>\n<td width=\"151\">Pati<\/td>\n<\/tr>\n<tr>\n<td width=\"132\">11:20-12:20<\/td>\n<td width=\"223\">Matem\u00e0tiques<\/td>\n<td width=\"151\">1r \u2013 aula 1 A<\/p>\n<p>2n \u2013 aula 1 B<\/p>\n<p>3r \u2013 aula 1 C<\/p>\n<p>4t \u2013 aula 2 A<\/td>\n<\/tr>\n<tr>\n<td width=\"132\">12:20-13:20<\/td>\n<td width=\"223\">Inform\u00e0tica 4t<\/td>\n<td width=\"151\">4t \u2013 aula 2 A<\/td>\n<\/tr>\n<\/tbody>\n<\/table>\n<p><strong>4 de setembre<\/strong><\/p>\n<table>\n<tbody>\n<tr>\n<td width=\"132\"><strong>horari<\/strong><\/td>\n<td width=\"223\"><strong>mat\u00e8ria<\/strong><\/td>\n<td width=\"151\"><strong>espai<\/strong><\/td>\n<\/tr>\n<tr>\n<td width=\"132\">09:00-10:00<\/td>\n<td width=\"223\">Socials<\/td>\n<td width=\"151\">1r \u2013 aula 1 A<\/p>\n<p>2n \u2013 aula 1 B<\/p>\n<p>3r \u2013 aula 1 C<\/p>\n<p>4t \u2013 aula 2 A<\/td>\n<\/tr>\n<tr>\n<td width=\"132\">10:00-11:00<\/p>\n<p>&nbsp;<\/td>\n<td width=\"223\">Catal\u00e0<\/p>\n<p>&nbsp;<\/td>\n<td width=\"151\">1r \u2013 aula 1 A<\/p>\n<p>2n \u2013 aula 1 B<\/p>\n<p>3r \u2013 aula 1 C<\/p>\n<p>4t \u2013 aula 2 A<\/td>\n<\/tr>\n<tr>\n<td width=\"132\">11:00-11:20<\/td>\n<td width=\"223\">Esbarjo<\/td>\n<td width=\"151\">Pati<\/td>\n<\/tr>\n<tr>\n<td width=\"132\">11:20-12:20<\/td>\n<td width=\"223\">Angl\u00e8s<\/td>\n<td width=\"151\">1r \u2013 aula 1 A<\/p>\n<p>2n \u2013 aula 1 B<\/p>\n<p>3r \u2013 aula 1 C<\/p>\n<p>4t \u2013 aula 2 A<\/td>\n<\/tr>\n<tr>\n<td width=\"132\">12:20-13:20<\/td>\n<td width=\"223\">Castell\u00e0<\/td>\n<td width=\"151\">1r \u2013 aula 1 A<\/p>\n<p>2n \u2013 aula 1 B<\/p>\n<p>3r \u2013 aula 1 C<\/p>\n<p>4t \u2013 aula 2 A<\/td>\n<\/tr>\n<\/tbody>\n<\/table>\n<ul>\n<li><strong>Els alumnes que nom\u00e9s han de lliurar feines (EF,ViP,etc) ho podran fer a consergeria dins l\u2019horari de les proves.<\/strong><\/li>\n<li><strong>Els butlletins finals, amb les notes de les recuperacions de setembre, es podran recollir a consergeria del Centre, el dimarts 8 de 12:00 h a 13:30 h.<\/strong><\/li>\n<li><strong>En cas que sigui necessari, s\u2019atendr\u00e0 a les fam\u00edlies que ho sol\u00b7licitin, el dimecres de 9:00 h a 10:00 h.<\/strong><\/li>\n<\/ul>\n<p>\u00c0nims i bona sort!<\/p>\n","protected":false},"excerpt":{"rendered":"<p>Un cop acabades les vacances, ens posem les piles un altre cop! Aqu\u00ed us adjuntem el calendari de les recuperacions de les mat\u00e8ries que a alguns\u00a0dels vostres fills i filles els han quedat pendents. RECUPERACIONS SETEMBRE 2015\/MAT\u00c8RIES ESPAIS ALUMNAT 3 de setembre \u00a0horari mat\u00e8ria espai 9:00-10:00- Ci\u00e8ncies, bio-geo F\u00edsica i qu\u00edmica Llat\u00ed &nbsp; 1r \u2013 [&hellip;]<\/p>\n","protected":false},"author":6,"featured_media":0,"comment_status":"open","ping_status":"open","sticky":false,"template":"","format":"standard","meta":{"_bbp_topic_count":0,"_bbp_reply_count":0,"_bbp_total_topic_count":0,"_bbp_total_reply_count":0,"_bbp_voice_count":0,"_bbp_anonymous_reply_count":0,"_bbp_topic_count_hidden":0,"_bbp_reply_count_hidden":0,"_bbp_forum_subforum_count":0,"site-sidebar-layout":"default","site-content-layout":"","ast-site-content-layout":"","site-content-style":"default","site-sidebar-style":"default","ast-global-header-display":"","ast-banner-title-visibility":"","ast-main-header-display":"","ast-hfb-above-header-display":"","ast-hfb-below-header-display":"","ast-hfb-mobile-header-display":"","site-post-title":"","ast-breadcrumbs-content":"","ast-featured-img":"","footer-sml-layout":"","theme-transparent-header-meta":"","adv-header-id-meta":"","stick-header-meta":"","header-above-stick-meta":"","header-main-stick-meta":"","header-below-stick-meta":"","astra-migrate-meta-layouts":"default","ast-page-background-enabled":"default","ast-page-background-meta":{"desktop":{"background-color":"var(--ast-global-color-4)","background-image":"","background-repeat":"repeat","background-position":"center center","background-size":"auto","background-attachment":"scroll","background-type":"","background-media":"","overlay-type":"","overlay-color":"","overlay-opacity":"","overlay-gradient":""},"tablet":{"background-color":"","background-image":"","background-repeat":"repeat","background-position":"center center","background-size":"auto","background-attachment":"scroll","background-type":"","background-media":"","overlay-type":"","overlay-color":"","overlay-opacity":"","overlay-gradient":""},"mobile":{"background-color":"","background-image":"","background-repeat":"repeat","background-position":"center center","background-size":"auto","background-attachment":"scroll","background-type":"","background-media":"","overlay-type":"","overlay-color":"","overlay-opacity":"","overlay-gradient":""}},"ast-content-background-meta":{"desktop":{"background-color":"var(--ast-global-color-5)","background-image":"","background-repeat":"repeat","background-position":"center center","background-size":"auto","background-attachment":"scroll","background-type":"","background-media":"","overlay-type":"","overlay-color":"","overlay-opacity":"","overlay-gradient":""},"tablet":{"background-color":"var(--ast-global-color-5)","background-image":"","background-repeat":"repeat","background-position":"center center","background-size":"auto","background-attachment":"scroll","background-type":"","background-media":"","overlay-type":"","overlay-color":"","overlay-opacity":"","overlay-gradient":""},"mobile":{"background-color":"var(--ast-global-color-5)","background-image":"","background-repeat":"repeat","background-position":"center center","background-size":"auto","background-attachment":"scroll","background-type":"","background-media":"","overlay-type":"","overlay-color":"","overlay-opacity":"","overlay-gradient":""}},"footnotes":""},"categories":[112,1,301],"tags":[],"class_list":["post-2387","post","type-post","status-publish","format-standard","hentry","category-2015-16","category-general","category-secundaria"],"post_mailing_queue_ids":[],"_links":{"self":[{"href":"https:\/\/agora.xtec.cat\/ielesvinyes\/wp-json\/wp\/v2\/posts\/2387","targetHints":{"allow":["GET"]}}],"collection":[{"href":"https:\/\/agora.xtec.cat\/ielesvinyes\/wp-json\/wp\/v2\/posts"}],"about":[{"href":"https:\/\/agora.xtec.cat\/ielesvinyes\/wp-json\/wp\/v2\/types\/post"}],"author":[{"embeddable":true,"href":"https:\/\/agora.xtec.cat\/ielesvinyes\/wp-json\/wp\/v2\/users\/6"}],"replies":[{"embeddable":true,"href":"https:\/\/agora.xtec.cat\/ielesvinyes\/wp-json\/wp\/v2\/comments?post=2387"}],"version-history":[{"count":0,"href":"https:\/\/agora.xtec.cat\/ielesvinyes\/wp-json\/wp\/v2\/posts\/2387\/revisions"}],"wp:attachment":[{"href":"https:\/\/agora.xtec.cat\/ielesvinyes\/wp-json\/wp\/v2\/media?parent=2387"}],"wp:term":[{"taxonomy":"category","embeddable":true,"href":"https:\/\/agora.xtec.cat\/ielesvinyes\/wp-json\/wp\/v2\/categories?post=2387"},{"taxonomy":"post_tag","embeddable":true,"href":"https:\/\/agora.xtec.cat\/ielesvinyes\/wp-json\/wp\/v2\/tags?post=2387"}],"curies":[{"name":"wp","href":"https:\/\/api.w.org\/{rel}","templated":true}]}}