{"id":2326,"date":"2015-06-11T12:17:48","date_gmt":"2015-06-11T10:17:48","guid":{"rendered":"http:\/\/ielesvinyes.net\/?p=2326"},"modified":"2015-06-11T12:17:48","modified_gmt":"2015-06-11T10:17:48","slug":"recta-final","status":"publish","type":"post","link":"https:\/\/agora.xtec.cat\/ielesvinyes\/general\/recta-final\/","title":{"rendered":"Recta final"},"content":{"rendered":"<p style=\"text-align: left;\">Us informem de les activitats dels propers dies, tot encarant la recta final:<\/p>\n<p><span style=\"color: #ff0000;\"><strong>Presentacions a les fam\u00edlies:<\/strong><\/span><\/p>\n<p><strong>Prim\u00e0ria:<\/strong> dimarts 16 de juny,\u00a0de 10:00 a 11:00h., us convidem a tastar alguns dels plats de l&#8217;ambient de restaurant i a jugar amb els jocs que vam crear durant el treball cooperatiu.<\/p>\n<p>Presentaci\u00f3 dels projectes a l&#8217;<strong>ESO<\/strong>:<\/p>\n<p>1r ESO <strong>Anuari La Verema 2015<\/strong>: 15 de juny, a les 13:00h., a la Biblioteca de l\u2019Institut-Escola.<br \/>\n2n ESO <strong>Empordanitza&#8217;t 2015<\/strong>: 16 de juny, a les 13:00h., a les aules de 2n d\u2019ESO de l\u2019Institut-Escola.<br \/>\n3r ESO: <strong>Teatre musical<\/strong> 12 de juny, a les 12:00h., a l\u2019Auditori dels Costals.<br \/>\n4t ESO: <strong>#CodiPraga<\/strong> 17 de juny, a les 12:30h., a la Biblioteca de l\u2019Institut-Escola.<\/p>\n<p><object width=\"400\" height=\"300\"><param name=\"flashvars\" value=\"offsite=true&amp;lang=es-us&amp;page_show_url=%2Fphotos%2Fielesvinyes%2Fsets%2F72157651910551743%2Fshow%2F&amp;page_show_back_url=%2Fphotos%2Fielesvinyes%2Fsets%2F72157651910551743%2F&amp;set_id=72157651910551743&amp;jump_to=\" \/><param name=\"movie\" value=\"https:\/\/www.flickr.com\/apps\/slideshow\/show.swf?v=143270\" \/><param name=\"allowFullScreen\" value=\"true\" \/><embed type=\"application\/x-shockwave-flash\" src=\"https:\/\/www.flickr.com\/apps\/slideshow\/show.swf?v=143270\" allowfullscreen=\"allowfullscreen\" flashvars=\"offsite=true&amp;lang=es-us&amp;page_show_url=%2Fphotos%2Fielesvinyes%2Fsets%2F72157651910551743%2Fshow%2F&amp;page_show_back_url=%2Fphotos%2Fielesvinyes%2Fsets%2F72157651910551743%2F&amp;set_id=72157651910551743&amp;jump_to=\" width=\"400\" height=\"300\" \/><\/object><\/p>\n<h6 style=\"text-align: left;\">Una mostra del Projecte de 1r d&#8217;ESO \ud83d\ude42<\/h6>\n<p><span style=\"color: #ff0000;\"><strong>Entrega de notes:<\/strong><\/span><\/p>\n<p><strong>INFANTIL:<\/strong>\u00a0Dijous\u00a018 de juny,<b>\u00a0<\/b>entrega dels informes de notes. El dilluns 22, al llarg de tot el mat\u00ed, es faran les entrevistes amb les fam\u00edlies.<\/p>\n<p><strong>PRIM\u00c0RIA:<\/strong>\u00a0Divendres 19\u00a0de juny,<b>\u00a0<\/b>entrega dels informes del 3r trimestre.\u00a0El dilluns 22, al llarg de tot el mat\u00ed, es faran les entrevistes amb les fam\u00edlies (pr\u00e8viament, us haureu d&#8217;apuntar a les graelles que trobareu a la porta d&#8217;entrada de prim\u00e0ria).<\/p>\n<p><strong>ESO:\u00a0<\/strong>17 de juny (tarda) i 19 de juny (mat\u00ed)<br \/>\nAquest dia es donar\u00e0 feina a l\u2019alumnat que tingui alguna mat\u00e8ria suspesa, l\u2019hauran de retornar feta el dijous 3 de setembre, quan vinguin a fer l\u2019examen de recuperaci\u00f3.<br \/>\nAquells alumnes que hagin susp\u00e8s alguna assignatura, rebran un butllet\u00ed final de notes provisional, a l\u2019espera dels resultats de les proves de setembre.<br \/>\nEls alumnes de 3r i de 4t suspesos que necessitin el llibre de text per a fer les activitats d\u2019estiu, l\u2019hauran de recollir al vest\u00edbul el 17 de juny de 15h a 17h i el 19 de juny, de 9h a 13h.<\/p>\n<p><strong>Excursions tutoria a l&#8217;ESO, dimecres 17 de juny.<\/strong><br \/>\n1r ESO: Canal Ol\u00edmpic (Castelldefels)<br \/>\n2n ESO: Illa Fantasia (Vilassar de Dalt)<br \/>\n3r ESO: Illa Fantasia (Vilassar de Dalt)<\/p>\n<p><span style=\"color: #ff0000;\"><strong>Activitats a l\u2019Illa Esportiva:<\/strong><\/span><\/p>\n<p><strong>PRIM\u00c0RIA:<\/strong> Dimecres 17 de juny.\u00a0Cal que l\u2019alumnat porti roba de bany.<\/p>\n<p><strong>ESO:\u00a0<\/strong>Dijous 18 de juny. Cal que l\u2019alumnat porti roba esportiva i de bany.<\/p>\n<p><span style=\"color: #ff0000;\"><strong>Festa de final de curs, 19 de juny. Horari:<\/strong><\/span><br \/>\n18h a 19:30h Activitats d\u2019Infantil i Prim\u00e0ria al gimn\u00e0s.<br \/>\n19:30h a 20h Berenar per part de l\u2019AMPA : porcions de coques i sucs, a preus econ\u00f2mics.<br \/>\n20h a 21h Acte de graduaci\u00f3 dels alumnes de 4t d\u2019ESO al gimn\u00e0s. Paral\u00b7lelament, espectacle d\u2019animaci\u00f3 pels alumnes d\u2019Infantil i Prim\u00e0ria al pati, a la pista de dalt.<br \/>\n21h a 21:30h Preparaci\u00f3 de taules i serveis pel sopar.<br \/>\n21:30h Sopar a la fresca al pati (recordeu que us heu d&#8217;apuntar a l&#8217;AMPA).<br \/>\n22h M\u00fasica per alumnat d\u2019ESO al gimn\u00e0s.<\/p>\n<p><span style=\"color: #008000;\"><strong>Moltes gr\u00e0cies per la vostra col\u00b7laboraci\u00f3 i bon final de curs!<\/strong><\/span><\/p>\n","protected":false},"excerpt":{"rendered":"<p>Us informem de les activitats dels propers dies, tot encarant la recta final: Presentacions a les fam\u00edlies: Prim\u00e0ria: dimarts 16 de juny,\u00a0de 10:00 a 11:00h., us convidem a tastar alguns dels plats de l&#8217;ambient de restaurant i a jugar amb els jocs que vam crear durant el treball cooperatiu. Presentaci\u00f3 dels projectes a l&#8217;ESO: 1r [&hellip;]<\/p>\n","protected":false},"author":6,"featured_media":0,"comment_status":"open","ping_status":"open","sticky":false,"template":"","format":"standard","meta":{"_bbp_topic_count":0,"_bbp_reply_count":0,"_bbp_total_topic_count":0,"_bbp_total_reply_count":0,"_bbp_voice_count":0,"_bbp_anonymous_reply_count":0,"_bbp_topic_count_hidden":0,"_bbp_reply_count_hidden":0,"_bbp_forum_subforum_count":0,"site-sidebar-layout":"default","site-content-layout":"","ast-site-content-layout":"","site-content-style":"default","site-sidebar-style":"default","ast-global-header-display":"","ast-banner-title-visibility":"","ast-main-header-display":"","ast-hfb-above-header-display":"","ast-hfb-below-header-display":"","ast-hfb-mobile-header-display":"","site-post-title":"","ast-breadcrumbs-content":"","ast-featured-img":"","footer-sml-layout":"","theme-transparent-header-meta":"","adv-header-id-meta":"","stick-header-meta":"","header-above-stick-meta":"","header-main-stick-meta":"","header-below-stick-meta":"","astra-migrate-meta-layouts":"default","ast-page-background-enabled":"default","ast-page-background-meta":{"desktop":{"background-color":"var(--ast-global-color-4)","background-image":"","background-repeat":"repeat","background-position":"center center","background-size":"auto","background-attachment":"scroll","background-type":"","background-media":"","overlay-type":"","overlay-color":"","overlay-opacity":"","overlay-gradient":""},"tablet":{"background-color":"","background-image":"","background-repeat":"repeat","background-position":"center center","background-size":"auto","background-attachment":"scroll","background-type":"","background-media":"","overlay-type":"","overlay-color":"","overlay-opacity":"","overlay-gradient":""},"mobile":{"background-color":"","background-image":"","background-repeat":"repeat","background-position":"center center","background-size":"auto","background-attachment":"scroll","background-type":"","background-media":"","overlay-type":"","overlay-color":"","overlay-opacity":"","overlay-gradient":""}},"ast-content-background-meta":{"desktop":{"background-color":"var(--ast-global-color-5)","background-image":"","background-repeat":"repeat","background-position":"center center","background-size":"auto","background-attachment":"scroll","background-type":"","background-media":"","overlay-type":"","overlay-color":"","overlay-opacity":"","overlay-gradient":""},"tablet":{"background-color":"var(--ast-global-color-5)","background-image":"","background-repeat":"repeat","background-position":"center center","background-size":"auto","background-attachment":"scroll","background-type":"","background-media":"","overlay-type":"","overlay-color":"","overlay-opacity":"","overlay-gradient":""},"mobile":{"background-color":"var(--ast-global-color-5)","background-image":"","background-repeat":"repeat","background-position":"center center","background-size":"auto","background-attachment":"scroll","background-type":"","background-media":"","overlay-type":"","overlay-color":"","overlay-opacity":"","overlay-gradient":""}},"footnotes":""},"categories":[111,1,100,301],"tags":[],"class_list":["post-2326","post","type-post","status-publish","format-standard","hentry","category-2014-15","category-general","category-infipri","category-secundaria"],"post_mailing_queue_ids":[],"_links":{"self":[{"href":"https:\/\/agora.xtec.cat\/ielesvinyes\/wp-json\/wp\/v2\/posts\/2326","targetHints":{"allow":["GET"]}}],"collection":[{"href":"https:\/\/agora.xtec.cat\/ielesvinyes\/wp-json\/wp\/v2\/posts"}],"about":[{"href":"https:\/\/agora.xtec.cat\/ielesvinyes\/wp-json\/wp\/v2\/types\/post"}],"author":[{"embeddable":true,"href":"https:\/\/agora.xtec.cat\/ielesvinyes\/wp-json\/wp\/v2\/users\/6"}],"replies":[{"embeddable":true,"href":"https:\/\/agora.xtec.cat\/ielesvinyes\/wp-json\/wp\/v2\/comments?post=2326"}],"version-history":[{"count":0,"href":"https:\/\/agora.xtec.cat\/ielesvinyes\/wp-json\/wp\/v2\/posts\/2326\/revisions"}],"wp:attachment":[{"href":"https:\/\/agora.xtec.cat\/ielesvinyes\/wp-json\/wp\/v2\/media?parent=2326"}],"wp:term":[{"taxonomy":"category","embeddable":true,"href":"https:\/\/agora.xtec.cat\/ielesvinyes\/wp-json\/wp\/v2\/categories?post=2326"},{"taxonomy":"post_tag","embeddable":true,"href":"https:\/\/agora.xtec.cat\/ielesvinyes\/wp-json\/wp\/v2\/tags?post=2326"}],"curies":[{"name":"wp","href":"https:\/\/api.w.org\/{rel}","templated":true}]}}