{"id":2292,"date":"2015-05-20T13:00:37","date_gmt":"2015-05-20T11:00:37","guid":{"rendered":"http:\/\/ielesvinyes.net\/?p=2292"},"modified":"2015-05-20T13:00:37","modified_gmt":"2015-05-20T11:00:37","slug":"donacio-de-sang-i-jornada-oberta","status":"publish","type":"post","link":"https:\/\/agora.xtec.cat\/ielesvinyes\/general\/donacio-de-sang-i-jornada-oberta\/","title":{"rendered":"Donaci\u00f3 de sang i jornada oberta"},"content":{"rendered":"<p>Despr\u00e9s de l\u2019estada a Castellar de N\u2019Hug dels <a href=\"http:\/\/primaria.ielesvinyes.net\/2015\/05\/un-record-en-imatges\/\" target=\"_blank\">camaleons i els egipcis de prim\u00e0ria<\/a> i de les col\u00f2nies d&#8217;infantil a La Carral, encarem la recta final del curs. <a href=\"http:\/\/primaria.ielesvinyes.net\/2015\/05\/el-projecte-bombolles-ha-arribat-al-seu-fi\/\" target=\"_blank\">Alguns projectes<\/a> de prim\u00e0ria es tanquen i d&#8217;altres de secund\u00e0ria s&#8217;estan cuinant!<\/p>\n<figure id=\"attachment_2298\" aria-describedby=\"caption-attachment-2298\" style=\"width: 300px\" class=\"wp-caption alignright\"><a href=\"http:\/\/agora.xtec.cat\/ielesvinyes\/wp-content\/uploads\/usu1433\/2015\/05\/logo.jpg\"><img loading=\"lazy\" decoding=\"async\" class=\"wp-image-2298 size-medium\" src=\"http:\/\/agora.xtec.cat\/ielesvinyes\/wp-content\/uploads\/usu1433\/2015\/05\/logo-300x217.jpg\" alt=\"logo\" width=\"300\" height=\"217\" \/><\/a><figcaption id=\"caption-attachment-2298\" class=\"wp-caption-text\">Logo fet pels alumnes<\/figcaption><\/figure>\n<p><strong><span style=\"color: #ff0000;\">Ep, que avui tenim la donaci\u00f3 de sang!<\/span> <\/strong>Aix\u00ed que us\u00a0recordem que aquesta tarda, de les 16 a les 20h, la biblioteca de l&#8217;Institut-Escola (entrada pel C. Dr Llarc) es transformar\u00e0 en un <strong>espai de donaci\u00f3 de sang<\/strong>, promogut pels nois i noies de Ciutadania de 3r d&#8217;ESO, en col\u00b7laboraci\u00f3 amb el Banc de Sang i Teixits de Catalunya i l&#8217;Ajuntament de Castellbisbal. Ara, m\u00e9s que mai, la nostra sang \u00e9s necess\u00e0ria perqu\u00e8&#8230; &#8220;Donar sang \u00e9s donar vida!&#8221;<\/p>\n<p>I dissabte fem la jornada oberta\u00a0adre\u00e7ada\u00a0a totes les persones interessades a visitar-nos i con\u00e8ixer\u00a0el centre i el seu projecte educatiu. Hem tancat la inscripci\u00f3 perqu\u00e8 ja som molts! \ud83d\ude42\u00a0Esperem que sigui una bona jornada!<\/p>\n","protected":false},"excerpt":{"rendered":"<p>Despr\u00e9s de l\u2019estada a Castellar de N\u2019Hug dels camaleons i els egipcis de prim\u00e0ria i de les col\u00f2nies d&#8217;infantil a La Carral, encarem la recta final del curs. Alguns projectes de prim\u00e0ria es tanquen i d&#8217;altres de secund\u00e0ria s&#8217;estan cuinant! Ep, que avui tenim la donaci\u00f3 de sang! Aix\u00ed que us\u00a0recordem que aquesta tarda, de [&hellip;]<\/p>\n","protected":false},"author":6,"featured_media":2799,"comment_status":"open","ping_status":"open","sticky":false,"template":"","format":"standard","meta":{"_bbp_topic_count":0,"_bbp_reply_count":0,"_bbp_total_topic_count":0,"_bbp_total_reply_count":0,"_bbp_voice_count":0,"_bbp_anonymous_reply_count":0,"_bbp_topic_count_hidden":0,"_bbp_reply_count_hidden":0,"_bbp_forum_subforum_count":0,"site-sidebar-layout":"default","site-content-layout":"","ast-site-content-layout":"","site-content-style":"default","site-sidebar-style":"default","ast-global-header-display":"","ast-banner-title-visibility":"","ast-main-header-display":"","ast-hfb-above-header-display":"","ast-hfb-below-header-display":"","ast-hfb-mobile-header-display":"","site-post-title":"","ast-breadcrumbs-content":"","ast-featured-img":"","footer-sml-layout":"","theme-transparent-header-meta":"","adv-header-id-meta":"","stick-header-meta":"","header-above-stick-meta":"","header-main-stick-meta":"","header-below-stick-meta":"","astra-migrate-meta-layouts":"default","ast-page-background-enabled":"default","ast-page-background-meta":{"desktop":{"background-color":"var(--ast-global-color-4)","background-image":"","background-repeat":"repeat","background-position":"center center","background-size":"auto","background-attachment":"scroll","background-type":"","background-media":"","overlay-type":"","overlay-color":"","overlay-opacity":"","overlay-gradient":""},"tablet":{"background-color":"","background-image":"","background-repeat":"repeat","background-position":"center center","background-size":"auto","background-attachment":"scroll","background-type":"","background-media":"","overlay-type":"","overlay-color":"","overlay-opacity":"","overlay-gradient":""},"mobile":{"background-color":"","background-image":"","background-repeat":"repeat","background-position":"center center","background-size":"auto","background-attachment":"scroll","background-type":"","background-media":"","overlay-type":"","overlay-color":"","overlay-opacity":"","overlay-gradient":""}},"ast-content-background-meta":{"desktop":{"background-color":"var(--ast-global-color-5)","background-image":"","background-repeat":"repeat","background-position":"center center","background-size":"auto","background-attachment":"scroll","background-type":"","background-media":"","overlay-type":"","overlay-color":"","overlay-opacity":"","overlay-gradient":""},"tablet":{"background-color":"var(--ast-global-color-5)","background-image":"","background-repeat":"repeat","background-position":"center center","background-size":"auto","background-attachment":"scroll","background-type":"","background-media":"","overlay-type":"","overlay-color":"","overlay-opacity":"","overlay-gradient":""},"mobile":{"background-color":"var(--ast-global-color-5)","background-image":"","background-repeat":"repeat","background-position":"center center","background-size":"auto","background-attachment":"scroll","background-type":"","background-media":"","overlay-type":"","overlay-color":"","overlay-opacity":"","overlay-gradient":""}},"footnotes":""},"categories":[111,1,100],"tags":[348,319],"class_list":["post-2292","post","type-post","status-publish","format-standard","has-post-thumbnail","hentry","category-2014-15","category-general","category-infipri","tag-aprenenatgeservei","tag-formacio"],"post_mailing_queue_ids":[],"_links":{"self":[{"href":"https:\/\/agora.xtec.cat\/ielesvinyes\/wp-json\/wp\/v2\/posts\/2292","targetHints":{"allow":["GET"]}}],"collection":[{"href":"https:\/\/agora.xtec.cat\/ielesvinyes\/wp-json\/wp\/v2\/posts"}],"about":[{"href":"https:\/\/agora.xtec.cat\/ielesvinyes\/wp-json\/wp\/v2\/types\/post"}],"author":[{"embeddable":true,"href":"https:\/\/agora.xtec.cat\/ielesvinyes\/wp-json\/wp\/v2\/users\/6"}],"replies":[{"embeddable":true,"href":"https:\/\/agora.xtec.cat\/ielesvinyes\/wp-json\/wp\/v2\/comments?post=2292"}],"version-history":[{"count":0,"href":"https:\/\/agora.xtec.cat\/ielesvinyes\/wp-json\/wp\/v2\/posts\/2292\/revisions"}],"wp:featuredmedia":[{"embeddable":true,"href":"https:\/\/agora.xtec.cat\/ielesvinyes\/wp-json\/wp\/v2\/media\/2799"}],"wp:attachment":[{"href":"https:\/\/agora.xtec.cat\/ielesvinyes\/wp-json\/wp\/v2\/media?parent=2292"}],"wp:term":[{"taxonomy":"category","embeddable":true,"href":"https:\/\/agora.xtec.cat\/ielesvinyes\/wp-json\/wp\/v2\/categories?post=2292"},{"taxonomy":"post_tag","embeddable":true,"href":"https:\/\/agora.xtec.cat\/ielesvinyes\/wp-json\/wp\/v2\/tags?post=2292"}],"curies":[{"name":"wp","href":"https:\/\/api.w.org\/{rel}","templated":true}]}}