{"id":2289,"date":"2015-05-22T09:21:17","date_gmt":"2015-05-22T07:21:17","guid":{"rendered":"http:\/\/ampa.ielesvinyes.net\/stage1\/?p=2289"},"modified":"2020-03-05T19:25:02","modified_gmt":"2020-03-05T18:25:02","slug":"pas-a-pas-ens-anem-fent-grans","status":"publish","type":"post","link":"https:\/\/agora.xtec.cat\/ielesvinyes\/afa\/pas-a-pas-ens-anem-fent-grans\/","title":{"rendered":"Pas a pas, ens anem fent grans!!!"},"content":{"rendered":"<p>Benvolgudes fam\u00edlies,<img loading=\"lazy\" decoding=\"async\" class=\"  wp-image-2290 alignright\" src=\"http:\/\/ampa.ielesvinyes.net\/stage1\/wp-content\/uploads\/2015\/05\/carpeta-1.jpg\" alt=\"carpeta-1\" width=\"228\" height=\"130\" \/><\/p>\n<p style=\"text-align: justify;\">El proper mes de setembre, <strong>el nostre Institut-Escola far\u00e0 5 anys<\/strong> i per commemorar-ho\u00a0hem\u00a0pensat en dissenyar unes carpetes per a tot l&#8217;alumnat.<\/p>\n<p>Ens agradaria que aquest disseny fos compartit amb tota la comunitat, i \u00e9s per aix\u00f2 que us animem a participar amb les vostres propostes <em>(els alumnes d&#8217;infantil, prim\u00e0ria i ESO ja ho estan treballant a les aules)<\/em>.<\/p>\n<p><img loading=\"lazy\" decoding=\"async\" class=\" size-full wp-image-2291 aligncenter\" src=\"http:\/\/ampa.ielesvinyes.net\/stage1\/wp-content\/uploads\/2015\/05\/cartell-concurs-carpetes2-WEB.jpg\" alt=\"cartell concurs carpetes2  WEB\" width=\"877\" height=\"620\" \/><\/p>\n<p style=\"text-align: justify;\"><em>(Penseu en incloure\u00a0les vostres dades a la proposta que ens presenteu, per si hem de contactar amb vosaltres&#8230; Gr\u00e0cies!)<\/em><\/p>\n<h3><span style=\"color: #ff6600;\"><strong>COMPTEM AMB TOTS VOSALTRES!<\/strong><\/span><\/h3>\n<p>&nbsp;<\/p>\n","protected":false},"excerpt":{"rendered":"<p>Benvolgudes fam\u00edlies, El proper mes de setembre, el nostre Institut-Escola far\u00e0 5 anys i per commemorar-ho\u00a0hem\u00a0pensat en dissenyar unes carpetes per a tot l&#8217;alumnat. Ens agradaria que aquest disseny fos compartit amb tota la comunitat, i \u00e9s per aix\u00f2 que us animem a participar amb les vostres propostes (els alumnes d&#8217;infantil, prim\u00e0ria i ESO ja [&hellip;]<\/p>\n","protected":false},"author":52,"featured_media":0,"comment_status":"open","ping_status":"closed","sticky":false,"template":"","format":"standard","meta":{"_bbp_topic_count":0,"_bbp_reply_count":0,"_bbp_total_topic_count":0,"_bbp_total_reply_count":0,"_bbp_voice_count":0,"_bbp_anonymous_reply_count":0,"_bbp_topic_count_hidden":0,"_bbp_reply_count_hidden":0,"_bbp_forum_subforum_count":0,"site-sidebar-layout":"default","site-content-layout":"","ast-site-content-layout":"","site-content-style":"default","site-sidebar-style":"default","ast-global-header-display":"","ast-banner-title-visibility":"","ast-main-header-display":"","ast-hfb-above-header-display":"","ast-hfb-below-header-display":"","ast-hfb-mobile-header-display":"","site-post-title":"","ast-breadcrumbs-content":"","ast-featured-img":"","footer-sml-layout":"","theme-transparent-header-meta":"","adv-header-id-meta":"","stick-header-meta":"","header-above-stick-meta":"","header-main-stick-meta":"","header-below-stick-meta":"","astra-migrate-meta-layouts":"default","ast-page-background-enabled":"default","ast-page-background-meta":{"desktop":{"background-color":"var(--ast-global-color-4)","background-image":"","background-repeat":"repeat","background-position":"center center","background-size":"auto","background-attachment":"scroll","background-type":"","background-media":"","overlay-type":"","overlay-color":"","overlay-opacity":"","overlay-gradient":""},"tablet":{"background-color":"","background-image":"","background-repeat":"repeat","background-position":"center center","background-size":"auto","background-attachment":"scroll","background-type":"","background-media":"","overlay-type":"","overlay-color":"","overlay-opacity":"","overlay-gradient":""},"mobile":{"background-color":"","background-image":"","background-repeat":"repeat","background-position":"center center","background-size":"auto","background-attachment":"scroll","background-type":"","background-media":"","overlay-type":"","overlay-color":"","overlay-opacity":"","overlay-gradient":""}},"ast-content-background-meta":{"desktop":{"background-color":"var(--ast-global-color-5)","background-image":"","background-repeat":"repeat","background-position":"center center","background-size":"auto","background-attachment":"scroll","background-type":"","background-media":"","overlay-type":"","overlay-color":"","overlay-opacity":"","overlay-gradient":""},"tablet":{"background-color":"var(--ast-global-color-5)","background-image":"","background-repeat":"repeat","background-position":"center center","background-size":"auto","background-attachment":"scroll","background-type":"","background-media":"","overlay-type":"","overlay-color":"","overlay-opacity":"","overlay-gradient":""},"mobile":{"background-color":"var(--ast-global-color-5)","background-image":"","background-repeat":"repeat","background-position":"center center","background-size":"auto","background-attachment":"scroll","background-type":"","background-media":"","overlay-type":"","overlay-color":"","overlay-opacity":"","overlay-gradient":""}},"footnotes":""},"categories":[111,31,471],"tags":[],"class_list":["post-2289","post","type-post","status-publish","format-standard","hentry","category-2014-15","category-afa","category-noticies-afa"],"post_mailing_queue_ids":[],"_links":{"self":[{"href":"https:\/\/agora.xtec.cat\/ielesvinyes\/wp-json\/wp\/v2\/posts\/2289","targetHints":{"allow":["GET"]}}],"collection":[{"href":"https:\/\/agora.xtec.cat\/ielesvinyes\/wp-json\/wp\/v2\/posts"}],"about":[{"href":"https:\/\/agora.xtec.cat\/ielesvinyes\/wp-json\/wp\/v2\/types\/post"}],"author":[{"embeddable":true,"href":"https:\/\/agora.xtec.cat\/ielesvinyes\/wp-json\/wp\/v2\/users\/52"}],"replies":[{"embeddable":true,"href":"https:\/\/agora.xtec.cat\/ielesvinyes\/wp-json\/wp\/v2\/comments?post=2289"}],"version-history":[{"count":1,"href":"https:\/\/agora.xtec.cat\/ielesvinyes\/wp-json\/wp\/v2\/posts\/2289\/revisions"}],"predecessor-version":[{"id":5428,"href":"https:\/\/agora.xtec.cat\/ielesvinyes\/wp-json\/wp\/v2\/posts\/2289\/revisions\/5428"}],"wp:attachment":[{"href":"https:\/\/agora.xtec.cat\/ielesvinyes\/wp-json\/wp\/v2\/media?parent=2289"}],"wp:term":[{"taxonomy":"category","embeddable":true,"href":"https:\/\/agora.xtec.cat\/ielesvinyes\/wp-json\/wp\/v2\/categories?post=2289"},{"taxonomy":"post_tag","embeddable":true,"href":"https:\/\/agora.xtec.cat\/ielesvinyes\/wp-json\/wp\/v2\/tags?post=2289"}],"curies":[{"name":"wp","href":"https:\/\/api.w.org\/{rel}","templated":true}]}}