{"id":2245,"date":"2015-04-29T15:20:12","date_gmt":"2015-04-29T13:20:12","guid":{"rendered":"http:\/\/ielesvinyes.net\/?p=2245"},"modified":"2015-04-29T15:20:12","modified_gmt":"2015-04-29T13:20:12","slug":"sortida-anual-de-centre","status":"publish","type":"post","link":"https:\/\/agora.xtec.cat\/ielesvinyes\/general\/sortida-anual-de-centre\/","title":{"rendered":"Sortida anual de centre"},"content":{"rendered":"<figure id=\"attachment_2273\" aria-describedby=\"caption-attachment-2273\" style=\"width: 300px\" class=\"wp-caption alignright\"><a href=\"http:\/\/agora.xtec.cat\/ielesvinyes\/wp-content\/uploads\/usu1433\/2015\/04\/gualba.jpg\"><img loading=\"lazy\" decoding=\"async\" class=\"wp-image-2273 size-medium\" src=\"http:\/\/agora.xtec.cat\/ielesvinyes\/wp-content\/uploads\/usu1433\/2015\/04\/gualba-300x223.jpg\" alt=\"gualba\" width=\"300\" height=\"223\" srcset=\"https:\/\/agora.xtec.cat\/ielesvinyes\/wp-content\/uploads\/usu1433\/2015\/04\/gualba-300x223.jpg 300w, https:\/\/agora.xtec.cat\/ielesvinyes\/wp-content\/uploads\/usu1433\/2015\/04\/gualba-768x570.jpg 768w, https:\/\/agora.xtec.cat\/ielesvinyes\/wp-content\/uploads\/usu1433\/2015\/04\/gualba-200x150.jpg 200w, https:\/\/agora.xtec.cat\/ielesvinyes\/wp-content\/uploads\/usu1433\/2015\/04\/gualba.jpg 949w\" sizes=\"auto, (max-width: 300px) 100vw, 300px\" \/><\/a><figcaption id=\"caption-attachment-2273\" class=\"wp-caption-text\">Al Parc Natural del Montseny<\/figcaption><\/figure>\n<p>Divendres passat vam fer tots junts la sortida anual de centre. Tots els nenes i nenes, mestres i professorat de l&#8217;Institut-Escola vam passar plegats un dia de natura i activitats al Parc Natural del Montseny a Gualba.<\/p>\n<p>Els nens i nenes d&#8217;infantil van fer una passejada pel bosc, acompanyats per unes fades que els van explicar que all\u00e0 hi viu un trit\u00f3, l&#8217;Arni, i els van ensenyar a buscar pistes per intentar trobar-lo. Malauradament, \u00e9rem tants que el trit\u00f3 no es va atrevir a sortir a saludar&#8230; Per\u00f2 pel cam\u00ed vam trobar fins i tot caus de ratolins!!<\/p>\n<p>Els alumnes de prim\u00e0ria van seguir la riera de Gualba fins el Toll, mirant la temperatura de l&#8217;aigua, observant si corria o estava estancada\u00a0i recollint-ne mostres per comparar-la i mirar-la amb lupa.<\/p>\n<p>I, finalment, l&#8217;ESO va fer un recorregut per gaudir i descobrir aspectes de la natura del parc natural, tot fent una passejada fins el salt d&#8217;aigua. Vam dinar junts i vam tenir una estona d&#8217;esbarjo i companyonia.<\/p>\n<p><strong>\u00c0lbum de la sortida<\/strong><\/p>\n<p><object width=\"400\" height=\"300\"><param name=\"flashvars\" value=\"offsite=true&amp;lang=es-us&amp;page_show_url=%2Fphotos%2Fielesvinyes%2Fsets%2F72157652185739771%2Fshow%2F&amp;page_show_back_url=%2Fphotos%2Fielesvinyes%2Fsets%2F72157652185739771%2F&amp;set_id=72157652185739771&amp;jump_to=\" \/><param name=\"movie\" value=\"https:\/\/www.flickr.com\/apps\/slideshow\/show.swf?v=1811922554\" \/><param name=\"allowFullScreen\" value=\"true\" \/><embed type=\"application\/x-shockwave-flash\" src=\"https:\/\/www.flickr.com\/apps\/slideshow\/show.swf?v=1811922554\" allowfullscreen=\"allowfullscreen\" flashvars=\"offsite=true&amp;lang=es-us&amp;page_show_url=%2Fphotos%2Fielesvinyes%2Fsets%2F72157652185739771%2Fshow%2F&amp;page_show_back_url=%2Fphotos%2Fielesvinyes%2Fsets%2F72157652185739771%2F&amp;set_id=72157652185739771&amp;jump_to=\" width=\"400\" height=\"300\" \/><\/object><\/p>\n<p>Ser un Institut-Escola ens defineix i estructura el nostre projecte educatiu: aix\u00ed ho va copsar el reportatge sobre Les Vinyes\u00a0que va fer programa &#8220;El Vall\u00e8s Educa&#8221; de Canal Terrassa de televisi\u00f3. Aqu\u00ed el teniu!<\/p>\n<div class=\"ast-oembed-container \" style=\"height: 100%;\"><iframe loading=\"lazy\" title=\"El Vall\u00e8s Educa dimarts 21-04-2015 de Canal Terrassa\" width=\"500\" height=\"281\" src=\"https:\/\/www.youtube.com\/embed\/_mkRm7sqeoM?start=1111&#038;feature=oembed\" frameborder=\"0\" allow=\"accelerometer; autoplay; clipboard-write; encrypted-media; gyroscope; picture-in-picture; web-share\" referrerpolicy=\"strict-origin-when-cross-origin\" allowfullscreen><\/iframe><\/div>\n","protected":false},"excerpt":{"rendered":"<p>Divendres passat vam fer tots junts la sortida anual de centre. Tots els nenes i nenes, mestres i professorat de l&#8217;Institut-Escola vam passar plegats un dia de natura i activitats al Parc Natural del Montseny a Gualba. Els nens i nenes d&#8217;infantil van fer una passejada pel bosc, acompanyats per unes fades que els van [&hellip;]<\/p>\n","protected":false},"author":1,"featured_media":0,"comment_status":"open","ping_status":"open","sticky":false,"template":"","format":"standard","meta":{"_bbp_topic_count":0,"_bbp_reply_count":0,"_bbp_total_topic_count":0,"_bbp_total_reply_count":0,"_bbp_voice_count":0,"_bbp_anonymous_reply_count":0,"_bbp_topic_count_hidden":0,"_bbp_reply_count_hidden":0,"_bbp_forum_subforum_count":0,"site-sidebar-layout":"default","site-content-layout":"","ast-site-content-layout":"","site-content-style":"default","site-sidebar-style":"default","ast-global-header-display":"","ast-banner-title-visibility":"","ast-main-header-display":"","ast-hfb-above-header-display":"","ast-hfb-below-header-display":"","ast-hfb-mobile-header-display":"","site-post-title":"","ast-breadcrumbs-content":"","ast-featured-img":"","footer-sml-layout":"","theme-transparent-header-meta":"","adv-header-id-meta":"","stick-header-meta":"","header-above-stick-meta":"","header-main-stick-meta":"","header-below-stick-meta":"","astra-migrate-meta-layouts":"default","ast-page-background-enabled":"default","ast-page-background-meta":{"desktop":{"background-color":"var(--ast-global-color-4)","background-image":"","background-repeat":"repeat","background-position":"center center","background-size":"auto","background-attachment":"scroll","background-type":"","background-media":"","overlay-type":"","overlay-color":"","overlay-opacity":"","overlay-gradient":""},"tablet":{"background-color":"","background-image":"","background-repeat":"repeat","background-position":"center center","background-size":"auto","background-attachment":"scroll","background-type":"","background-media":"","overlay-type":"","overlay-color":"","overlay-opacity":"","overlay-gradient":""},"mobile":{"background-color":"","background-image":"","background-repeat":"repeat","background-position":"center center","background-size":"auto","background-attachment":"scroll","background-type":"","background-media":"","overlay-type":"","overlay-color":"","overlay-opacity":"","overlay-gradient":""}},"ast-content-background-meta":{"desktop":{"background-color":"var(--ast-global-color-5)","background-image":"","background-repeat":"repeat","background-position":"center center","background-size":"auto","background-attachment":"scroll","background-type":"","background-media":"","overlay-type":"","overlay-color":"","overlay-opacity":"","overlay-gradient":""},"tablet":{"background-color":"var(--ast-global-color-5)","background-image":"","background-repeat":"repeat","background-position":"center center","background-size":"auto","background-attachment":"scroll","background-type":"","background-media":"","overlay-type":"","overlay-color":"","overlay-opacity":"","overlay-gradient":""},"mobile":{"background-color":"var(--ast-global-color-5)","background-image":"","background-repeat":"repeat","background-position":"center center","background-size":"auto","background-attachment":"scroll","background-type":"","background-media":"","overlay-type":"","overlay-color":"","overlay-opacity":"","overlay-gradient":""}},"footnotes":""},"categories":[111,1,100,301,116],"tags":[269],"class_list":["post-2245","post","type-post","status-publish","format-standard","hentry","category-2014-15","category-general","category-infipri","category-secundaria","category-sortida","tag-sortida"],"post_mailing_queue_ids":[],"_links":{"self":[{"href":"https:\/\/agora.xtec.cat\/ielesvinyes\/wp-json\/wp\/v2\/posts\/2245","targetHints":{"allow":["GET"]}}],"collection":[{"href":"https:\/\/agora.xtec.cat\/ielesvinyes\/wp-json\/wp\/v2\/posts"}],"about":[{"href":"https:\/\/agora.xtec.cat\/ielesvinyes\/wp-json\/wp\/v2\/types\/post"}],"author":[{"embeddable":true,"href":"https:\/\/agora.xtec.cat\/ielesvinyes\/wp-json\/wp\/v2\/users\/1"}],"replies":[{"embeddable":true,"href":"https:\/\/agora.xtec.cat\/ielesvinyes\/wp-json\/wp\/v2\/comments?post=2245"}],"version-history":[{"count":0,"href":"https:\/\/agora.xtec.cat\/ielesvinyes\/wp-json\/wp\/v2\/posts\/2245\/revisions"}],"wp:attachment":[{"href":"https:\/\/agora.xtec.cat\/ielesvinyes\/wp-json\/wp\/v2\/media?parent=2245"}],"wp:term":[{"taxonomy":"category","embeddable":true,"href":"https:\/\/agora.xtec.cat\/ielesvinyes\/wp-json\/wp\/v2\/categories?post=2245"},{"taxonomy":"post_tag","embeddable":true,"href":"https:\/\/agora.xtec.cat\/ielesvinyes\/wp-json\/wp\/v2\/tags?post=2245"}],"curies":[{"name":"wp","href":"https:\/\/api.w.org\/{rel}","templated":true}]}}