{"id":2238,"date":"2015-04-21T12:46:30","date_gmt":"2015-04-21T10:46:30","guid":{"rendered":"http:\/\/ielesvinyes.net\/?p=2238"},"modified":"2015-04-21T12:46:30","modified_gmt":"2015-04-21T10:46:30","slug":"condol-per-la-comunitat-educativa-de-lins-joan-fuster","status":"publish","type":"post","link":"https:\/\/agora.xtec.cat\/ielesvinyes\/2014-15\/condol-per-la-comunitat-educativa-de-lins-joan-fuster\/","title":{"rendered":"Condol per la comunitat educativa de l&#039;INS Joan Fuster"},"content":{"rendered":"<p><a href=\"http:\/\/agora.xtec.cat\/ielesvinyes\/wp-content\/uploads\/usu1433\/2015\/04\/silenci.jpg\"><img loading=\"lazy\" decoding=\"async\" class=\"aligncenter size-full wp-image-2242\" src=\"http:\/\/agora.xtec.cat\/ielesvinyes\/wp-content\/uploads\/usu1433\/2015\/04\/silenci.jpg\" alt=\"silenci\" width=\"1281\" height=\"731\" srcset=\"https:\/\/agora.xtec.cat\/ielesvinyes\/wp-content\/uploads\/usu1433\/2015\/04\/silenci.jpg 1281w, https:\/\/agora.xtec.cat\/ielesvinyes\/wp-content\/uploads\/usu1433\/2015\/04\/silenci-300x171.jpg 300w, https:\/\/agora.xtec.cat\/ielesvinyes\/wp-content\/uploads\/usu1433\/2015\/04\/silenci-768x438.jpg 768w, https:\/\/agora.xtec.cat\/ielesvinyes\/wp-content\/uploads\/usu1433\/2015\/04\/silenci-1024x584.jpg 1024w\" sizes=\"auto, (max-width: 1281px) 100vw, 1281px\" \/><\/a>El Departament d&#8217;Esenyament ha convocat avui a tots els centres educatius de Catalunya a realitzar cinc minuts de silenci, a les 11 hores, com a acte de solidaritat amb la comunitat educativa pels greus fets ocorreguts ahir a l&#8217;Institut Joan Fuster de Barcelona.<\/p>\n<p>L&#8217;Institut-Escola Les Vinyes ens hem\u00a0afegit a aquest condol i volem fer\u00a0arribar\u00a0el nostre suport a tota la comunitat educativa de l&#8217;Institut Joan Fuster de Barcelona. Per aix\u00f2, despr\u00e9s del pati, l&#8217;alumnat de l&#8217;ESO, hem\u00a0una reflexi\u00f3 conjunta a cada grup-classe i \u00a0ens hem reunit\u00a0tots al pati-entrada de Prim\u00e0ria (C. Dr. Llarc). Un cop al pati, els\u00a0alumnes han llegit\u00a0un manifest i hem fet\u00a0cinc minuts en silenci, amb m\u00fasica de fons.<\/p>\n<p>Tal com han manifestat els delegats dels alumnes en la seva comunicaci\u00f3, &#8220;esperem que fets aix\u00ed no tornin a produir-se, ja que l&#8217;educaci\u00f3 \u00e9s un cam\u00ed cap a la toler\u00e0ncia i ens fa cr\u00e9ixer coma persones&#8221;.<\/p>\n<p>&nbsp;<\/p>\n","protected":false},"excerpt":{"rendered":"<p>El Departament d&#8217;Esenyament ha convocat avui a tots els centres educatius de Catalunya a realitzar cinc minuts de silenci, a les 11 hores, com a acte de solidaritat amb la comunitat educativa pels greus fets ocorreguts ahir a l&#8217;Institut Joan Fuster de Barcelona. L&#8217;Institut-Escola Les Vinyes ens hem\u00a0afegit a aquest condol i volem fer\u00a0arribar\u00a0el nostre [&hellip;]<\/p>\n","protected":false},"author":1,"featured_media":0,"comment_status":"open","ping_status":"open","sticky":false,"template":"","format":"standard","meta":{"_bbp_topic_count":0,"_bbp_reply_count":0,"_bbp_total_topic_count":0,"_bbp_total_reply_count":0,"_bbp_voice_count":0,"_bbp_anonymous_reply_count":0,"_bbp_topic_count_hidden":0,"_bbp_reply_count_hidden":0,"_bbp_forum_subforum_count":0,"site-sidebar-layout":"default","site-content-layout":"","ast-site-content-layout":"","site-content-style":"default","site-sidebar-style":"default","ast-global-header-display":"","ast-banner-title-visibility":"","ast-main-header-display":"","ast-hfb-above-header-display":"","ast-hfb-below-header-display":"","ast-hfb-mobile-header-display":"","site-post-title":"","ast-breadcrumbs-content":"","ast-featured-img":"","footer-sml-layout":"","theme-transparent-header-meta":"","adv-header-id-meta":"","stick-header-meta":"","header-above-stick-meta":"","header-main-stick-meta":"","header-below-stick-meta":"","astra-migrate-meta-layouts":"default","ast-page-background-enabled":"default","ast-page-background-meta":{"desktop":{"background-color":"var(--ast-global-color-4)","background-image":"","background-repeat":"repeat","background-position":"center center","background-size":"auto","background-attachment":"scroll","background-type":"","background-media":"","overlay-type":"","overlay-color":"","overlay-opacity":"","overlay-gradient":""},"tablet":{"background-color":"","background-image":"","background-repeat":"repeat","background-position":"center center","background-size":"auto","background-attachment":"scroll","background-type":"","background-media":"","overlay-type":"","overlay-color":"","overlay-opacity":"","overlay-gradient":""},"mobile":{"background-color":"","background-image":"","background-repeat":"repeat","background-position":"center center","background-size":"auto","background-attachment":"scroll","background-type":"","background-media":"","overlay-type":"","overlay-color":"","overlay-opacity":"","overlay-gradient":""}},"ast-content-background-meta":{"desktop":{"background-color":"var(--ast-global-color-5)","background-image":"","background-repeat":"repeat","background-position":"center center","background-size":"auto","background-attachment":"scroll","background-type":"","background-media":"","overlay-type":"","overlay-color":"","overlay-opacity":"","overlay-gradient":""},"tablet":{"background-color":"var(--ast-global-color-5)","background-image":"","background-repeat":"repeat","background-position":"center center","background-size":"auto","background-attachment":"scroll","background-type":"","background-media":"","overlay-type":"","overlay-color":"","overlay-opacity":"","overlay-gradient":""},"mobile":{"background-color":"var(--ast-global-color-5)","background-image":"","background-repeat":"repeat","background-position":"center center","background-size":"auto","background-attachment":"scroll","background-type":"","background-media":"","overlay-type":"","overlay-color":"","overlay-opacity":"","overlay-gradient":""}},"footnotes":""},"categories":[111],"tags":[],"class_list":["post-2238","post","type-post","status-publish","format-standard","hentry","category-2014-15"],"post_mailing_queue_ids":[],"_links":{"self":[{"href":"https:\/\/agora.xtec.cat\/ielesvinyes\/wp-json\/wp\/v2\/posts\/2238","targetHints":{"allow":["GET"]}}],"collection":[{"href":"https:\/\/agora.xtec.cat\/ielesvinyes\/wp-json\/wp\/v2\/posts"}],"about":[{"href":"https:\/\/agora.xtec.cat\/ielesvinyes\/wp-json\/wp\/v2\/types\/post"}],"author":[{"embeddable":true,"href":"https:\/\/agora.xtec.cat\/ielesvinyes\/wp-json\/wp\/v2\/users\/1"}],"replies":[{"embeddable":true,"href":"https:\/\/agora.xtec.cat\/ielesvinyes\/wp-json\/wp\/v2\/comments?post=2238"}],"version-history":[{"count":0,"href":"https:\/\/agora.xtec.cat\/ielesvinyes\/wp-json\/wp\/v2\/posts\/2238\/revisions"}],"wp:attachment":[{"href":"https:\/\/agora.xtec.cat\/ielesvinyes\/wp-json\/wp\/v2\/media?parent=2238"}],"wp:term":[{"taxonomy":"category","embeddable":true,"href":"https:\/\/agora.xtec.cat\/ielesvinyes\/wp-json\/wp\/v2\/categories?post=2238"},{"taxonomy":"post_tag","embeddable":true,"href":"https:\/\/agora.xtec.cat\/ielesvinyes\/wp-json\/wp\/v2\/tags?post=2238"}],"curies":[{"name":"wp","href":"https:\/\/api.w.org\/{rel}","templated":true}]}}