{"id":2229,"date":"2015-05-08T17:55:09","date_gmt":"2015-05-08T15:55:09","guid":{"rendered":"http:\/\/ampa.ielesvinyes.net\/stage1\/?p=2229"},"modified":"2020-02-03T18:58:47","modified_gmt":"2020-02-03T17:58:47","slug":"extraescolars-casalet-tardes-de-juny","status":"publish","type":"post","link":"https:\/\/agora.xtec.cat\/ielesvinyes\/afa\/extraescolars-casalet-tardes-de-juny\/","title":{"rendered":"Extraescolars &#8220;Casalet &#8211; tardes de juny&#8221;"},"content":{"rendered":"<p style=\"text-align: justify;\">Benvolgudes fam\u00edlies,<\/p>\n<p style=\"text-align: justify;\">S&#8217;acosta el mes de juny&#8230; i com cada any&#8230; la <strong>jornada intensiva<\/strong>.<\/p>\n<p style=\"text-align: justify;\"><strong>Recordar-vos que l&#8217;horari lectiu <span style=\"color: #ff6600;\">del 8 al 19 de juny ser\u00e0 de 9 a 13:00.<\/span><\/strong><\/p>\n<p style=\"text-align: justify;\"><img loading=\"lazy\" decoding=\"async\" class=\"alignleft  wp-image-2233\" src=\"http:\/\/ampa.ielesvinyes.net\/stage1\/wp-content\/uploads\/2015\/05\/7itria1.png\" alt=\"7itria1\" width=\"117\" height=\"108\" \/>Aquelles fam\u00edlies que necessitin allargar la jornada escolar dels seus fills fins l&#8217;horari habitual, us informen que podeu gaudir del <strong>Casalet<\/strong> que &#8220;7itria&#8221; (empresa que ens gestiona l&#8217;acollida i el menjador) ens ofereix. Us adjuntem informaci\u00f3 de les activitats que faran a continuaci\u00f3 de l&#8217;hora de dinar\u00a0<a href=\"http:\/\/ampa.ielesvinyes.net\/stage1\/wp-content\/uploads\/2015\/05\/jornada_intensiva_2015.pdf\" target=\"_blank\" rel=\"noopener noreferrer\"><img loading=\"lazy\" decoding=\"async\" class=\"  wp-image-2257 alignnone\" src=\"http:\/\/ampa.ielesvinyes.net\/stage1\/wp-content\/uploads\/2015\/05\/pdf.jpg\" alt=\"pdf\" width=\"27\" height=\"30\" \/><\/a><\/p>\n<p style=\"text-align: justify;\"><strong>Franjes hor\u00e0ries ofertades:<\/strong><\/p>\n<ul>\n<li style=\"text-align: justify;\"><strong>De 15:30 a 16:30<\/strong>. Preus:<br \/>\nFixe: 15 \u20ac<br \/>\nEspor\u00e0dic: 2 \u20ac<\/li>\n<\/ul>\n<ul>\n<li style=\"text-align: justify;\"><strong>De 15:30\u00a0a\u00a017:30<\/strong>. Preus:<br \/>\nFixe: 30 \u20ac<br \/>\nEspor\u00e0dic: 4 \u20ac<\/li>\n<\/ul>\n<p style=\"text-align: justify;\"><em>&#8220;7iTria&#8221; est\u00e0 fent un sondeig per saber qui est\u00e0 interessat. Preguem respongueu el m\u00e9s aviat possible a trav\u00e9s de la circular que trobareu a les motxilles dels nens\/es. Si no us ha arribat, el podeu descarregar en el seg\u00fcents enlla\u00e7os:<\/em><\/p>\n<ul>\n<li style=\"text-align: justify; padding-left: 30px;\">Per imprimir i omplir &#8220;a m\u00e0&#8221;\u00a0<a href=\"http:\/\/ampa.ielesvinyes.net\/stage1\/wp-content\/uploads\/2015\/05\/FULL-INSCRIPCIO-CASALET.pdf\" target=\"_blank\" rel=\"noopener noreferrer\"><img loading=\"lazy\" decoding=\"async\" class=\"  wp-image-2257 alignnone\" src=\"http:\/\/ampa.ielesvinyes.net\/stage1\/wp-content\/uploads\/2015\/05\/pdf.jpg\" alt=\"pdf\" width=\"27\" height=\"30\" \/><\/a><\/li>\n<li style=\"text-align: justify; padding-left: 30px;\">Per omplir online \u00a0i enviar per mail a l&#8217;AMPA <a href=\"http:\/\/ampa.ielesvinyes.net\/stage1\/wp-content\/uploads\/2015\/05\/FULL-INSCRIPCIO-CASALET-interactiu.pdf\" target=\"_blank\" rel=\"noopener noreferrer\"><img loading=\"lazy\" decoding=\"async\" class=\"  wp-image-2257 alignnone\" src=\"http:\/\/ampa.ielesvinyes.net\/stage1\/wp-content\/uploads\/2015\/05\/pdf.jpg\" alt=\"pdf\" width=\"27\" height=\"30\" \/><\/a>\u00a0<em>(ampa@ielesvinyes.net)<\/em><\/li>\n<\/ul>\n<p style=\"text-align: justify;\"><em>Recordeu que l&#8217;\u00faltim dia per inscriure&#8217;s \u00e9s el divendres 5 de juny.<\/em><\/p>\n<p style=\"text-align: justify;\"><strong>Gr\u00e0cies per la vostra col\u00b7laboraci\u00f3.<\/strong><\/p>\n<p style=\"text-align: justify;\">Salutacions ben cordials,<\/p>\n<p style=\"text-align: justify;\">May Cerrillo<br \/>\n<span style=\"text-decoration: underline;\">Comissi\u00f3 d&#8217;Acollida i Menjador<\/span><\/p>\n<p style=\"text-align: justify;\"><span style=\"color: #ffffff;\">0<\/span><\/p>\n","protected":false},"excerpt":{"rendered":"<p>Benvolgudes fam\u00edlies, S&#8217;acosta el mes de juny&#8230; i com cada any&#8230; la jornada intensiva. Recordar-vos que l&#8217;horari lectiu del 8 al 19 de juny ser\u00e0 de 9 a 13:00. Aquelles fam\u00edlies que necessitin allargar la jornada escolar dels seus fills fins l&#8217;horari habitual, us informen que podeu gaudir del Casalet que &#8220;7itria&#8221; (empresa que ens [&hellip;]<\/p>\n","protected":false},"author":52,"featured_media":0,"comment_status":"open","ping_status":"closed","sticky":false,"template":"","format":"standard","meta":{"_bbp_topic_count":0,"_bbp_reply_count":0,"_bbp_total_topic_count":0,"_bbp_total_reply_count":0,"_bbp_voice_count":0,"_bbp_anonymous_reply_count":0,"_bbp_topic_count_hidden":0,"_bbp_reply_count_hidden":0,"_bbp_forum_subforum_count":0,"site-sidebar-layout":"default","site-content-layout":"","ast-site-content-layout":"","site-content-style":"default","site-sidebar-style":"default","ast-global-header-display":"","ast-banner-title-visibility":"","ast-main-header-display":"","ast-hfb-above-header-display":"","ast-hfb-below-header-display":"","ast-hfb-mobile-header-display":"","site-post-title":"","ast-breadcrumbs-content":"","ast-featured-img":"","footer-sml-layout":"","theme-transparent-header-meta":"","adv-header-id-meta":"","stick-header-meta":"","header-above-stick-meta":"","header-main-stick-meta":"","header-below-stick-meta":"","astra-migrate-meta-layouts":"default","ast-page-background-enabled":"default","ast-page-background-meta":{"desktop":{"background-color":"var(--ast-global-color-4)","background-image":"","background-repeat":"repeat","background-position":"center center","background-size":"auto","background-attachment":"scroll","background-type":"","background-media":"","overlay-type":"","overlay-color":"","overlay-opacity":"","overlay-gradient":""},"tablet":{"background-color":"","background-image":"","background-repeat":"repeat","background-position":"center center","background-size":"auto","background-attachment":"scroll","background-type":"","background-media":"","overlay-type":"","overlay-color":"","overlay-opacity":"","overlay-gradient":""},"mobile":{"background-color":"","background-image":"","background-repeat":"repeat","background-position":"center center","background-size":"auto","background-attachment":"scroll","background-type":"","background-media":"","overlay-type":"","overlay-color":"","overlay-opacity":"","overlay-gradient":""}},"ast-content-background-meta":{"desktop":{"background-color":"var(--ast-global-color-5)","background-image":"","background-repeat":"repeat","background-position":"center center","background-size":"auto","background-attachment":"scroll","background-type":"","background-media":"","overlay-type":"","overlay-color":"","overlay-opacity":"","overlay-gradient":""},"tablet":{"background-color":"var(--ast-global-color-5)","background-image":"","background-repeat":"repeat","background-position":"center center","background-size":"auto","background-attachment":"scroll","background-type":"","background-media":"","overlay-type":"","overlay-color":"","overlay-opacity":"","overlay-gradient":""},"mobile":{"background-color":"var(--ast-global-color-5)","background-image":"","background-repeat":"repeat","background-position":"center center","background-size":"auto","background-attachment":"scroll","background-type":"","background-media":"","overlay-type":"","overlay-color":"","overlay-opacity":"","overlay-gradient":""}},"footnotes":""},"categories":[111,31,471],"tags":[],"class_list":["post-2229","post","type-post","status-publish","format-standard","hentry","category-2014-15","category-afa","category-noticies-afa"],"post_mailing_queue_ids":[],"_links":{"self":[{"href":"https:\/\/agora.xtec.cat\/ielesvinyes\/wp-json\/wp\/v2\/posts\/2229","targetHints":{"allow":["GET"]}}],"collection":[{"href":"https:\/\/agora.xtec.cat\/ielesvinyes\/wp-json\/wp\/v2\/posts"}],"about":[{"href":"https:\/\/agora.xtec.cat\/ielesvinyes\/wp-json\/wp\/v2\/types\/post"}],"author":[{"embeddable":true,"href":"https:\/\/agora.xtec.cat\/ielesvinyes\/wp-json\/wp\/v2\/users\/52"}],"replies":[{"embeddable":true,"href":"https:\/\/agora.xtec.cat\/ielesvinyes\/wp-json\/wp\/v2\/comments?post=2229"}],"version-history":[{"count":1,"href":"https:\/\/agora.xtec.cat\/ielesvinyes\/wp-json\/wp\/v2\/posts\/2229\/revisions"}],"predecessor-version":[{"id":5436,"href":"https:\/\/agora.xtec.cat\/ielesvinyes\/wp-json\/wp\/v2\/posts\/2229\/revisions\/5436"}],"wp:attachment":[{"href":"https:\/\/agora.xtec.cat\/ielesvinyes\/wp-json\/wp\/v2\/media?parent=2229"}],"wp:term":[{"taxonomy":"category","embeddable":true,"href":"https:\/\/agora.xtec.cat\/ielesvinyes\/wp-json\/wp\/v2\/categories?post=2229"},{"taxonomy":"post_tag","embeddable":true,"href":"https:\/\/agora.xtec.cat\/ielesvinyes\/wp-json\/wp\/v2\/tags?post=2229"}],"curies":[{"name":"wp","href":"https:\/\/api.w.org\/{rel}","templated":true}]}}