{"id":2061,"date":"2014-12-02T11:12:13","date_gmt":"2014-12-02T09:12:13","guid":{"rendered":"http:\/\/ielesvinyes.net\/?p=2061"},"modified":"2014-12-02T11:12:13","modified_gmt":"2014-12-02T09:12:13","slug":"la-donacio-de-sang-va-ser-un-exit","status":"publish","type":"post","link":"https:\/\/agora.xtec.cat\/ielesvinyes\/2014-15\/la-donacio-de-sang-va-ser-un-exit\/","title":{"rendered":"La donaci\u00f3 de sang va ser un \u00c8XIT!"},"content":{"rendered":"<p>El passat dimecres, 26 de novembre, va tenir lloc a l\u2019Institut-Escola Les Vinyes la campanya de <strong><span style=\"color: #ff0000;\">donaci\u00f3 de sang<\/span><\/strong>, promoguda pels alumnes de 3r d\u2019ESO del grup d\u2019Educaci\u00f3 per a la ciutadania, conjuntament amb el Banc de sang i teixits de Catalunya (projecte d\u2019Aprenentatge i Servei).<\/p>\n<figure id=\"attachment_2064\" aria-describedby=\"caption-attachment-2064\" style=\"width: 300px\" class=\"wp-caption alignleft\"><a href=\"http:\/\/agora.xtec.cat\/ielesvinyes\/wp-content\/uploads\/usu1433\/2014\/12\/PB260001.jpg\"><img loading=\"lazy\" decoding=\"async\" class=\"size-medium wp-image-2064\" src=\"http:\/\/agora.xtec.cat\/ielesvinyes\/wp-content\/uploads\/usu1433\/2014\/12\/PB260001-300x225.jpg\" alt=\"Els nois i noies de 3r atenent la gent que venia a donar sang.\" width=\"300\" height=\"225\" srcset=\"https:\/\/agora.xtec.cat\/ielesvinyes\/wp-content\/uploads\/usu1433\/2014\/12\/PB260001-300x225.jpg 300w, https:\/\/agora.xtec.cat\/ielesvinyes\/wp-content\/uploads\/usu1433\/2014\/12\/PB260001-768x576.jpg 768w, https:\/\/agora.xtec.cat\/ielesvinyes\/wp-content\/uploads\/usu1433\/2014\/12\/PB260001-1024x768.jpg 1024w, https:\/\/agora.xtec.cat\/ielesvinyes\/wp-content\/uploads\/usu1433\/2014\/12\/PB260001-200x150.jpg 200w\" sizes=\"auto, (max-width: 300px) 100vw, 300px\" \/><\/a><figcaption id=\"caption-attachment-2064\" class=\"wp-caption-text\">Els nois i noies de 3r atenent la gent que venia a donar sang.<\/figcaption><\/figure>\n<p>Vam comen\u00e7ar a preparar-ho tot a dos quarts de quatre de la tarda, posant les taules i organitzant les 9 lliteres d\u2019extracci\u00f3. L\u2019equip de professionals sanitaris del Banc de sang estava format per una doctora, una infermera que introdu\u00efa les dades a l\u2019ordinador, tres infermeres que extreien sang i un auxiliar que donava el refrigeri als donants. A les quatre va arribar la primera donant&#8230; Comen\u00e7a l\u2019acci\u00f3!<\/p>\n<figure id=\"attachment_2065\" aria-describedby=\"caption-attachment-2065\" style=\"width: 300px\" class=\"wp-caption alignright\"><a href=\"http:\/\/agora.xtec.cat\/ielesvinyes\/wp-content\/uploads\/usu1433\/2014\/12\/PB260028.jpg\"><img loading=\"lazy\" decoding=\"async\" class=\"wp-image-2065 size-medium\" src=\"http:\/\/agora.xtec.cat\/ielesvinyes\/wp-content\/uploads\/usu1433\/2014\/12\/PB260028-300x225.jpg\" alt=\"Un cop feta l'extracci\u00f3, col\u00b7labor\u00e0vem en donar-los el refrigeri.\" width=\"300\" height=\"225\" srcset=\"https:\/\/agora.xtec.cat\/ielesvinyes\/wp-content\/uploads\/usu1433\/2014\/12\/PB260028-300x225.jpg 300w, https:\/\/agora.xtec.cat\/ielesvinyes\/wp-content\/uploads\/usu1433\/2014\/12\/PB260028-768x576.jpg 768w, https:\/\/agora.xtec.cat\/ielesvinyes\/wp-content\/uploads\/usu1433\/2014\/12\/PB260028-1024x768.jpg 1024w, https:\/\/agora.xtec.cat\/ielesvinyes\/wp-content\/uploads\/usu1433\/2014\/12\/PB260028-200x150.jpg 200w\" sizes=\"auto, (max-width: 300px) 100vw, 300px\" \/><\/a><figcaption id=\"caption-attachment-2065\" class=\"wp-caption-text\">Un cop feta l&#8217;extracci\u00f3, col\u00b7labor\u00e0vem en donar-los el refrigeri.<\/figcaption><\/figure>\n<p>La tarda va ser intensa. Tots nosaltres est\u00e0vem repartits en diferent punts i portant a terme tasques diverses: atenent la gent que arribava, orientar-los per fer l\u2019enquesta inicial, acompanyant-los a la cua, donant-los el refrigeri i, al final de tot, demanant-los que omplissin la nostra enquesta de satisfacci\u00f3 (per cert, el 100% de les respostes s\u00f3n satisfact\u00f2ries) i regalant-los un petit detall per fer nosaltres.<\/p>\n<p>Els \u201cn\u00fameros\u201d de la jornada s\u00f3n els seg\u00fcents:<br \/>\n91 persones que van venir a donar sang<br \/>\n88 persones que van poder donar sang (gaireb\u00e9 el doble d\u2019altres vegades!)<br \/>\n22 donants nous!<\/p>\n<p>Gr\u00e0cies a tota la gent del poble que vau col\u2022laborar en el projecte d\u2019una manera o altra: fent difusi\u00f3 de la campanya o venint a sonar sang!<\/p>\n<figure id=\"attachment_2068\" aria-describedby=\"caption-attachment-2068\" style=\"width: 300px\" class=\"wp-caption aligncenter\"><a href=\"http:\/\/agora.xtec.cat\/ielesvinyes\/wp-content\/uploads\/usu1433\/2014\/12\/alumnes-les-vinyes-2.jpg\"><img loading=\"lazy\" decoding=\"async\" class=\"wp-image-2068 size-medium\" src=\"http:\/\/agora.xtec.cat\/ielesvinyes\/wp-content\/uploads\/usu1433\/2014\/12\/alumnes-les-vinyes-2-300x200.jpg\" alt=\"Els protagonistes de la campanya de donaci\u00f3!\" width=\"300\" height=\"200\" \/><\/a><figcaption id=\"caption-attachment-2068\" class=\"wp-caption-text\">Els protagonistes de la campanya de donaci\u00f3!<\/figcaption><\/figure>\n<p>Us enllacem la <a title=\"La not\u00edcia del 772\" href=\"http:\/\/www.772.cat\/els-almunes-de-3r-de-les-vinyes-aconsegueixen-atreure-91-donants-de-sang\/\" target=\"_blank\">not\u00edcia<\/a> que va publicar el diari local 772 l\u2019endem\u00e0 de la jornada i l\u2019<a title=\"\u00c0lbum de fotos de Ciutadania\" href=\"https:\/\/www.flickr.com\/photos\/ielesvinyes\/sets\/72157646568193524\/\" target=\"_blank\">\u00e0lbum de fotos<\/a> de Ciutadania.<\/p>\n<p><strong><span style=\"color: #ff0000;\"> Gr\u00e0cies a vosaltres la donaci\u00f3 va ser un \u00c8XIT!<\/span><\/strong><\/p>\n<p style=\"text-align: right;\"><em> Alumnat de 3r d\u2019ESO de la mat\u00e8ria de Ciutadania<\/em><\/p>\n","protected":false},"excerpt":{"rendered":"<p>El passat dimecres, 26 de novembre, va tenir lloc a l\u2019Institut-Escola Les Vinyes la campanya de donaci\u00f3 de sang, promoguda pels alumnes de 3r d\u2019ESO del grup d\u2019Educaci\u00f3 per a la ciutadania, conjuntament amb el Banc de sang i teixits de Catalunya (projecte d\u2019Aprenentatge i Servei). Vam comen\u00e7ar a preparar-ho tot a dos quarts de [&hellip;]<\/p>\n","protected":false},"author":6,"featured_media":2068,"comment_status":"open","ping_status":"open","sticky":false,"template":"","format":"standard","meta":{"_bbp_topic_count":0,"_bbp_reply_count":0,"_bbp_total_topic_count":0,"_bbp_total_reply_count":0,"_bbp_voice_count":0,"_bbp_anonymous_reply_count":0,"_bbp_topic_count_hidden":0,"_bbp_reply_count_hidden":0,"_bbp_forum_subforum_count":0,"site-sidebar-layout":"default","site-content-layout":"","ast-site-content-layout":"","site-content-style":"default","site-sidebar-style":"default","ast-global-header-display":"","ast-banner-title-visibility":"","ast-main-header-display":"","ast-hfb-above-header-display":"","ast-hfb-below-header-display":"","ast-hfb-mobile-header-display":"","site-post-title":"","ast-breadcrumbs-content":"","ast-featured-img":"","footer-sml-layout":"","theme-transparent-header-meta":"","adv-header-id-meta":"","stick-header-meta":"","header-above-stick-meta":"","header-main-stick-meta":"","header-below-stick-meta":"","astra-migrate-meta-layouts":"default","ast-page-background-enabled":"default","ast-page-background-meta":{"desktop":{"background-color":"var(--ast-global-color-4)","background-image":"","background-repeat":"repeat","background-position":"center center","background-size":"auto","background-attachment":"scroll","background-type":"","background-media":"","overlay-type":"","overlay-color":"","overlay-opacity":"","overlay-gradient":""},"tablet":{"background-color":"","background-image":"","background-repeat":"repeat","background-position":"center center","background-size":"auto","background-attachment":"scroll","background-type":"","background-media":"","overlay-type":"","overlay-color":"","overlay-opacity":"","overlay-gradient":""},"mobile":{"background-color":"","background-image":"","background-repeat":"repeat","background-position":"center center","background-size":"auto","background-attachment":"scroll","background-type":"","background-media":"","overlay-type":"","overlay-color":"","overlay-opacity":"","overlay-gradient":""}},"ast-content-background-meta":{"desktop":{"background-color":"var(--ast-global-color-5)","background-image":"","background-repeat":"repeat","background-position":"center center","background-size":"auto","background-attachment":"scroll","background-type":"","background-media":"","overlay-type":"","overlay-color":"","overlay-opacity":"","overlay-gradient":""},"tablet":{"background-color":"var(--ast-global-color-5)","background-image":"","background-repeat":"repeat","background-position":"center center","background-size":"auto","background-attachment":"scroll","background-type":"","background-media":"","overlay-type":"","overlay-color":"","overlay-opacity":"","overlay-gradient":""},"mobile":{"background-color":"var(--ast-global-color-5)","background-image":"","background-repeat":"repeat","background-position":"center center","background-size":"auto","background-attachment":"scroll","background-type":"","background-media":"","overlay-type":"","overlay-color":"","overlay-opacity":"","overlay-gradient":""}},"footnotes":""},"categories":[111,301],"tags":[],"class_list":["post-2061","post","type-post","status-publish","format-standard","has-post-thumbnail","hentry","category-2014-15","category-secundaria"],"post_mailing_queue_ids":[],"_links":{"self":[{"href":"https:\/\/agora.xtec.cat\/ielesvinyes\/wp-json\/wp\/v2\/posts\/2061","targetHints":{"allow":["GET"]}}],"collection":[{"href":"https:\/\/agora.xtec.cat\/ielesvinyes\/wp-json\/wp\/v2\/posts"}],"about":[{"href":"https:\/\/agora.xtec.cat\/ielesvinyes\/wp-json\/wp\/v2\/types\/post"}],"author":[{"embeddable":true,"href":"https:\/\/agora.xtec.cat\/ielesvinyes\/wp-json\/wp\/v2\/users\/6"}],"replies":[{"embeddable":true,"href":"https:\/\/agora.xtec.cat\/ielesvinyes\/wp-json\/wp\/v2\/comments?post=2061"}],"version-history":[{"count":0,"href":"https:\/\/agora.xtec.cat\/ielesvinyes\/wp-json\/wp\/v2\/posts\/2061\/revisions"}],"wp:featuredmedia":[{"embeddable":true,"href":"https:\/\/agora.xtec.cat\/ielesvinyes\/wp-json\/wp\/v2\/media\/2068"}],"wp:attachment":[{"href":"https:\/\/agora.xtec.cat\/ielesvinyes\/wp-json\/wp\/v2\/media?parent=2061"}],"wp:term":[{"taxonomy":"category","embeddable":true,"href":"https:\/\/agora.xtec.cat\/ielesvinyes\/wp-json\/wp\/v2\/categories?post=2061"},{"taxonomy":"post_tag","embeddable":true,"href":"https:\/\/agora.xtec.cat\/ielesvinyes\/wp-json\/wp\/v2\/tags?post=2061"}],"curies":[{"name":"wp","href":"https:\/\/api.w.org\/{rel}","templated":true}]}}