{"id":2020,"date":"2014-11-18T19:33:40","date_gmt":"2014-11-18T17:33:40","guid":{"rendered":"http:\/\/ielesvinyes.net\/?p=2020"},"modified":"2014-11-18T19:33:40","modified_gmt":"2014-11-18T17:33:40","slug":"setmana-de-la-ciencia-a-les-vinyes","status":"publish","type":"post","link":"https:\/\/agora.xtec.cat\/ielesvinyes\/2014-15\/setmana-de-la-ciencia-a-les-vinyes\/","title":{"rendered":"Setmana de la Ci\u00e8ncia a Les Vinyes"},"content":{"rendered":"<p>Hem iniciat\u00a0la <strong>Setmana de la Ci\u00e8ncia<\/strong> a Les Vinyes amb una sessi\u00f3\u00a0amb Anton Aubanell titulada\u00a0&#8220;Geometria i bombolles de sab\u00f3&#8221;.\u00a0Hem fet dues sessions multitudin\u00e0ries amb tots els alumnes de l&#8217;ESO. A trav\u00e9s de les bombolles, hem anat desgranant secrets de les matem\u00e0tiques, de la geometria i de les propietats del sab\u00f3!<\/p>\n<figure id=\"attachment_2028\" aria-describedby=\"caption-attachment-2028\" style=\"width: 501px\" class=\"wp-caption aligncenter\"><img loading=\"lazy\" decoding=\"async\" class=\"wp-image-2028 \" src=\"http:\/\/agora.xtec.cat\/ielesvinyes\/wp-content\/uploads\/usu1433\/2014\/11\/AntonAubanell.jpg\" alt=\"Anton Aubanell en un moment de l'exposici\u00f3\" width=\"501\" height=\"283\" \/><figcaption id=\"caption-attachment-2028\" class=\"wp-caption-text\">Foto: Anton Aubanell en un moment de l&#8217;exposici\u00f3<\/figcaption><\/figure>\n<p>Durant aquesta setmana farem diverses activitats internes centrades en la ci\u00e8ncia i tamb\u00e9 tots els &#8220;Bon dia&#8221; estaran dedicats a aquest tema.<\/p>\n<p>Els alumnes de 4t assistiran a la confer\u00e8ncia &#8220;Ter\u00e0pia G\u00e8nica o com els gens es poden utilitzar per curar malalties&#8221;, a c\u00e0rrec de Miguel Chill\u00f3n, que es realitzar\u00e0 el dia 19 de novembre a les 11,30 h a l&#8217;auditori &#8220;Els Costals&#8221; de Castellbisbal.<\/p>\n<p>A m\u00e9s a m\u00e9s, a matem\u00e0tiques, estem portant a terme un <a href=\"http:\/\/exponencial.ielesvinyes.net\/\">experiment matem\u00e0tic<\/a> sobre el comportament viral de les comunicacions en les xarxes socials. <strong>Segurament us arribar\u00e0 a casa una senzilla proposta per a participar-hi.<\/strong>\u00a0No deixeu de fer-ho! \ud83d\ude42<\/p>\n<p><strong>Bona setmana i bona ci\u00e8ncia!<\/strong><\/p>\n","protected":false},"excerpt":{"rendered":"<p>Hem iniciat\u00a0la Setmana de la Ci\u00e8ncia a Les Vinyes amb una sessi\u00f3\u00a0amb Anton Aubanell titulada\u00a0&#8220;Geometria i bombolles de sab\u00f3&#8221;.\u00a0Hem fet dues sessions multitudin\u00e0ries amb tots els alumnes de l&#8217;ESO. A trav\u00e9s de les bombolles, hem anat desgranant secrets de les matem\u00e0tiques, de la geometria i de les propietats del sab\u00f3! Durant aquesta setmana farem diverses [&hellip;]<\/p>\n","protected":false},"author":1,"featured_media":0,"comment_status":"open","ping_status":"open","sticky":false,"template":"","format":"standard","meta":{"_bbp_topic_count":0,"_bbp_reply_count":0,"_bbp_total_topic_count":0,"_bbp_total_reply_count":0,"_bbp_voice_count":0,"_bbp_anonymous_reply_count":0,"_bbp_topic_count_hidden":0,"_bbp_reply_count_hidden":0,"_bbp_forum_subforum_count":0,"site-sidebar-layout":"default","site-content-layout":"","ast-site-content-layout":"","site-content-style":"default","site-sidebar-style":"default","ast-global-header-display":"","ast-banner-title-visibility":"","ast-main-header-display":"","ast-hfb-above-header-display":"","ast-hfb-below-header-display":"","ast-hfb-mobile-header-display":"","site-post-title":"","ast-breadcrumbs-content":"","ast-featured-img":"","footer-sml-layout":"","theme-transparent-header-meta":"","adv-header-id-meta":"","stick-header-meta":"","header-above-stick-meta":"","header-main-stick-meta":"","header-below-stick-meta":"","astra-migrate-meta-layouts":"default","ast-page-background-enabled":"default","ast-page-background-meta":{"desktop":{"background-color":"var(--ast-global-color-4)","background-image":"","background-repeat":"repeat","background-position":"center center","background-size":"auto","background-attachment":"scroll","background-type":"","background-media":"","overlay-type":"","overlay-color":"","overlay-opacity":"","overlay-gradient":""},"tablet":{"background-color":"","background-image":"","background-repeat":"repeat","background-position":"center center","background-size":"auto","background-attachment":"scroll","background-type":"","background-media":"","overlay-type":"","overlay-color":"","overlay-opacity":"","overlay-gradient":""},"mobile":{"background-color":"","background-image":"","background-repeat":"repeat","background-position":"center center","background-size":"auto","background-attachment":"scroll","background-type":"","background-media":"","overlay-type":"","overlay-color":"","overlay-opacity":"","overlay-gradient":""}},"ast-content-background-meta":{"desktop":{"background-color":"var(--ast-global-color-5)","background-image":"","background-repeat":"repeat","background-position":"center center","background-size":"auto","background-attachment":"scroll","background-type":"","background-media":"","overlay-type":"","overlay-color":"","overlay-opacity":"","overlay-gradient":""},"tablet":{"background-color":"var(--ast-global-color-5)","background-image":"","background-repeat":"repeat","background-position":"center center","background-size":"auto","background-attachment":"scroll","background-type":"","background-media":"","overlay-type":"","overlay-color":"","overlay-opacity":"","overlay-gradient":""},"mobile":{"background-color":"var(--ast-global-color-5)","background-image":"","background-repeat":"repeat","background-position":"center center","background-size":"auto","background-attachment":"scroll","background-type":"","background-media":"","overlay-type":"","overlay-color":"","overlay-opacity":"","overlay-gradient":""}},"footnotes":""},"categories":[111,301],"tags":[266],"class_list":["post-2020","post","type-post","status-publish","format-standard","hentry","category-2014-15","category-secundaria","tag-setmana-de-la-ciencia"],"post_mailing_queue_ids":[],"_links":{"self":[{"href":"https:\/\/agora.xtec.cat\/ielesvinyes\/wp-json\/wp\/v2\/posts\/2020","targetHints":{"allow":["GET"]}}],"collection":[{"href":"https:\/\/agora.xtec.cat\/ielesvinyes\/wp-json\/wp\/v2\/posts"}],"about":[{"href":"https:\/\/agora.xtec.cat\/ielesvinyes\/wp-json\/wp\/v2\/types\/post"}],"author":[{"embeddable":true,"href":"https:\/\/agora.xtec.cat\/ielesvinyes\/wp-json\/wp\/v2\/users\/1"}],"replies":[{"embeddable":true,"href":"https:\/\/agora.xtec.cat\/ielesvinyes\/wp-json\/wp\/v2\/comments?post=2020"}],"version-history":[{"count":0,"href":"https:\/\/agora.xtec.cat\/ielesvinyes\/wp-json\/wp\/v2\/posts\/2020\/revisions"}],"wp:attachment":[{"href":"https:\/\/agora.xtec.cat\/ielesvinyes\/wp-json\/wp\/v2\/media?parent=2020"}],"wp:term":[{"taxonomy":"category","embeddable":true,"href":"https:\/\/agora.xtec.cat\/ielesvinyes\/wp-json\/wp\/v2\/categories?post=2020"},{"taxonomy":"post_tag","embeddable":true,"href":"https:\/\/agora.xtec.cat\/ielesvinyes\/wp-json\/wp\/v2\/tags?post=2020"}],"curies":[{"name":"wp","href":"https:\/\/api.w.org\/{rel}","templated":true}]}}