{"id":1978,"date":"2014-10-14T08:35:57","date_gmt":"2014-10-14T06:35:57","guid":{"rendered":"http:\/\/ielesvinyes.net\/?p=1978"},"modified":"2014-10-14T08:35:57","modified_gmt":"2014-10-14T06:35:57","slug":"inici-de-la-formacio-interna-del-professorat","status":"publish","type":"post","link":"https:\/\/agora.xtec.cat\/ielesvinyes\/etapes\/infipri\/inici-de-la-formacio-interna-del-professorat\/","title":{"rendered":"Inici de la formaci\u00f3 interna del professorat"},"content":{"rendered":"<p>Ahir a la tarda vam iniciar formalment un seguit de sessions d&#8217;intercanvi i reflexi\u00f3 entre els mestres d&#8217;infantil i prim\u00e0ria i els professors de l&#8217;ESO sobre<strong> la personalitzaci\u00f3 de l&#8217;aprenentatge<\/strong>. Aquesta primera sessi\u00f3 ha estat dedicada a l&#8217;avaluaci\u00f3. L&#8217;avaluaci\u00f3 entesa com un proc\u00e9s amb dades, criteris, valoraci\u00f3 i presa de decisions.<\/p>\n<p>L&#8217;equip d&#8217;educaci\u00f3 infantil ha compartit com s&#8217;avaluen els projectes, el desenvolupament lector, el grafisme o els racons de treball. L&#8217;equip d&#8217;educaci\u00f3 prim\u00e0ria ha parlat de l&#8217;avaluaci\u00f3 per compet\u00e8ncies i de la personalitzaci\u00f3 dels aprenentatges i n&#8217;ha ofert nombrosos exemples. L&#8217;equip de l&#8217;ESO presentar\u00e0 pr\u00e0ctiques d&#8217;aula i diferents propostes en la propera sessi\u00f3.<\/p>\n<figure id=\"attachment_1979\" aria-describedby=\"caption-attachment-1979\" style=\"width: 504px\" class=\"wp-caption aligncenter\"><a href=\"http:\/\/agora.xtec.cat\/ielesvinyes\/wp-content\/uploads\/usu1433\/2014\/10\/Formaci\u00f3.jpg\"><img loading=\"lazy\" decoding=\"async\" class=\"wp-image-1979\" src=\"http:\/\/agora.xtec.cat\/ielesvinyes\/wp-content\/uploads\/usu1433\/2014\/10\/Formaci\u00f3-1024x709.jpg\" alt=\"Formaci\u00f3\" width=\"504\" height=\"349\" \/><\/a><figcaption id=\"caption-attachment-1979\" class=\"wp-caption-text\">Foto: Un moment de la formaci\u00f3 interna<\/figcaption><\/figure>\n<p>A Les Vinyes considerem que el desenvolupament professional del professorat \u00e9s una de les bases del nostre projecte educatiu. M\u00e9s enll\u00e0 de la pertinen\u00e7a a <a href=\"http:\/\/ielesvinyes.net\/centre\/xarxa-dinstituts-innovadors\/\">la xarxa d&#8217;instituts innovadors<\/a> de l&#8217;ICE de la Universitat Aut\u00f2noma de Barcelona, la formaci\u00f3 interna entre nosaltres \u00e9s determinant per a fer possible <a href=\"http:\/\/ielesvinyes.net\/com-treballem\/\" target=\"_blank\">la nostra manera de treballar<\/a>. B\u00e9 sigui en sessions formals, b\u00e9 sigui a trav\u00e9s del treball intens dels equips docents en el dia a dia, els docents del centre tamb\u00e9 ens esforcem per millorar i aprendre. Com els alumnes, \u00e9s clar. \ud83d\ude42<\/p>\n","protected":false},"excerpt":{"rendered":"<p>Ahir a la tarda vam iniciar formalment un seguit de sessions d&#8217;intercanvi i reflexi\u00f3 entre els mestres d&#8217;infantil i prim\u00e0ria i els professors de l&#8217;ESO sobre la personalitzaci\u00f3 de l&#8217;aprenentatge. Aquesta primera sessi\u00f3 ha estat dedicada a l&#8217;avaluaci\u00f3. L&#8217;avaluaci\u00f3 entesa com un proc\u00e9s amb dades, criteris, valoraci\u00f3 i presa de decisions. L&#8217;equip d&#8217;educaci\u00f3 infantil ha [&hellip;]<\/p>\n","protected":false},"author":1,"featured_media":0,"comment_status":"open","ping_status":"open","sticky":false,"template":"","format":"standard","meta":{"_bbp_topic_count":0,"_bbp_reply_count":0,"_bbp_total_topic_count":0,"_bbp_total_reply_count":0,"_bbp_voice_count":0,"_bbp_anonymous_reply_count":0,"_bbp_topic_count_hidden":0,"_bbp_reply_count_hidden":0,"_bbp_forum_subforum_count":0,"site-sidebar-layout":"default","site-content-layout":"","ast-site-content-layout":"","site-content-style":"default","site-sidebar-style":"default","ast-global-header-display":"","ast-banner-title-visibility":"","ast-main-header-display":"","ast-hfb-above-header-display":"","ast-hfb-below-header-display":"","ast-hfb-mobile-header-display":"","site-post-title":"","ast-breadcrumbs-content":"","ast-featured-img":"","footer-sml-layout":"","theme-transparent-header-meta":"","adv-header-id-meta":"","stick-header-meta":"","header-above-stick-meta":"","header-main-stick-meta":"","header-below-stick-meta":"","astra-migrate-meta-layouts":"default","ast-page-background-enabled":"default","ast-page-background-meta":{"desktop":{"background-color":"var(--ast-global-color-4)","background-image":"","background-repeat":"repeat","background-position":"center center","background-size":"auto","background-attachment":"scroll","background-type":"","background-media":"","overlay-type":"","overlay-color":"","overlay-opacity":"","overlay-gradient":""},"tablet":{"background-color":"","background-image":"","background-repeat":"repeat","background-position":"center center","background-size":"auto","background-attachment":"scroll","background-type":"","background-media":"","overlay-type":"","overlay-color":"","overlay-opacity":"","overlay-gradient":""},"mobile":{"background-color":"","background-image":"","background-repeat":"repeat","background-position":"center center","background-size":"auto","background-attachment":"scroll","background-type":"","background-media":"","overlay-type":"","overlay-color":"","overlay-opacity":"","overlay-gradient":""}},"ast-content-background-meta":{"desktop":{"background-color":"var(--ast-global-color-5)","background-image":"","background-repeat":"repeat","background-position":"center center","background-size":"auto","background-attachment":"scroll","background-type":"","background-media":"","overlay-type":"","overlay-color":"","overlay-opacity":"","overlay-gradient":""},"tablet":{"background-color":"var(--ast-global-color-5)","background-image":"","background-repeat":"repeat","background-position":"center center","background-size":"auto","background-attachment":"scroll","background-type":"","background-media":"","overlay-type":"","overlay-color":"","overlay-opacity":"","overlay-gradient":""},"mobile":{"background-color":"var(--ast-global-color-5)","background-image":"","background-repeat":"repeat","background-position":"center center","background-size":"auto","background-attachment":"scroll","background-type":"","background-media":"","overlay-type":"","overlay-color":"","overlay-opacity":"","overlay-gradient":""}},"footnotes":""},"categories":[111,100,301],"tags":[319,340],"class_list":["post-1978","post","type-post","status-publish","format-standard","hentry","category-2014-15","category-infipri","category-secundaria","tag-formacio","tag-formacio_interna"],"post_mailing_queue_ids":[],"_links":{"self":[{"href":"https:\/\/agora.xtec.cat\/ielesvinyes\/wp-json\/wp\/v2\/posts\/1978","targetHints":{"allow":["GET"]}}],"collection":[{"href":"https:\/\/agora.xtec.cat\/ielesvinyes\/wp-json\/wp\/v2\/posts"}],"about":[{"href":"https:\/\/agora.xtec.cat\/ielesvinyes\/wp-json\/wp\/v2\/types\/post"}],"author":[{"embeddable":true,"href":"https:\/\/agora.xtec.cat\/ielesvinyes\/wp-json\/wp\/v2\/users\/1"}],"replies":[{"embeddable":true,"href":"https:\/\/agora.xtec.cat\/ielesvinyes\/wp-json\/wp\/v2\/comments?post=1978"}],"version-history":[{"count":0,"href":"https:\/\/agora.xtec.cat\/ielesvinyes\/wp-json\/wp\/v2\/posts\/1978\/revisions"}],"wp:attachment":[{"href":"https:\/\/agora.xtec.cat\/ielesvinyes\/wp-json\/wp\/v2\/media?parent=1978"}],"wp:term":[{"taxonomy":"category","embeddable":true,"href":"https:\/\/agora.xtec.cat\/ielesvinyes\/wp-json\/wp\/v2\/categories?post=1978"},{"taxonomy":"post_tag","embeddable":true,"href":"https:\/\/agora.xtec.cat\/ielesvinyes\/wp-json\/wp\/v2\/tags?post=1978"}],"curies":[{"name":"wp","href":"https:\/\/api.w.org\/{rel}","templated":true}]}}