{"id":1950,"date":"2011-09-06T11:30:13","date_gmt":"2011-09-06T09:30:13","guid":{"rendered":"http:\/\/ampa.ielesvinyes.net\/stage1\/?p=1950"},"modified":"2020-03-05T19:31:44","modified_gmt":"2020-03-05T18:31:44","slug":"transport-escolar","status":"publish","type":"post","link":"https:\/\/agora.xtec.cat\/ielesvinyes\/afa\/transport-escolar\/","title":{"rendered":"Transport Escolar: Possibles solucions"},"content":{"rendered":"<p class=\"yiv2591909522ecxMsoNormal\" style=\"text-align: justify;\"><strong style=\"font-family: inherit; font-size: 1em;\">Us informem de la reuni\u00f3 que vam mantenir ahir, amb refer\u00e8ncia al transport escolar, a la que van assistir:<a href=\"https:\/\/agora.xtec.cat\/ielesvinyes\/wp-content\/uploads\/usu1433\/2019\/12\/transport_escolar.jpg\"><img loading=\"lazy\" decoding=\"async\" class=\"wp-image-4634 alignleft\" src=\"https:\/\/agora.xtec.cat\/ielesvinyes\/wp-content\/uploads\/usu1433\/2019\/12\/transport_escolar.jpg\" alt=\"\" width=\"233\" height=\"252\" srcset=\"https:\/\/agora.xtec.cat\/ielesvinyes\/wp-content\/uploads\/usu1433\/2019\/12\/transport_escolar.jpg 839w, https:\/\/agora.xtec.cat\/ielesvinyes\/wp-content\/uploads\/usu1433\/2019\/12\/transport_escolar-277x300.jpg 277w, https:\/\/agora.xtec.cat\/ielesvinyes\/wp-content\/uploads\/usu1433\/2019\/12\/transport_escolar-768x831.jpg 768w\" sizes=\"auto, (max-width: 233px) 100vw, 233px\" \/><\/a><\/strong><\/p>\n<ul>\n<li class=\"yiv2591909522ecxMsoNormal\" style=\"text-align: justify;\">Alcaldessa, Sra. Conxi Llurba<\/li>\n<li id=\"yui_3_16_0_1_1426004200144_90659\" class=\"yiv2591909522ecxMsoListParagraphCxSpMiddle\" style=\"text-align: justify;\"><span id=\"yui_3_16_0_1_1426004200144_90658\" lang=\"ES\">Merc\u00e8 Caralt\u00f3, regidora d\u2019Ensenyament<\/span><\/li>\n<li class=\"yiv2591909522ecxMsoListParagraphCxSpMiddle\" style=\"text-align: justify;\"><span lang=\"ES\">Jordi Marzo, regidor de Serveis Municipals Territorials<\/span><\/li>\n<li class=\"yiv2591909522ecxMsoListParagraphCxSpMiddle\" style=\"text-align: justify;\"><span lang=\"ES\">Representants de totes les AMPA de les escoles, Institut i Institut-Escola<\/span><\/li>\n<li class=\"yiv2591909522ecxMsoListParagraphCxSpLast\" style=\"text-align: justify;\"><span lang=\"ES\">Representants de la Plataforma d&#8217;afectats (a l&#8217;inici de la reuni\u00f3, &#8216;Ajuntament\u00a0accepta la participaci\u00f3 de 2 persones d&#8217;aquesta plataforma, encara que\u00a0inicialment no estaven convocades)<\/span><\/li>\n<\/ul>\n<p style=\"text-align: justify;\">Els punts principals de la reuni\u00f3 es resumeixen en els seg\u00fcents punts:<\/p>\n<ul style=\"text-align: justify;\">\n<li>L&#8217;Ajuntament presenta els pressupostos que s&#8217;han rebut per part de diferents companyies de transport per cobrir les places dels alumnes de Secund\u00e0ria. Els preus per alumne ronden els 550\/650\u20ac l&#8217;any, ja que no hi ha subvenci\u00f3 ni per part del Consell Comarcal ni per part de l&#8217;Ajuntament, que abarateixi l&#8217;aportaci\u00f3 familiar fins als 265\u20ac fixats. A tothom li sembla una opci\u00f3 massa costosa i l&#8217;Ajuntament deixa clar que no es far\u00e0 c\u00e0rrec de la difer\u00e8ncia de preu per cobrir el transport dels alumnes afectats.<\/li>\n<li>Es confirma que existeix un acord contractual amb TGO (Autos Castellbisbal) i Consell Comarcar de 3 anys, per cobrir el transport escolar i no es renegociable ni rescindible per optar per una altra companyia m\u00e9s econ\u00f2mica.<\/li>\n<li>Per solucionar el transport dels alumnes de l&#8217;Institut i de l&#8217;Institut-Escola (Secund\u00e0ria), l&#8217;Ajuntament optimitzar\u00e0 el Bus Urb\u00e0 i adequar\u00e0 horaris i parades per ajustar-se a les necessitats d&#8217;entrada i sortida dels alumnes:\n<ol>\n<li>Fusionar\u00e0 dues parades actuals de l&#8217;entrada del poble en una \u00fanica, que parar\u00e0 davant de Les Vinyes.<\/li>\n<li>Els horaris actuals del Bus Urb\u00e0 al seu pas per les urbanitzacions es mantenen, de moment, per evitar confusions a l&#8217;inici de curs, per\u00f2 s&#8217;aniran adaptant gradualment\u00a0per ajustar-los al m\u00e0xim possible.<\/li>\n<li>Existeix el comprom\u00eds, per part d&#8217;Autos Castellbisbal, d&#8217;ajustar la capacitat dels autobusos a les noves necessitats dels usuaris del servei.<\/li>\n<li>Els alumnes podran pagar amb la Targeta Jove (4\u20ac\/10 viatges) i amb la T-12.<\/li>\n<li>Es contempla ampliar la vigil\u00e0ncia policial per controlar noves &#8220;zones de pas&#8221; des de les urbanitzacions, com la rotonda de Can Costa, davant la possibilitat de venir a peu de forma massiva.<\/li>\n<\/ol>\n<\/li>\n<li>Respecte als alumnes d&#8217;Infantil de l&#8217;Institut-Escola, l&#8217;AMPA aconsegueix que l&#8217;Ajuntament organitzi una nova reuni\u00f3 (Ajuntament\/Consell Comarcal\/AMPA Les Vinyes) per intentar trobar una soluci\u00f3 \u00f2ptima per a tots per aquest curs escolar, encara que l&#8217;Ajuntament mant\u00e9 la seva postura de no col\u00b7laborar econ\u00f2micament.<\/li>\n<\/ul>\n<p id=\"yui_3_16_0_1_1426004200144_90687\" class=\"yiv2591909522ecxMsoNormal\" style=\"text-align: justify;\"><span lang=\"ES\">Recordem que <strong>aquesta tarda, a les 19h, hi ha convocada una Assemblea de Socis<\/strong>. \u00c9s important que tots els pares amb alumnes d&#8217;Infantil afectats pel transport escolar vinguin per definir alguns aspectes previs a la propera reuni\u00f3.<\/span><\/p>\n","protected":false},"excerpt":{"rendered":"<p>Us informem de la reuni\u00f3 que vam mantenir ahir, amb refer\u00e8ncia al transport escolar, a la que van assistir: Alcaldessa, Sra. Conxi Llurba Merc\u00e8 Caralt\u00f3, regidora d\u2019Ensenyament Jordi Marzo, regidor de Serveis Municipals Territorials Representants de totes les AMPA de les escoles, Institut i Institut-Escola Representants de la Plataforma d&#8217;afectats (a l&#8217;inici de la reuni\u00f3, [&hellip;]<\/p>\n","protected":false},"author":52,"featured_media":4634,"comment_status":"open","ping_status":"closed","sticky":false,"template":"","format":"standard","meta":{"_bbp_topic_count":0,"_bbp_reply_count":0,"_bbp_total_topic_count":0,"_bbp_total_reply_count":0,"_bbp_voice_count":0,"_bbp_anonymous_reply_count":0,"_bbp_topic_count_hidden":0,"_bbp_reply_count_hidden":0,"_bbp_forum_subforum_count":0,"site-sidebar-layout":"default","site-content-layout":"","ast-site-content-layout":"","site-content-style":"default","site-sidebar-style":"default","ast-global-header-display":"","ast-banner-title-visibility":"","ast-main-header-display":"","ast-hfb-above-header-display":"","ast-hfb-below-header-display":"","ast-hfb-mobile-header-display":"","site-post-title":"","ast-breadcrumbs-content":"","ast-featured-img":"","footer-sml-layout":"","theme-transparent-header-meta":"","adv-header-id-meta":"","stick-header-meta":"","header-above-stick-meta":"","header-main-stick-meta":"","header-below-stick-meta":"","astra-migrate-meta-layouts":"default","ast-page-background-enabled":"default","ast-page-background-meta":{"desktop":{"background-color":"var(--ast-global-color-4)","background-image":"","background-repeat":"repeat","background-position":"center center","background-size":"auto","background-attachment":"scroll","background-type":"","background-media":"","overlay-type":"","overlay-color":"","overlay-opacity":"","overlay-gradient":""},"tablet":{"background-color":"","background-image":"","background-repeat":"repeat","background-position":"center center","background-size":"auto","background-attachment":"scroll","background-type":"","background-media":"","overlay-type":"","overlay-color":"","overlay-opacity":"","overlay-gradient":""},"mobile":{"background-color":"","background-image":"","background-repeat":"repeat","background-position":"center center","background-size":"auto","background-attachment":"scroll","background-type":"","background-media":"","overlay-type":"","overlay-color":"","overlay-opacity":"","overlay-gradient":""}},"ast-content-background-meta":{"desktop":{"background-color":"var(--ast-global-color-5)","background-image":"","background-repeat":"repeat","background-position":"center center","background-size":"auto","background-attachment":"scroll","background-type":"","background-media":"","overlay-type":"","overlay-color":"","overlay-opacity":"","overlay-gradient":""},"tablet":{"background-color":"var(--ast-global-color-5)","background-image":"","background-repeat":"repeat","background-position":"center center","background-size":"auto","background-attachment":"scroll","background-type":"","background-media":"","overlay-type":"","overlay-color":"","overlay-opacity":"","overlay-gradient":""},"mobile":{"background-color":"var(--ast-global-color-5)","background-image":"","background-repeat":"repeat","background-position":"center center","background-size":"auto","background-attachment":"scroll","background-type":"","background-media":"","overlay-type":"","overlay-color":"","overlay-opacity":"","overlay-gradient":""}},"footnotes":""},"categories":[31,471],"tags":[],"class_list":["post-1950","post","type-post","status-publish","format-standard","has-post-thumbnail","hentry","category-afa","category-noticies-afa"],"post_mailing_queue_ids":[],"_links":{"self":[{"href":"https:\/\/agora.xtec.cat\/ielesvinyes\/wp-json\/wp\/v2\/posts\/1950","targetHints":{"allow":["GET"]}}],"collection":[{"href":"https:\/\/agora.xtec.cat\/ielesvinyes\/wp-json\/wp\/v2\/posts"}],"about":[{"href":"https:\/\/agora.xtec.cat\/ielesvinyes\/wp-json\/wp\/v2\/types\/post"}],"author":[{"embeddable":true,"href":"https:\/\/agora.xtec.cat\/ielesvinyes\/wp-json\/wp\/v2\/users\/52"}],"replies":[{"embeddable":true,"href":"https:\/\/agora.xtec.cat\/ielesvinyes\/wp-json\/wp\/v2\/comments?post=1950"}],"version-history":[{"count":1,"href":"https:\/\/agora.xtec.cat\/ielesvinyes\/wp-json\/wp\/v2\/posts\/1950\/revisions"}],"predecessor-version":[{"id":6051,"href":"https:\/\/agora.xtec.cat\/ielesvinyes\/wp-json\/wp\/v2\/posts\/1950\/revisions\/6051"}],"wp:featuredmedia":[{"embeddable":true,"href":"https:\/\/agora.xtec.cat\/ielesvinyes\/wp-json\/wp\/v2\/media\/4634"}],"wp:attachment":[{"href":"https:\/\/agora.xtec.cat\/ielesvinyes\/wp-json\/wp\/v2\/media?parent=1950"}],"wp:term":[{"taxonomy":"category","embeddable":true,"href":"https:\/\/agora.xtec.cat\/ielesvinyes\/wp-json\/wp\/v2\/categories?post=1950"},{"taxonomy":"post_tag","embeddable":true,"href":"https:\/\/agora.xtec.cat\/ielesvinyes\/wp-json\/wp\/v2\/tags?post=1950"}],"curies":[{"name":"wp","href":"https:\/\/api.w.org\/{rel}","templated":true}]}}