{"id":1947,"date":"2011-09-02T10:58:01","date_gmt":"2011-09-02T10:58:01","guid":{"rendered":"http:\/\/ampa.ielesvinyes.net\/stage1\/?p=1947"},"modified":"2020-02-08T20:40:51","modified_gmt":"2020-02-08T19:40:51","slug":"supressio-transport-escolar","status":"publish","type":"post","link":"https:\/\/agora.xtec.cat\/ielesvinyes\/afa\/supressio-transport-escolar\/","title":{"rendered":"Supressi\u00f3 Transport Escolar"},"content":{"rendered":"<p class=\"yiv0598969053MsoListParagraphCxSpFirst\"><strong>Us fem un resum de la reuni\u00f3 mantinguda ahir amb l&#8217;Ajuntament.<\/strong><\/p>\n<p><img loading=\"lazy\" decoding=\"async\" class=\"wp-image-4634 alignleft\" src=\"https:\/\/agora.xtec.cat\/ielesvinyes\/wp-content\/uploads\/usu1433\/2019\/12\/transport_escolar.jpg\" alt=\"\" width=\"208\" height=\"225\" srcset=\"https:\/\/agora.xtec.cat\/ielesvinyes\/wp-content\/uploads\/usu1433\/2019\/12\/transport_escolar.jpg 839w, https:\/\/agora.xtec.cat\/ielesvinyes\/wp-content\/uploads\/usu1433\/2019\/12\/transport_escolar-277x300.jpg 277w, https:\/\/agora.xtec.cat\/ielesvinyes\/wp-content\/uploads\/usu1433\/2019\/12\/transport_escolar-768x831.jpg 768w\" sizes=\"auto, (max-width: 208px) 100vw, 208px\" \/><\/p>\n<p class=\"yiv0598969053MsoListParagraphCxSpFirst\" style=\"text-align: justify;\">Van comen\u00e7ar explicant-nos els antecedents, caracter\u00edstiques del transport de Castellbisbal, la situaci\u00f3 econ\u00f2mica actual del Consell Comarcal i la repercussi\u00f3 en la dotaci\u00f3 del transport al nostre municipi.<\/p>\n<p class=\"yiv0598969053MsoListParagraphCxSpFirst\" style=\"text-align: justify;\">El transport del que gaudeix Castellbisbal est\u00e0 catalogat com TRANSPORT ESCOLAR NO OBLIGATORI, ja que no compleix cap dels dos sup\u00f2sits per a ser obligatori:<\/p>\n<ol style=\"text-align: justify;\">\n<li class=\"yiv0598969053MsoListParagraphCxSpFirst\">Que els alumnes, per a continuar amb els seus estudis reglats, hagin de despla\u00e7ar-se a una altra localitat perqu\u00e8 en la de resid\u00e8ncia no hi han centres que cursin els seus estudis.<\/li>\n<li class=\"yiv0598969053MsoListParagraphCxSpFirst\">Que els alumnes requereixin d&#8217;educaci\u00f3 especial i hagin d&#8217;anar a un centre especialitzat fora del municipi.<\/li>\n<\/ol>\n<p>&nbsp;<\/p>\n<p style=\"text-align: justify;\">Al 2011, la dotaci\u00f3 que la Generalitat atorga al Consell Comarcal per gestionar el transport escolar de la nostra comarca, ha descendit un 23%.<\/p>\n<p style=\"text-align: justify;\">La Generalitat ha establert uns preus p\u00fablics, m\u00ednims i m\u00e0xims, per cobrar als usuaris de transport escolar, i aix\u00ed controlar la despesa i mantenir un nivell m\u00ednim d&#8217;ingressos per alumne:<\/p>\n<ul style=\"text-align: justify;\">\n<li>Preu p\u00fablic m\u00ednim: 1,5\u20ac per alumne\/dia<\/li>\n<li>Preu p\u00fablic m\u00e0xim: 4\u20ac per alumne\/dia<\/li>\n<\/ul>\n<p id=\"yui_3_16_0_1_1426004200144_53796\" class=\"yiv0598969053MsoListParagraphCxSpMiddle\" style=\"text-align: justify;\">Aix\u00f2 voldria dir que els preus del transport escolar, per aquest any, es mourien entre els 265\u20ac i els 708\u20ac per alumne. A Castellbisbal, s&#8217;ha considerat aplicar la quota m\u00ednima, de 265\u20ac.<\/p>\n<p id=\"yui_3_16_0_1_1426004200144_53804\" class=\"yiv0598969053MsoNormal\" style=\"text-align: justify;\">L&#8217;Ajuntament de Castellbisbal, que durant els dos darrers cursos va subvencionar part del transport escolar per a que cap usuari es qued\u00e9s sense pla\u00e7a, per\u00f2 aquest any no far\u00e0 cap aportaci\u00f3 a aquest servei. Justificant que no hi ha pressupost per aix\u00f2 i que no \u00e9s un servei de la seva compet\u00e8ncia, a m\u00e9s de ser no obligatori ni vinculant.<\/p>\n<p id=\"yui_3_16_0_1_1426004200144_53825\" class=\"yiv0598969053MsoListParagraphCxSpFirst\" style=\"text-align: justify;\">Les companyies de transport contractades han incrementat els seus pressupostos en un 3%, per aquest any.<\/p>\n<p class=\"yiv0598969053MsoListParagraphCxSpLast\" style=\"text-align: justify;\"><strong>Tots aquests factors donen com a resultat:<\/strong><\/p>\n<ol style=\"text-align: justify;\">\n<li class=\"yiv0598969053MsoListParagraphCxSpLast\"><strong>Quota de transport de 265\u20ac per alumne, pel curs 2011\/2012<\/strong><\/li>\n<li class=\"yiv0598969053MsoListParagraphCxSpLast\"><strong>Eliminaci\u00f3 del Transport per l&#8217;Institut-Escola Les Vinyes<\/strong><\/li>\n<li class=\"yiv0598969053MsoListParagraphCxSpLast\"><strong>Eliminaci\u00f3 del Transport per l&#8217;IES Castellbisbal<\/strong><\/li>\n<li class=\"yiv0598969053MsoListParagraphCxSpLast\"><strong>Llistes d&#8217;espera a la resta de Centres, segons limitaci\u00f3 de places.<\/strong><\/li>\n<\/ol>\n<p class=\"yiv0598969053MsoNormal\" style=\"text-align: justify;\"><span lang=\"ES\">\u00a0<\/span><\/p>\n<p class=\"yiv0598969053MsoNormal\" style=\"text-align: justify;\"><strong>Per qu\u00e8 Les Vinyes \u00e9s el Centre que, junt amb l&#8217;Institut, es queda sense servei?<\/strong><\/p>\n<p class=\"yiv0598969053MsoNormal\" style=\"text-align: justify;\">La Sra Olga Gonz\u00e1lez (T\u00e8cnica de gesti\u00f3 del transport en l&#8217;\u00e0mbit educatiu del Consell Comarcal) diu que, segons la legislaci\u00f3 del transport escolar, davant la disminuci\u00f3 de les possibles places, es prioritza als antics usuaris del servei.<\/p>\n<p class=\"yiv0598969053MsoNormal\" style=\"text-align: justify;\">En aquest sentit, l&#8217;Ajuntament confirma que l&#8217;Institut-Escola no va tenir mai confirmat el servei de transport per part del Consell Comarcal, sin\u00f3 que durant el primer any de Centre, l&#8217;Ajuntament va cobrir les places necess\u00e0ries amb subvencions pr\u00f2pies. Davant d&#8217;aquesta afirmaci\u00f3, l&#8217;AMPA de Les Vinyes al\u00b7leguem que MAI se&#8217;ns va informar d&#8217;aquest fet, ja que sempre es va dir que el Centre tindria els mateixos serveis que qualsevol altre Centre del municipi. Aix\u00f2 suposo un greuge comparatiu ja que les fam\u00edlies afectades van haver de matricular els seus fills\/es a Les Vinyes, per la zonificaci\u00f3 assignada.<\/p>\n<p class=\"yiv0598969053MsoNormal\" style=\"text-align: justify;\"><strong>Solucions?<\/strong><\/p>\n<p class=\"yiv0598969053MsoListParagraphCxSpMiddle\" style=\"text-align: justify;\"><span lang=\"ES\">\u00a0Les AMPA i l&#8217;Ajuntament tenen previst reunir-se el proper dia 5 de setembre per definir estrat\u00e8gies de transport alternatiu. L&#8217;Ajuntament, de moment, planteja:<\/span><\/p>\n<ul style=\"text-align: justify;\">\n<li class=\"yiv0598969053MsoListParagraphCxSpMiddle\">Per a tots els alumnes de 12 anys endavant, optimitzar rutes de Bus Urb\u00e0 i adequar-les als horaris i freq\u00fc\u00e8ncies necessaries per cobrir les entrades i sortides de l&#8217;Institut i l&#8217;Institut-Escola. Segons normatives, els nens majors de 12 anys poden anar sols en transport p\u00fablic i, per tant, per a l&#8217;Ajuntament la soluci\u00f3 \u00e9s v\u00e0lida i factible. Les AMPA al\u00b7leguem que a partir dels 14\/15 anys poden considerar-se &#8220;grans&#8221;, per\u00f2 els nens de 1r i 2n d&#8217;ESO encara s\u00f3n &#8220;petits&#8221; per realitzar aquest servei sols.<\/li>\n<li class=\"yiv0598969053MsoListParagraphCxSpMiddle\">En quant als nens afectats d&#8217;Infantil i Prim\u00e0ria, de l&#8217;Institut-Escola, l&#8217;\u00fanica alternativa que l&#8217;Ajuntament veu factible ara per ara, \u00e9s que l&#8217;AMPA contracti el servei de transport pel seu compte. Segons addueixen, s\u00f3n pocs nens afectats i no seria una gran despesa pels pares. Evidentment, per part de l&#8217;AMPA de Les Vinyes no hi estem d&#8217;acord amb la postura i esperem la propera reuni\u00f3 per estudiar alternatives.<\/li>\n<\/ul>\n<p class=\"yiv0598969053MsoListParagraphCxSpMiddle\" style=\"text-align: justify;\"><span lang=\"ES\">\u00a0<\/span><\/p>\n<p class=\"yiv0598969053MsoListParagraphCxSpMiddle\" style=\"text-align: justify;\">Des de l&#8217;AMPA estem sol\u00b7licitant pressupostos per tenir xifres reals a l&#8217;hora de gestionar la problem\u00e0tica.<\/p>\n<p class=\"yiv0598969053MsoListParagraphCxSpMiddle\" style=\"text-align: justify;\">Ens agradaria comptar amb el recolzament solidari de la resta d&#8217;AMPA del municipi.<\/p>\n<p class=\"yiv0598969053MsoListParagraphCxSpMiddle\" style=\"text-align: justify;\">\n","protected":false},"excerpt":{"rendered":"<p>Us fem un resum de la reuni\u00f3 mantinguda ahir amb l&#8217;Ajuntament. Van comen\u00e7ar explicant-nos els antecedents, caracter\u00edstiques del transport de Castellbisbal, la situaci\u00f3 econ\u00f2mica actual del Consell Comarcal i la repercussi\u00f3 en la dotaci\u00f3 del transport al nostre municipi. El transport del que gaudeix Castellbisbal est\u00e0 catalogat com TRANSPORT ESCOLAR NO OBLIGATORI, ja que no [&hellip;]<\/p>\n","protected":false},"author":52,"featured_media":4634,"comment_status":"open","ping_status":"closed","sticky":false,"template":"","format":"standard","meta":{"_bbp_topic_count":0,"_bbp_reply_count":0,"_bbp_total_topic_count":0,"_bbp_total_reply_count":0,"_bbp_voice_count":0,"_bbp_anonymous_reply_count":0,"_bbp_topic_count_hidden":0,"_bbp_reply_count_hidden":0,"_bbp_forum_subforum_count":0,"site-sidebar-layout":"default","site-content-layout":"","ast-site-content-layout":"","site-content-style":"default","site-sidebar-style":"default","ast-global-header-display":"","ast-banner-title-visibility":"","ast-main-header-display":"","ast-hfb-above-header-display":"","ast-hfb-below-header-display":"","ast-hfb-mobile-header-display":"","site-post-title":"","ast-breadcrumbs-content":"","ast-featured-img":"","footer-sml-layout":"","theme-transparent-header-meta":"","adv-header-id-meta":"","stick-header-meta":"","header-above-stick-meta":"","header-main-stick-meta":"","header-below-stick-meta":"","astra-migrate-meta-layouts":"default","ast-page-background-enabled":"default","ast-page-background-meta":{"desktop":{"background-color":"var(--ast-global-color-4)","background-image":"","background-repeat":"repeat","background-position":"center center","background-size":"auto","background-attachment":"scroll","background-type":"","background-media":"","overlay-type":"","overlay-color":"","overlay-opacity":"","overlay-gradient":""},"tablet":{"background-color":"","background-image":"","background-repeat":"repeat","background-position":"center center","background-size":"auto","background-attachment":"scroll","background-type":"","background-media":"","overlay-type":"","overlay-color":"","overlay-opacity":"","overlay-gradient":""},"mobile":{"background-color":"","background-image":"","background-repeat":"repeat","background-position":"center center","background-size":"auto","background-attachment":"scroll","background-type":"","background-media":"","overlay-type":"","overlay-color":"","overlay-opacity":"","overlay-gradient":""}},"ast-content-background-meta":{"desktop":{"background-color":"var(--ast-global-color-5)","background-image":"","background-repeat":"repeat","background-position":"center center","background-size":"auto","background-attachment":"scroll","background-type":"","background-media":"","overlay-type":"","overlay-color":"","overlay-opacity":"","overlay-gradient":""},"tablet":{"background-color":"var(--ast-global-color-5)","background-image":"","background-repeat":"repeat","background-position":"center center","background-size":"auto","background-attachment":"scroll","background-type":"","background-media":"","overlay-type":"","overlay-color":"","overlay-opacity":"","overlay-gradient":""},"mobile":{"background-color":"var(--ast-global-color-5)","background-image":"","background-repeat":"repeat","background-position":"center center","background-size":"auto","background-attachment":"scroll","background-type":"","background-media":"","overlay-type":"","overlay-color":"","overlay-opacity":"","overlay-gradient":""}},"footnotes":""},"categories":[31,471],"tags":[],"class_list":["post-1947","post","type-post","status-publish","format-standard","has-post-thumbnail","hentry","category-afa","category-noticies-afa"],"post_mailing_queue_ids":[],"_links":{"self":[{"href":"https:\/\/agora.xtec.cat\/ielesvinyes\/wp-json\/wp\/v2\/posts\/1947","targetHints":{"allow":["GET"]}}],"collection":[{"href":"https:\/\/agora.xtec.cat\/ielesvinyes\/wp-json\/wp\/v2\/posts"}],"about":[{"href":"https:\/\/agora.xtec.cat\/ielesvinyes\/wp-json\/wp\/v2\/types\/post"}],"author":[{"embeddable":true,"href":"https:\/\/agora.xtec.cat\/ielesvinyes\/wp-json\/wp\/v2\/users\/52"}],"replies":[{"embeddable":true,"href":"https:\/\/agora.xtec.cat\/ielesvinyes\/wp-json\/wp\/v2\/comments?post=1947"}],"version-history":[{"count":1,"href":"https:\/\/agora.xtec.cat\/ielesvinyes\/wp-json\/wp\/v2\/posts\/1947\/revisions"}],"predecessor-version":[{"id":6050,"href":"https:\/\/agora.xtec.cat\/ielesvinyes\/wp-json\/wp\/v2\/posts\/1947\/revisions\/6050"}],"wp:featuredmedia":[{"embeddable":true,"href":"https:\/\/agora.xtec.cat\/ielesvinyes\/wp-json\/wp\/v2\/media\/4634"}],"wp:attachment":[{"href":"https:\/\/agora.xtec.cat\/ielesvinyes\/wp-json\/wp\/v2\/media?parent=1947"}],"wp:term":[{"taxonomy":"category","embeddable":true,"href":"https:\/\/agora.xtec.cat\/ielesvinyes\/wp-json\/wp\/v2\/categories?post=1947"},{"taxonomy":"post_tag","embeddable":true,"href":"https:\/\/agora.xtec.cat\/ielesvinyes\/wp-json\/wp\/v2\/tags?post=1947"}],"curies":[{"name":"wp","href":"https:\/\/api.w.org\/{rel}","templated":true}]}}