{"id":1890,"date":"2014-07-16T08:00:31","date_gmt":"2014-07-16T07:00:31","guid":{"rendered":"http:\/\/ielesvinyes.net\/?p=1890"},"modified":"2014-07-16T08:00:31","modified_gmt":"2014-07-16T07:00:31","slug":"v-jornada-de-centres-innovadors-de-lice-de-la-uab","status":"publish","type":"post","link":"https:\/\/agora.xtec.cat\/ielesvinyes\/general\/v-jornada-de-centres-innovadors-de-lice-de-la-uab\/","title":{"rendered":"V Jornada de centres innovadors de l&#039;ICE de la UAB"},"content":{"rendered":"<p>El passat 30 de juny, el claustre del centre va participar a la V\u00aa Jornada de la Xarxa d\u2019Instituts innovadors associats a l\u2019ICE de la UAB. Aquest any, la Jornada es va realitzar a l\u2019Institut de Sils i estava dedicada a la <strong>personalitzaci\u00f3 dels aprenentatges<\/strong>.<\/p>\n<figure id=\"attachment_1892\" aria-describedby=\"caption-attachment-1892\" style=\"width: 300px\" class=\"wp-caption alignleft\"><a href=\"http:\/\/agora.xtec.cat\/ielesvinyes\/wp-content\/uploads\/usu1433\/2014\/07\/debatgeneral.jpg\"><img loading=\"lazy\" decoding=\"async\" class=\"wp-image-1892 size-medium\" src=\"http:\/\/agora.xtec.cat\/ielesvinyes\/wp-content\/uploads\/usu1433\/2014\/07\/debatgeneral-300x189.jpg\" alt=\"debat general\" width=\"300\" height=\"189\" \/><\/a><figcaption id=\"caption-attachment-1892\" class=\"wp-caption-text\">Foto: Un moment de la presentaci\u00f3 general dels relators<\/figcaption><\/figure>\n<p>La primera part del mat\u00ed va consistir en debatre i compartir formes de desenvolupar un ensenyament personalitzat dins de grups heterogenis. Aix\u00ed doncs, vam realitzar un enriquidor intercanvi entre els docents dels set centres que conformen la xarxa d&#8217;instituts innovadors. Despr\u00e9s vam tenir una presentaci\u00f3 general a tots els assistents a c\u00e0rrec dels relators dels tallers.<\/p>\n<p>Despr\u00e9s vam compartir v\u00eddeos amb projectes i experi\u00e8ncies que s&#8217;han dut a terme en els nostres centres al llarg del curs 2013-2014. Nosaltres vam presentar el projecte transversal de cocreaci\u00f3: l&#8217;<a href=\"http:\/\/cocreacio.ielesvinyes.net\/\" target=\"_blank\">emPATItza&#8217;t<\/a>. Tamb\u00e9 vam compartir esmorzar i \u00e0pat, aix\u00ed com neguits i il\u00b7lusions que tenim els docents d&#8217;aquests centres. <a href=\"https:\/\/www.flickr.com\/photos\/ielesvinyes\/sets\/72157645620727753\/\" target=\"_blank\">Una jornada positiva<\/a> que va posar de manifest la necessitat de compartir i d&#8217;aprendre els uns dels altres per fer millor la nostra tasca de formaci\u00f3 i educaci\u00f3 d&#8217;infants i joves.<\/p>\n<p style=\"text-align: center;\"><iframe loading=\"lazy\" src=\"\/\/player.vimeo.com\/video\/98712736?byline=0&amp;autoplay=1\" width=\"500\" height=\"281\" frameborder=\"0\" allowfullscreen=\"allowfullscreen\"><\/iframe><br \/>\nV\u00eddeo-resum del Projecte emPATItza&#8217;t<\/p>\n","protected":false},"excerpt":{"rendered":"<p>El passat 30 de juny, el claustre del centre va participar a la V\u00aa Jornada de la Xarxa d\u2019Instituts innovadors associats a l\u2019ICE de la UAB. Aquest any, la Jornada es va realitzar a l\u2019Institut de Sils i estava dedicada a la personalitzaci\u00f3 dels aprenentatges. La primera part del mat\u00ed va consistir en debatre i [&hellip;]<\/p>\n","protected":false},"author":1,"featured_media":0,"comment_status":"open","ping_status":"open","sticky":false,"template":"","format":"standard","meta":{"_bbp_topic_count":0,"_bbp_reply_count":0,"_bbp_total_topic_count":0,"_bbp_total_reply_count":0,"_bbp_voice_count":0,"_bbp_anonymous_reply_count":0,"_bbp_topic_count_hidden":0,"_bbp_reply_count_hidden":0,"_bbp_forum_subforum_count":0,"site-sidebar-layout":"default","site-content-layout":"","ast-site-content-layout":"","site-content-style":"default","site-sidebar-style":"default","ast-global-header-display":"","ast-banner-title-visibility":"","ast-main-header-display":"","ast-hfb-above-header-display":"","ast-hfb-below-header-display":"","ast-hfb-mobile-header-display":"","site-post-title":"","ast-breadcrumbs-content":"","ast-featured-img":"","footer-sml-layout":"","theme-transparent-header-meta":"","adv-header-id-meta":"","stick-header-meta":"","header-above-stick-meta":"","header-main-stick-meta":"","header-below-stick-meta":"","astra-migrate-meta-layouts":"default","ast-page-background-enabled":"default","ast-page-background-meta":{"desktop":{"background-color":"var(--ast-global-color-4)","background-image":"","background-repeat":"repeat","background-position":"center center","background-size":"auto","background-attachment":"scroll","background-type":"","background-media":"","overlay-type":"","overlay-color":"","overlay-opacity":"","overlay-gradient":""},"tablet":{"background-color":"","background-image":"","background-repeat":"repeat","background-position":"center center","background-size":"auto","background-attachment":"scroll","background-type":"","background-media":"","overlay-type":"","overlay-color":"","overlay-opacity":"","overlay-gradient":""},"mobile":{"background-color":"","background-image":"","background-repeat":"repeat","background-position":"center center","background-size":"auto","background-attachment":"scroll","background-type":"","background-media":"","overlay-type":"","overlay-color":"","overlay-opacity":"","overlay-gradient":""}},"ast-content-background-meta":{"desktop":{"background-color":"var(--ast-global-color-5)","background-image":"","background-repeat":"repeat","background-position":"center center","background-size":"auto","background-attachment":"scroll","background-type":"","background-media":"","overlay-type":"","overlay-color":"","overlay-opacity":"","overlay-gradient":""},"tablet":{"background-color":"var(--ast-global-color-5)","background-image":"","background-repeat":"repeat","background-position":"center center","background-size":"auto","background-attachment":"scroll","background-type":"","background-media":"","overlay-type":"","overlay-color":"","overlay-opacity":"","overlay-gradient":""},"mobile":{"background-color":"var(--ast-global-color-5)","background-image":"","background-repeat":"repeat","background-position":"center center","background-size":"auto","background-attachment":"scroll","background-type":"","background-media":"","overlay-type":"","overlay-color":"","overlay-opacity":"","overlay-gradient":""}},"footnotes":""},"categories":[110,1,100,301],"tags":[306,338],"class_list":["post-1890","post","type-post","status-publish","format-standard","hentry","category-2013-14","category-general","category-infipri","category-secundaria","tag-innovacio","tag-jornada"],"post_mailing_queue_ids":[],"_links":{"self":[{"href":"https:\/\/agora.xtec.cat\/ielesvinyes\/wp-json\/wp\/v2\/posts\/1890","targetHints":{"allow":["GET"]}}],"collection":[{"href":"https:\/\/agora.xtec.cat\/ielesvinyes\/wp-json\/wp\/v2\/posts"}],"about":[{"href":"https:\/\/agora.xtec.cat\/ielesvinyes\/wp-json\/wp\/v2\/types\/post"}],"author":[{"embeddable":true,"href":"https:\/\/agora.xtec.cat\/ielesvinyes\/wp-json\/wp\/v2\/users\/1"}],"replies":[{"embeddable":true,"href":"https:\/\/agora.xtec.cat\/ielesvinyes\/wp-json\/wp\/v2\/comments?post=1890"}],"version-history":[{"count":0,"href":"https:\/\/agora.xtec.cat\/ielesvinyes\/wp-json\/wp\/v2\/posts\/1890\/revisions"}],"wp:attachment":[{"href":"https:\/\/agora.xtec.cat\/ielesvinyes\/wp-json\/wp\/v2\/media?parent=1890"}],"wp:term":[{"taxonomy":"category","embeddable":true,"href":"https:\/\/agora.xtec.cat\/ielesvinyes\/wp-json\/wp\/v2\/categories?post=1890"},{"taxonomy":"post_tag","embeddable":true,"href":"https:\/\/agora.xtec.cat\/ielesvinyes\/wp-json\/wp\/v2\/tags?post=1890"}],"curies":[{"name":"wp","href":"https:\/\/api.w.org\/{rel}","templated":true}]}}