{"id":1860,"date":"2014-06-17T11:29:44","date_gmt":"2014-06-17T10:29:44","guid":{"rendered":"http:\/\/ielesvinyes.net\/?p=1860"},"modified":"2014-06-17T11:29:44","modified_gmt":"2014-06-17T10:29:44","slug":"festa-de-final-de-curs-20132014","status":"publish","type":"post","link":"https:\/\/agora.xtec.cat\/ielesvinyes\/2013-14\/festa-de-final-de-curs-20132014\/","title":{"rendered":"Festa de final de curs 2013\/2014"},"content":{"rendered":"<p>Benvolgudes fam\u00edlies Vinyataires,<\/p>\n<p>El curs ja s\u2019acaba, un curs molt especial que ens ha posat a prova com a comunitat educativa.\u00a0Un curs que ens ha fet estr\u00e8nyer lla\u00e7os, que ens ha unit i que ens ha fet m\u00e9s forts i compactes.<\/p>\n<p>Creiem que cal celebrar moltes coses: el final de curs, finalitzaci\u00f3 de Projecte de Cocreaci\u00f3 dels patis \u201cemPATItza\u2019t\u201d, la continu\u00eftat de l\u00ednia de P3&#8230; us proposem una jornada l\u00fadica-festiva per compartir tots plegats, pares, mares, alumnat i professorat.<\/p>\n<p>La celebraci\u00f3 es far\u00e0 aquest <strong>divendres 20 de juny a la tarda\/vespre<\/strong>.<\/p>\n<p><strong>Programa d\u2019activitats<\/strong><\/p>\n<p>17:45 a 18h. \u00a0 S\u2019habilitar\u00e0 un espai al menjador per deixar-hi les neveres, les bosses, els \u00a0 \u00a0 \u00a0 \u00a0 \u00a0 \u00a0 \u00a0 \u00a0 \u00a0 \u00a0 \u00a0 \u00a0 \u00a0 \u00a0 \u00a0 cistells&#8230; Aix\u00f2 s\u00ed, poseu-hi el nom de la fam\u00edlia!<br \/>\n18 a 19h \u00a0 \u00a0 \u00a0 \u00a0 Activitats d\u2019Infantil i Prim\u00e0ria al gimn\u00e0s. (*)<br \/>\n19 a 19:30h. \u00a0Projecci\u00f3 de fotografies de l\u2019emPATItza\u2019t al gimn\u00e0s.<br \/>\n19:30 a 20h. \u00a0Visita lliure pel pati per veure els resultats del projecte emPATItza\u2019t.<br \/>\n20h \u00a0 \u00a0 \u00a0 \u00a0 \u00a0 \u00a0 \u00a0 \u00a0 Brindis al menjador.<br \/>\n20:15h. \u00a0 \u00a0 \u00a0 \u00a0 \u00a0Preparaci\u00f3 de taules i serveis pel sopar.<br \/>\n21h. \u00a0 \u00a0 \u00a0 \u00a0 \u00a0 \u00a0 \u00a0 \u00a0Sopar de germanor a la fresca del pati.<br \/>\n22h. \u00a0 \u00a0 \u00a0 \u00a0 \u00a0 \u00a0 \u00a0 \u00a0M\u00fasica a c\u00e0rrec de DJ per l&#8217;alumnat d\u2019ESO al gimn\u00e0s.<\/p>\n<p>(*) A la tarda hi haur\u00e0 paradetes amb berenar a c\u00e0rrec de l\u2019alumnat de 3r d\u2019ESO per recollir diners de cara al viatge de final de curs de 4t d\u2019ESO.<\/p>\n<p>Durant tota la tarda\/vespre hi haur\u00e0 servei de bar.<\/p>\n<p><strong>Pel sopar, cal dur:<\/strong><br \/>\nAquest any caldr\u00e0 que us porteu el sopar de casa. Pr\u00e8viament haureu hagut de fer la reserva de taula amb el n\u00famero de places que necessiteu. El preu del tiquet \u00e9s de 2\u20ac per adult (els alumnes del centre i els nens no paguen). Els tiquets es pagaran a l\u2019AMPA durant el sopar.\u00a0El sopar est\u00e0 limitat a pares i germans d\u2019alumnes, per motius de capacitat.<\/p>\n<p><strong>Al sopar NO cal dur:<\/strong><\/p>\n<p>&#8211; Estovalles ni tovallons.<br \/>\n&#8211; Vaixella : plats, gots i coberts (si no tenim prou vaixella utilitzarem\u00a0plats\u00a0de pl\u00e0stic).<br \/>\n&#8211; Pica- pica : olives, patates\u2026<br \/>\n&#8211; Postres (no inclou caf\u00e8).<br \/>\n&#8211; Beguda : aigua. Hi haur\u00e0 servei de bar : refrescs, cervesa, vi i cava (amb copes) a preu assequible!<br \/>\n&#8211; Berenar: hi haur\u00e0 la paradeta de coques de 3r d\u2019ESO. (*)<\/p>\n<p><strong>La reserva del sopar ja s\u2019ha tancat<\/strong>. Si alg\u00fa encara no s\u2019havia apuntat pot enviar un correu electr\u00f2nic a l\u2019ampa@ielesvinyes.net<\/p>\n<p><strong>No us ho podeu perdre!<\/strong><br \/>\nAnimeu-vos i veniu el 20 de juny, ser\u00e0 una jornada per compartir, relacionar-se, divertir-se i passar-s\u2019ho b\u00e9&#8230; tots junts, professors, mestres, alumnes, pares i mares farem d\u2019aquesta festa un bon record d\u2019aquest curs que ja s\u2019acaba. Fem la festa ben grossa, ens ho mereixem!<\/p>\n<p>Gaudireu de la festa, d\u2019un espai social que t\u00e9 el valor de reunir la col\u2022lectivitat de la comunitat educativa de Les Vinyes; professorat, mestres, alumnat, pares i mares, en un ambient dist\u00e8s i ple de complicitats.<\/p>\n<p><strong>Atenci\u00f3!<\/strong><br \/>\nPer assegurar l\u2019\u00e8xit de la festa, ens far\u00e0 falta l\u2019ajut de tots vosaltres, ja que caldr\u00e0 muntar i desmuntar tota la log\u00edstica del sopar: taules, cadires, serveis, etc.<\/p>\n<p><strong>Comptem amb vosaltres, tots som \u201cLes Vinyes\u201d!<\/strong><\/p>\n<p>Institut Escola Les Vinyes<br \/>\nCastellbisbal, juny de 2014<\/p>\n","protected":false},"excerpt":{"rendered":"<p>Benvolgudes fam\u00edlies Vinyataires, El curs ja s\u2019acaba, un curs molt especial que ens ha posat a prova com a comunitat educativa.\u00a0Un curs que ens ha fet estr\u00e8nyer lla\u00e7os, que ens ha unit i que ens ha fet m\u00e9s forts i compactes. Creiem que cal celebrar moltes coses: el final de curs, finalitzaci\u00f3 de Projecte de [&hellip;]<\/p>\n","protected":false},"author":6,"featured_media":0,"comment_status":"open","ping_status":"open","sticky":false,"template":"","format":"standard","meta":{"_bbp_topic_count":0,"_bbp_reply_count":0,"_bbp_total_topic_count":0,"_bbp_total_reply_count":0,"_bbp_voice_count":0,"_bbp_anonymous_reply_count":0,"_bbp_topic_count_hidden":0,"_bbp_reply_count_hidden":0,"_bbp_forum_subforum_count":0,"site-sidebar-layout":"default","site-content-layout":"","ast-site-content-layout":"","site-content-style":"default","site-sidebar-style":"default","ast-global-header-display":"","ast-banner-title-visibility":"","ast-main-header-display":"","ast-hfb-above-header-display":"","ast-hfb-below-header-display":"","ast-hfb-mobile-header-display":"","site-post-title":"","ast-breadcrumbs-content":"","ast-featured-img":"","footer-sml-layout":"","theme-transparent-header-meta":"","adv-header-id-meta":"","stick-header-meta":"","header-above-stick-meta":"","header-main-stick-meta":"","header-below-stick-meta":"","astra-migrate-meta-layouts":"default","ast-page-background-enabled":"default","ast-page-background-meta":{"desktop":{"background-color":"var(--ast-global-color-4)","background-image":"","background-repeat":"repeat","background-position":"center center","background-size":"auto","background-attachment":"scroll","background-type":"","background-media":"","overlay-type":"","overlay-color":"","overlay-opacity":"","overlay-gradient":""},"tablet":{"background-color":"","background-image":"","background-repeat":"repeat","background-position":"center center","background-size":"auto","background-attachment":"scroll","background-type":"","background-media":"","overlay-type":"","overlay-color":"","overlay-opacity":"","overlay-gradient":""},"mobile":{"background-color":"","background-image":"","background-repeat":"repeat","background-position":"center center","background-size":"auto","background-attachment":"scroll","background-type":"","background-media":"","overlay-type":"","overlay-color":"","overlay-opacity":"","overlay-gradient":""}},"ast-content-background-meta":{"desktop":{"background-color":"var(--ast-global-color-5)","background-image":"","background-repeat":"repeat","background-position":"center center","background-size":"auto","background-attachment":"scroll","background-type":"","background-media":"","overlay-type":"","overlay-color":"","overlay-opacity":"","overlay-gradient":""},"tablet":{"background-color":"var(--ast-global-color-5)","background-image":"","background-repeat":"repeat","background-position":"center center","background-size":"auto","background-attachment":"scroll","background-type":"","background-media":"","overlay-type":"","overlay-color":"","overlay-opacity":"","overlay-gradient":""},"mobile":{"background-color":"var(--ast-global-color-5)","background-image":"","background-repeat":"repeat","background-position":"center center","background-size":"auto","background-attachment":"scroll","background-type":"","background-media":"","overlay-type":"","overlay-color":"","overlay-opacity":"","overlay-gradient":""}},"footnotes":""},"categories":[110],"tags":[],"class_list":["post-1860","post","type-post","status-publish","format-standard","hentry","category-2013-14"],"post_mailing_queue_ids":[],"_links":{"self":[{"href":"https:\/\/agora.xtec.cat\/ielesvinyes\/wp-json\/wp\/v2\/posts\/1860","targetHints":{"allow":["GET"]}}],"collection":[{"href":"https:\/\/agora.xtec.cat\/ielesvinyes\/wp-json\/wp\/v2\/posts"}],"about":[{"href":"https:\/\/agora.xtec.cat\/ielesvinyes\/wp-json\/wp\/v2\/types\/post"}],"author":[{"embeddable":true,"href":"https:\/\/agora.xtec.cat\/ielesvinyes\/wp-json\/wp\/v2\/users\/6"}],"replies":[{"embeddable":true,"href":"https:\/\/agora.xtec.cat\/ielesvinyes\/wp-json\/wp\/v2\/comments?post=1860"}],"version-history":[{"count":0,"href":"https:\/\/agora.xtec.cat\/ielesvinyes\/wp-json\/wp\/v2\/posts\/1860\/revisions"}],"wp:attachment":[{"href":"https:\/\/agora.xtec.cat\/ielesvinyes\/wp-json\/wp\/v2\/media?parent=1860"}],"wp:term":[{"taxonomy":"category","embeddable":true,"href":"https:\/\/agora.xtec.cat\/ielesvinyes\/wp-json\/wp\/v2\/categories?post=1860"},{"taxonomy":"post_tag","embeddable":true,"href":"https:\/\/agora.xtec.cat\/ielesvinyes\/wp-json\/wp\/v2\/tags?post=1860"}],"curies":[{"name":"wp","href":"https:\/\/api.w.org\/{rel}","templated":true}]}}