{"id":1804,"date":"2014-05-05T18:39:42","date_gmt":"2014-05-05T17:39:42","guid":{"rendered":"http:\/\/ielesvinyes.net\/?p=1804"},"modified":"2014-05-05T18:39:42","modified_gmt":"2014-05-05T17:39:42","slug":"tancant-la-fase-de-construccio-del-projecte-empatitzat","status":"publish","type":"post","link":"https:\/\/agora.xtec.cat\/ielesvinyes\/general\/tancant-la-fase-de-construccio-del-projecte-empatitzat\/","title":{"rendered":"Tancant la fase de Construcci\u00f3 del projecte emPATItza&#039;t"},"content":{"rendered":"<p>Despr\u00e9s de dues intenses setmanes de treball en la fase de Cocreaci\u00f3 i construcci\u00f3, ens disposem a fer un primer balan\u00e7 de situaci\u00f3 respecte al Projecte de cocreaci\u00f3 emPATItza&#8217;t.<\/p>\n<figure id=\"attachment_1805\" aria-describedby=\"caption-attachment-1805\" style=\"width: 300px\" class=\"wp-caption alignleft\"><a href=\"http:\/\/cocreacio.ielesvinyes.net\/tag\/avaluacio-2\/\"><img loading=\"lazy\" decoding=\"async\" class=\"wp-image-1805 size-medium\" src=\"http:\/\/agora.xtec.cat\/ielesvinyes\/wp-content\/uploads\/usu1433\/2014\/05\/Avaluaci\u00f3cocreaci\u00f3-300x217.jpg\" alt=\"Avaluaci\u00f3cocreaci\u00f3\" width=\"300\" height=\"217\" \/><\/a><figcaption id=\"caption-attachment-1805\" class=\"wp-caption-text\">Gr\u00e0fica: Creus que ha estat interessant cocrear amb tota la comunitat educativa?<\/figcaption><\/figure>\n<p>En primer lloc, constatar el desenvolupament dels projectes trimestrals de l&#8217;ESO que s&#8217;han dut a terme en el marc d&#8217;aquesta iniciativa. Tamb\u00e9 cal destacar el gran treball en grups cooperatius realitzat a <a href=\"http:\/\/primaria.ielesvinyes.net\/2014\/03\/cocreacio-a-tota-maquina\/\" target=\"_blank\">l&#8217;educaci\u00f3 prim\u00e0ria<\/a>\u00a0i la il\u00b7lusi\u00f3\u00a0dels <a href=\"http:\/\/infantil.ielesvinyes.net\/\" target=\"_blank\">nens i nenes d&#8217;infantil<\/a>.\u00a0La participaci\u00f3 de l&#8217;alumnat de tots els nivells educatius, l&#8217;execuci\u00f3 conjunta de les propostes, la coordinaci\u00f3 de tota la log\u00edstica de materials, coneixements i persones&#8230; han estat reptes exigents per a tothom. A falta d&#8217;una avaluaci\u00f3 final, tenim un primer <em>feedback<\/em> dels alumnes a trav\u00e9s del Formulari <a href=\"http:\/\/cocreacio.ielesvinyes.net\/tag\/avaluacio-2\/\" target=\"_blank\">d&#8217;avaluaci\u00f3<\/a> realitzat i \u00e9s<strong> molt i molt\u00a0 positiu.<\/strong><\/p>\n<p>En segon lloc, la participaci\u00f3\u00a0de les fam\u00edlies en el proc\u00e9s i en la <a href=\"http:\/\/ielesvinyes.net\/2014\/04\/01\/dissabte-de-cocreacio-amb-les-families\/\">jornada de cocreaci\u00f3<\/a> i en la fase de construcci\u00f3 ha estat molt intensa i rica. Les\u00a0aportacions de tota mena (de materials, coneixements i for\u00e7a de treball!)\u00a0han perm\u00e8s anar molt m\u00e9s enll\u00e0 del que haur\u00edem pogut fer sense elles. <strong>Us en volem donar les gr\u00e0cies de tot cor!<\/strong><\/p>\n<p><object width=\"400\" height=\"300\"><param name=\"flashvars\" value=\"offsite=true&#038;lang=es-us&#038;page_show_url=%2Fphotos%2Fielesvinyes%2Fsets%2F72157644540429763%2Fshow%2F&#038;page_show_back_url=%2Fphotos%2Fielesvinyes%2Fsets%2F72157644540429763%2F&#038;set_id=72157644540429763&#038;jump_to=\"><\/param><param name=\"movie\" value=\"https:\/\/www.flickr.com\/apps\/slideshow\/show.swf?v=143270\"><\/param><param name=\"allowFullScreen\" value=\"true\"><\/param><embed type=\"application\/x-shockwave-flash\" src=\"https:\/\/www.flickr.com\/apps\/slideshow\/show.swf?v=143270\" allowFullScreen=\"true\" flashvars=\"offsite=true&#038;lang=es-us&#038;page_show_url=%2Fphotos%2Fielesvinyes%2Fsets%2F72157644540429763%2Fshow%2F&#038;page_show_back_url=%2Fphotos%2Fielesvinyes%2Fsets%2F72157644540429763%2F&#038;set_id=72157644540429763&#038;jump_to=\" width=\"400\" height=\"300\"><\/embed><\/object><\/p>\n<p>\u00c0lbum de fotografies: feina feta!<\/p>\n<p>Ens queda, per\u00f2, concloure algunes propostes que, per la seva complexitat, no hem pogut finalitzar amb els alumnes\u00a0durant les dues setmanes dedicades al projecte. Aix\u00ed doncs, ens resta l&#8217;acabament del cuc (o drac? o serp?) de neum\u00e0tics, la pintada de l&#8217;anamorfisme gegant, la finalitzaci\u00f3 de les pintures del pati d&#8217;infantil i la rampa d&#8217;entrada de prim\u00e0ria, entre d&#8217;altres coses. <strong>El proper dissabte 10 de maig, a les 930 ens trobarem de nou alumnat, fam\u00edlies i docents per finalitzar tot aix\u00f2<\/strong> i poder encetar la darrera fase del projecte: la celebraci\u00f3 i l&#8217;avaluaci\u00f3 final. Us hi esperem!<\/p>\n<p>(Haureu rebut un correu electr\u00f2nic amb un enlla\u00e7 per apuntar-vos si podeu\u00a0venir a col\u00b7laborar. No hi falteu!)<\/p>\n","protected":false},"excerpt":{"rendered":"<p>Despr\u00e9s de dues intenses setmanes de treball en la fase de Cocreaci\u00f3 i construcci\u00f3, ens disposem a fer un primer balan\u00e7 de situaci\u00f3 respecte al Projecte de cocreaci\u00f3 emPATItza&#8217;t. En primer lloc, constatar el desenvolupament dels projectes trimestrals de l&#8217;ESO que s&#8217;han dut a terme en el marc d&#8217;aquesta iniciativa. Tamb\u00e9 cal destacar el gran [&hellip;]<\/p>\n","protected":false},"author":1,"featured_media":1805,"comment_status":"open","ping_status":"open","sticky":false,"template":"","format":"standard","meta":{"_bbp_topic_count":0,"_bbp_reply_count":0,"_bbp_total_topic_count":0,"_bbp_total_reply_count":0,"_bbp_voice_count":0,"_bbp_anonymous_reply_count":0,"_bbp_topic_count_hidden":0,"_bbp_reply_count_hidden":0,"_bbp_forum_subforum_count":0,"site-sidebar-layout":"default","site-content-layout":"","ast-site-content-layout":"","site-content-style":"default","site-sidebar-style":"default","ast-global-header-display":"","ast-banner-title-visibility":"","ast-main-header-display":"","ast-hfb-above-header-display":"","ast-hfb-below-header-display":"","ast-hfb-mobile-header-display":"","site-post-title":"","ast-breadcrumbs-content":"","ast-featured-img":"","footer-sml-layout":"","theme-transparent-header-meta":"","adv-header-id-meta":"","stick-header-meta":"","header-above-stick-meta":"","header-main-stick-meta":"","header-below-stick-meta":"","astra-migrate-meta-layouts":"default","ast-page-background-enabled":"default","ast-page-background-meta":{"desktop":{"background-color":"var(--ast-global-color-4)","background-image":"","background-repeat":"repeat","background-position":"center center","background-size":"auto","background-attachment":"scroll","background-type":"","background-media":"","overlay-type":"","overlay-color":"","overlay-opacity":"","overlay-gradient":""},"tablet":{"background-color":"","background-image":"","background-repeat":"repeat","background-position":"center center","background-size":"auto","background-attachment":"scroll","background-type":"","background-media":"","overlay-type":"","overlay-color":"","overlay-opacity":"","overlay-gradient":""},"mobile":{"background-color":"","background-image":"","background-repeat":"repeat","background-position":"center center","background-size":"auto","background-attachment":"scroll","background-type":"","background-media":"","overlay-type":"","overlay-color":"","overlay-opacity":"","overlay-gradient":""}},"ast-content-background-meta":{"desktop":{"background-color":"var(--ast-global-color-5)","background-image":"","background-repeat":"repeat","background-position":"center center","background-size":"auto","background-attachment":"scroll","background-type":"","background-media":"","overlay-type":"","overlay-color":"","overlay-opacity":"","overlay-gradient":""},"tablet":{"background-color":"var(--ast-global-color-5)","background-image":"","background-repeat":"repeat","background-position":"center center","background-size":"auto","background-attachment":"scroll","background-type":"","background-media":"","overlay-type":"","overlay-color":"","overlay-opacity":"","overlay-gradient":""},"mobile":{"background-color":"var(--ast-global-color-5)","background-image":"","background-repeat":"repeat","background-position":"center center","background-size":"auto","background-attachment":"scroll","background-type":"","background-media":"","overlay-type":"","overlay-color":"","overlay-opacity":"","overlay-gradient":""}},"footnotes":""},"categories":[110,1,100,301],"tags":[182,201],"class_list":["post-1804","post","type-post","status-publish","format-standard","has-post-thumbnail","hentry","category-2013-14","category-general","category-infipri","category-secundaria","tag-cocreacio","tag-empatitzat"],"post_mailing_queue_ids":[],"_links":{"self":[{"href":"https:\/\/agora.xtec.cat\/ielesvinyes\/wp-json\/wp\/v2\/posts\/1804","targetHints":{"allow":["GET"]}}],"collection":[{"href":"https:\/\/agora.xtec.cat\/ielesvinyes\/wp-json\/wp\/v2\/posts"}],"about":[{"href":"https:\/\/agora.xtec.cat\/ielesvinyes\/wp-json\/wp\/v2\/types\/post"}],"author":[{"embeddable":true,"href":"https:\/\/agora.xtec.cat\/ielesvinyes\/wp-json\/wp\/v2\/users\/1"}],"replies":[{"embeddable":true,"href":"https:\/\/agora.xtec.cat\/ielesvinyes\/wp-json\/wp\/v2\/comments?post=1804"}],"version-history":[{"count":0,"href":"https:\/\/agora.xtec.cat\/ielesvinyes\/wp-json\/wp\/v2\/posts\/1804\/revisions"}],"wp:featuredmedia":[{"embeddable":true,"href":"https:\/\/agora.xtec.cat\/ielesvinyes\/wp-json\/wp\/v2\/media\/1805"}],"wp:attachment":[{"href":"https:\/\/agora.xtec.cat\/ielesvinyes\/wp-json\/wp\/v2\/media?parent=1804"}],"wp:term":[{"taxonomy":"category","embeddable":true,"href":"https:\/\/agora.xtec.cat\/ielesvinyes\/wp-json\/wp\/v2\/categories?post=1804"},{"taxonomy":"post_tag","embeddable":true,"href":"https:\/\/agora.xtec.cat\/ielesvinyes\/wp-json\/wp\/v2\/tags?post=1804"}],"curies":[{"name":"wp","href":"https:\/\/api.w.org\/{rel}","templated":true}]}}