{"id":1744,"date":"2014-03-11T20:29:45","date_gmt":"2014-03-11T19:29:45","guid":{"rendered":"http:\/\/ielesvinyes.net\/?p=1744"},"modified":"2014-03-11T20:29:45","modified_gmt":"2014-03-11T19:29:45","slug":"preinscripcio-curs-2014-2015","status":"publish","type":"post","link":"https:\/\/agora.xtec.cat\/ielesvinyes\/2013-14\/preinscripcio-curs-2014-2015\/","title":{"rendered":"Preinscripci\u00f3 curs 2014-2015"},"content":{"rendered":"<p>Avui ha comen\u00e7at la preinscripci\u00f3 per al curs 2014-2015 a l&#8217;Institut Escola Les Vinyes!<\/p>\n<p><a style=\"color: #ff4b33; line-height: 24px;\" href=\"http:\/\/agora.xtec.cat\/ielesvinyes\/wp-content\/uploads\/usu1433\/2014\/03\/pre.jpg\"><img loading=\"lazy\" decoding=\"async\" class=\"size-medium wp-image-1750 alignleft\" alt=\"pre\" src=\"http:\/\/agora.xtec.cat\/ielesvinyes\/wp-content\/uploads\/usu1433\/2014\/03\/pre-286x300.jpg\" width=\"286\" height=\"300\" \/><\/a>Hem obert un <a href=\"http:\/\/ielesvinyes.net\/preinscripcio-curs-2014-2015\/\" target=\"_blank\">nou espai a la web amb informacions sobre el calendari, els terminis i la documentaci\u00f3 a presentar<\/a>. Si teniu qualsevol dubte, poseu-vos en contacte amb el centre.<\/p>\n<p>El passat dimecres 5 de mar\u00e7 van tenir lloc les\u00a0<a href=\"http:\/\/ielesvinyes.net\/2014\/03\/03\/vine-a-les-portes-obertes\/\">portes obertes<\/a>\u00a0del centre. Si no vau poder assistir-hi, us convidem a fer un recorregut pel Centre a trav\u00e9s de la p\u00e0gina web. Entreu i \u00a0visiteu les aules\u00a0<a href=\"http:\/\/infantil.ielesvinyes.net\/\" target=\"_blank\">d&#8217;infantil<\/a>, les de\u00a0<a href=\"http:\/\/primaria.ielesvinyes.net\/\" target=\"_blank\">prim\u00e0ria<\/a>\u00a0i les de\u00a0<a href=\"http:\/\/eso.ielesvinyes.net\/\" target=\"_blank\">secund\u00e0ria<\/a>.\u00a0Tamb\u00e9 podeu apropar-vos a\u00a0<a href=\"http:\/\/biblioteca.ielesvinyes.net\/\" target=\"_blank\">la biblioteca<\/a>, i llegir\u00a0<a href=\"http:\/\/revista.ielesvinyes.net\/\" target=\"_blank\">la revista<\/a>\u00a0del centre. Si voleu veure les persones, visiteu els nostres\u00a0<a href=\"http:\/\/www.flickr.com\/photos\/ielesvinyes\/collections\/\" target=\"_blank\">\u00e0lbums<\/a>.<\/p>\n<p>I si voleu con\u00e8ixer el punt de vista de les fam\u00edlies visiteu\u00a0<a href=\"http:\/\/ampa.ielesvinyes.net\/\" target=\"_blank\">la web de l&#8217;AMPA<\/a>.<\/p>\n<p>Si vau poder assitir-hi, us donem les gr\u00e0cies pel vostre inter\u00e8s i esperem que la visita us haur\u00e0 ajudat a decidir millor en quin dels centres de Castellbisbal voleu que els vostres fills puguin aprendre i cr\u00e8ixer.<\/p>\n<p>I si ja sou membres de la nostra comunitat -alumnes, familiars o docents- aprofitem per donar-vos les gr\u00e0cies per la vostra participaci\u00f3 en aquesta\u00a0<a href=\"http:\/\/ielesvinyes.net\/2014\/03\/03\/vine-a-les-portes-obertes\/\" target=\"_blank\">jornada de portes obertes<\/a>. Sense la contribuci\u00f3 de tothom no haur\u00edem tingut una jornada tan <a href=\"http:\/\/femcreixerlesvinyes.wordpress.com\/2014\/03\/06\/linstitut-escola-les-vinyes-celebra-una-multitudinaria-jornada-de-portes-obertes\/\">multitudin\u00e0ria<\/a>. <strong>Gr\u00e0cies, comunitat educativa!<\/strong><\/p>\n","protected":false},"excerpt":{"rendered":"<p>Avui ha comen\u00e7at la preinscripci\u00f3 per al curs 2014-2015 a l&#8217;Institut Escola Les Vinyes! Hem obert un nou espai a la web amb informacions sobre el calendari, els terminis i la documentaci\u00f3 a presentar. Si teniu qualsevol dubte, poseu-vos en contacte amb el centre. El passat dimecres 5 de mar\u00e7 van tenir lloc les\u00a0portes obertes\u00a0del [&hellip;]<\/p>\n","protected":false},"author":1,"featured_media":1750,"comment_status":"open","ping_status":"open","sticky":false,"template":"","format":"standard","meta":{"_bbp_topic_count":0,"_bbp_reply_count":0,"_bbp_total_topic_count":0,"_bbp_total_reply_count":0,"_bbp_voice_count":0,"_bbp_anonymous_reply_count":0,"_bbp_topic_count_hidden":0,"_bbp_reply_count_hidden":0,"_bbp_forum_subforum_count":0,"site-sidebar-layout":"default","site-content-layout":"","ast-site-content-layout":"","site-content-style":"default","site-sidebar-style":"default","ast-global-header-display":"","ast-banner-title-visibility":"","ast-main-header-display":"","ast-hfb-above-header-display":"","ast-hfb-below-header-display":"","ast-hfb-mobile-header-display":"","site-post-title":"","ast-breadcrumbs-content":"","ast-featured-img":"","footer-sml-layout":"","theme-transparent-header-meta":"","adv-header-id-meta":"","stick-header-meta":"","header-above-stick-meta":"","header-main-stick-meta":"","header-below-stick-meta":"","astra-migrate-meta-layouts":"default","ast-page-background-enabled":"default","ast-page-background-meta":{"desktop":{"background-color":"var(--ast-global-color-4)","background-image":"","background-repeat":"repeat","background-position":"center center","background-size":"auto","background-attachment":"scroll","background-type":"","background-media":"","overlay-type":"","overlay-color":"","overlay-opacity":"","overlay-gradient":""},"tablet":{"background-color":"","background-image":"","background-repeat":"repeat","background-position":"center center","background-size":"auto","background-attachment":"scroll","background-type":"","background-media":"","overlay-type":"","overlay-color":"","overlay-opacity":"","overlay-gradient":""},"mobile":{"background-color":"","background-image":"","background-repeat":"repeat","background-position":"center center","background-size":"auto","background-attachment":"scroll","background-type":"","background-media":"","overlay-type":"","overlay-color":"","overlay-opacity":"","overlay-gradient":""}},"ast-content-background-meta":{"desktop":{"background-color":"var(--ast-global-color-5)","background-image":"","background-repeat":"repeat","background-position":"center center","background-size":"auto","background-attachment":"scroll","background-type":"","background-media":"","overlay-type":"","overlay-color":"","overlay-opacity":"","overlay-gradient":""},"tablet":{"background-color":"var(--ast-global-color-5)","background-image":"","background-repeat":"repeat","background-position":"center center","background-size":"auto","background-attachment":"scroll","background-type":"","background-media":"","overlay-type":"","overlay-color":"","overlay-opacity":"","overlay-gradient":""},"mobile":{"background-color":"var(--ast-global-color-5)","background-image":"","background-repeat":"repeat","background-position":"center center","background-size":"auto","background-attachment":"scroll","background-type":"","background-media":"","overlay-type":"","overlay-color":"","overlay-opacity":"","overlay-gradient":""}},"footnotes":""},"categories":[326,110],"tags":[333,308],"class_list":["post-1744","post","type-post","status-publish","format-standard","has-post-thumbnail","hentry","category-femcreixerlesvinyes","category-2013-14","tag-portes","tag-preinscripcio"],"post_mailing_queue_ids":[],"_links":{"self":[{"href":"https:\/\/agora.xtec.cat\/ielesvinyes\/wp-json\/wp\/v2\/posts\/1744","targetHints":{"allow":["GET"]}}],"collection":[{"href":"https:\/\/agora.xtec.cat\/ielesvinyes\/wp-json\/wp\/v2\/posts"}],"about":[{"href":"https:\/\/agora.xtec.cat\/ielesvinyes\/wp-json\/wp\/v2\/types\/post"}],"author":[{"embeddable":true,"href":"https:\/\/agora.xtec.cat\/ielesvinyes\/wp-json\/wp\/v2\/users\/1"}],"replies":[{"embeddable":true,"href":"https:\/\/agora.xtec.cat\/ielesvinyes\/wp-json\/wp\/v2\/comments?post=1744"}],"version-history":[{"count":0,"href":"https:\/\/agora.xtec.cat\/ielesvinyes\/wp-json\/wp\/v2\/posts\/1744\/revisions"}],"wp:featuredmedia":[{"embeddable":true,"href":"https:\/\/agora.xtec.cat\/ielesvinyes\/wp-json\/wp\/v2\/media\/1750"}],"wp:attachment":[{"href":"https:\/\/agora.xtec.cat\/ielesvinyes\/wp-json\/wp\/v2\/media?parent=1744"}],"wp:term":[{"taxonomy":"category","embeddable":true,"href":"https:\/\/agora.xtec.cat\/ielesvinyes\/wp-json\/wp\/v2\/categories?post=1744"},{"taxonomy":"post_tag","embeddable":true,"href":"https:\/\/agora.xtec.cat\/ielesvinyes\/wp-json\/wp\/v2\/tags?post=1744"}],"curies":[{"name":"wp","href":"https:\/\/api.w.org\/{rel}","templated":true}]}}