{"id":1704,"date":"2014-03-03T08:14:23","date_gmt":"2014-03-03T07:14:23","guid":{"rendered":"http:\/\/ielesvinyes.net\/?p=1704"},"modified":"2014-03-03T08:14:23","modified_gmt":"2014-03-03T07:14:23","slug":"vine-a-les-portes-obertes","status":"publish","type":"post","link":"https:\/\/agora.xtec.cat\/ielesvinyes\/general\/vine-a-les-portes-obertes\/","title":{"rendered":"Vine a les portes obertes!"},"content":{"rendered":"<figure id=\"attachment_1708\" aria-describedby=\"caption-attachment-1708\" style=\"width: 274px\" class=\"wp-caption alignleft\"><a href=\"http:\/\/agora.xtec.cat\/ielesvinyes\/wp-content\/uploads\/usu1433\/2014\/03\/Portes-Obertes.jpg\"><img loading=\"lazy\" decoding=\"async\" class=\"size-full wp-image-1708 \" alt=\"Portes Obertes\" src=\"http:\/\/agora.xtec.cat\/ielesvinyes\/wp-content\/uploads\/usu1433\/2014\/03\/Portes-Obertes.jpg\" width=\"274\" height=\"192\" \/><\/a><figcaption id=\"caption-attachment-1708\" class=\"wp-caption-text\">Portes obertes a Les Vinyes<\/figcaption><\/figure>\n<p>Vols saber com treballem? Vols que t&#8217;expliquem el nostre projecte educatiu? Vols que fam\u00edlies, alumnes i docents et presentem el centre? Vols apuntar el teu infant a P3? Vols comen\u00e7ar l&#8217;ESO amb nosaltres?<\/p>\n<p>Doncs vine a les nostres portes obertes, el proper dimecres 5 a Les Vinyes, de 18 h a 20 h. <strong>T&#8217;hi esperem!<\/strong><\/p>\n<p>L&#8217;alumnat de l&#8217;ESO us guiar\u00e0 per les instal\u00b7lacions del centre i mestres i professors us explicarem les l\u00ednies b\u00e0siques del nostre projecte d&#8217;Institut Escola p\u00fablic i us acompanyarem a una visita guiada pels espais del centre. Si vols fer un primer tast, mira <a href=\"http:\/\/ielesvinyes.net\/com-treballem\/\">com treballem<\/a>.<\/p>\n<p><iframe loading=\"lazy\" src=\"\/\/player.vimeo.com\/video\/88106352?title=0\" height=\"281\" width=\"500\" allowfullscreen=\"\" frameborder=\"0\"><\/iframe><\/p>\n<p><a href=\"http:\/\/vimeo.com\/88106352\">Portes Obertes 2014 &#8211; Educaci\u00f3 Infantil i Prim\u00e0ria<\/a> from <a href=\"http:\/\/vimeo.com\/ielesvinyes\">Institut Escola Les Vinyes<\/a><\/p>\n<p><strong>No hi faltis: <span style=\"color: #ff0000;\">Portes obertes 2014, dimecres 5 de mar\u00e7, a l&#8217;Institut Escola Les Vinyes!<\/span><\/strong><\/p>\n","protected":false},"excerpt":{"rendered":"<p>Vols saber com treballem? Vols que t&#8217;expliquem el nostre projecte educatiu? Vols que fam\u00edlies, alumnes i docents et presentem el centre? Vols apuntar el teu infant a P3? Vols comen\u00e7ar l&#8217;ESO amb nosaltres? Doncs vine a les nostres portes obertes, el proper dimecres 5 a Les Vinyes, de 18 h a 20 h. T&#8217;hi esperem! [&hellip;]<\/p>\n","protected":false},"author":1,"featured_media":1708,"comment_status":"open","ping_status":"open","sticky":false,"template":"","format":"standard","meta":{"_bbp_topic_count":0,"_bbp_reply_count":0,"_bbp_total_topic_count":0,"_bbp_total_reply_count":0,"_bbp_voice_count":0,"_bbp_anonymous_reply_count":0,"_bbp_topic_count_hidden":0,"_bbp_reply_count_hidden":0,"_bbp_forum_subforum_count":0,"site-sidebar-layout":"default","site-content-layout":"","ast-site-content-layout":"","site-content-style":"default","site-sidebar-style":"default","ast-global-header-display":"","ast-banner-title-visibility":"","ast-main-header-display":"","ast-hfb-above-header-display":"","ast-hfb-below-header-display":"","ast-hfb-mobile-header-display":"","site-post-title":"","ast-breadcrumbs-content":"","ast-featured-img":"","footer-sml-layout":"","theme-transparent-header-meta":"","adv-header-id-meta":"","stick-header-meta":"","header-above-stick-meta":"","header-main-stick-meta":"","header-below-stick-meta":"","astra-migrate-meta-layouts":"default","ast-page-background-enabled":"default","ast-page-background-meta":{"desktop":{"background-color":"var(--ast-global-color-4)","background-image":"","background-repeat":"repeat","background-position":"center center","background-size":"auto","background-attachment":"scroll","background-type":"","background-media":"","overlay-type":"","overlay-color":"","overlay-opacity":"","overlay-gradient":""},"tablet":{"background-color":"","background-image":"","background-repeat":"repeat","background-position":"center center","background-size":"auto","background-attachment":"scroll","background-type":"","background-media":"","overlay-type":"","overlay-color":"","overlay-opacity":"","overlay-gradient":""},"mobile":{"background-color":"","background-image":"","background-repeat":"repeat","background-position":"center center","background-size":"auto","background-attachment":"scroll","background-type":"","background-media":"","overlay-type":"","overlay-color":"","overlay-opacity":"","overlay-gradient":""}},"ast-content-background-meta":{"desktop":{"background-color":"var(--ast-global-color-5)","background-image":"","background-repeat":"repeat","background-position":"center center","background-size":"auto","background-attachment":"scroll","background-type":"","background-media":"","overlay-type":"","overlay-color":"","overlay-opacity":"","overlay-gradient":""},"tablet":{"background-color":"var(--ast-global-color-5)","background-image":"","background-repeat":"repeat","background-position":"center center","background-size":"auto","background-attachment":"scroll","background-type":"","background-media":"","overlay-type":"","overlay-color":"","overlay-opacity":"","overlay-gradient":""},"mobile":{"background-color":"var(--ast-global-color-5)","background-image":"","background-repeat":"repeat","background-position":"center center","background-size":"auto","background-attachment":"scroll","background-type":"","background-media":"","overlay-type":"","overlay-color":"","overlay-opacity":"","overlay-gradient":""}},"footnotes":""},"categories":[326,110,1,100,301],"tags":[245],"class_list":["post-1704","post","type-post","status-publish","format-standard","has-post-thumbnail","hentry","category-femcreixerlesvinyes","category-2013-14","category-general","category-infipri","category-secundaria","tag-portesobertes"],"post_mailing_queue_ids":[],"_links":{"self":[{"href":"https:\/\/agora.xtec.cat\/ielesvinyes\/wp-json\/wp\/v2\/posts\/1704","targetHints":{"allow":["GET"]}}],"collection":[{"href":"https:\/\/agora.xtec.cat\/ielesvinyes\/wp-json\/wp\/v2\/posts"}],"about":[{"href":"https:\/\/agora.xtec.cat\/ielesvinyes\/wp-json\/wp\/v2\/types\/post"}],"author":[{"embeddable":true,"href":"https:\/\/agora.xtec.cat\/ielesvinyes\/wp-json\/wp\/v2\/users\/1"}],"replies":[{"embeddable":true,"href":"https:\/\/agora.xtec.cat\/ielesvinyes\/wp-json\/wp\/v2\/comments?post=1704"}],"version-history":[{"count":0,"href":"https:\/\/agora.xtec.cat\/ielesvinyes\/wp-json\/wp\/v2\/posts\/1704\/revisions"}],"wp:featuredmedia":[{"embeddable":true,"href":"https:\/\/agora.xtec.cat\/ielesvinyes\/wp-json\/wp\/v2\/media\/1708"}],"wp:attachment":[{"href":"https:\/\/agora.xtec.cat\/ielesvinyes\/wp-json\/wp\/v2\/media?parent=1704"}],"wp:term":[{"taxonomy":"category","embeddable":true,"href":"https:\/\/agora.xtec.cat\/ielesvinyes\/wp-json\/wp\/v2\/categories?post=1704"},{"taxonomy":"post_tag","embeddable":true,"href":"https:\/\/agora.xtec.cat\/ielesvinyes\/wp-json\/wp\/v2\/tags?post=1704"}],"curies":[{"name":"wp","href":"https:\/\/api.w.org\/{rel}","templated":true}]}}