{"id":1695,"date":"2014-02-26T08:09:58","date_gmt":"2014-02-26T07:09:58","guid":{"rendered":"http:\/\/ielesvinyes.net\/?p=1695"},"modified":"2014-02-26T08:09:58","modified_gmt":"2014-02-26T07:09:58","slug":"carnestoltes-i-cocreacio","status":"publish","type":"post","link":"https:\/\/agora.xtec.cat\/ielesvinyes\/general\/carnestoltes-i-cocreacio\/","title":{"rendered":"Carnestoltes i cocreaci\u00f3"},"content":{"rendered":"<figure id=\"attachment_1699\" aria-describedby=\"caption-attachment-1699\" style=\"width: 300px\" class=\"wp-caption alignleft\"><a href=\"http:\/\/agora.xtec.cat\/ielesvinyes\/wp-content\/uploads\/usu1433\/2014\/02\/passafestes-2.jpg\"><img loading=\"lazy\" decoding=\"async\" class=\"size-medium wp-image-1699 \" alt=\"passafestes 2\" src=\"http:\/\/agora.xtec.cat\/ielesvinyes\/wp-content\/uploads\/usu1433\/2014\/02\/passafestes-2-300x266.jpg\" width=\"300\" height=\"266\" \/><\/a><figcaption id=\"caption-attachment-1699\" class=\"wp-caption-text\">Foto dels passafestes<\/figcaption><\/figure>\n<p>Com b\u00e9 sabreu, aquesta\u00a0setmana arriba el Carnestoltes a l\u2019Institut Escola. I ja ens comencem a preparar. Els seus ajudants, els passafestes, han vingut al centre i ens diuen qu\u00e8 hem de portar cada dia de la setmana fins arribar a divendres, el dia que anirem tots disfressats.<\/p>\n<p>Els passafestes han passat quatre matins per les classes d&#8217;infantil, prim\u00e0ria i ESO, amb instruments ben singulars. De moment, ja tenim les primeres consignes: un dia ulleres de sol, l&#8217;altre robes ben amples, un barret molt elegant&#8230; No badeu, o us pintaran el nas de colors!<\/p>\n<p>Hem iniciat la fase de <a href=\"http:\/\/cocreacio.ielesvinyes.net\/fase-cocrear\/\" target=\"_blank\">cocrear del Projecte de millora dels patis<\/a>. La setmana passada ens vam reunir la comissi\u00f3 (formada per representants de la comunitat educativa de Les Vinyes) per treballar a partir del buidat fet pel consell de delegats i delegades de l\u2019ESO. D\u2019una banda, vam agafar <strong>els temes m\u00e9s repetits<\/strong> durant la fase de con\u00e8ixer a partir de l\u2019an\u00e0lisi de les postals i les votacions de la p\u00e0gina web. De l\u2019altra, vam tenir en compte les anotacions dels mestres d\u2019infantil i prim\u00e0ria fetes a partir de <strong>l\u2019observaci\u00f3 del pati<\/strong> en una hora d\u2019esbarjo dels infants, i les anotacions recollides pels delegats i les delegades durant una hora d\u2019esbarjo de l\u2019alumnat de secund\u00e0ria. Amb tot aix\u00f2, doncs, vam definir uns temes de treball que guiaran la fase de cocrear.<\/p>\n<p><a href=\"http:\/\/cocreacio.ielesvinyes.net\/\"><img loading=\"lazy\" decoding=\"async\" class=\"size-full wp-image-1690 alignright\" alt=\"EMPA\" src=\"http:\/\/agora.xtec.cat\/ielesvinyes\/wp-content\/uploads\/usu1433\/2014\/02\/EMPA.jpg\" width=\"208\" height=\"42\" \/><\/a>Paral\u00b7lelament, els equips docents hem comen\u00e7at a perfilar com seran les dues setmanes del <strong>projecte trimestral dedicat \u00edntegrament a la cocreaci\u00f3 dels patis<\/strong>. La jornada de treball conjunta amb tota la comunitat educativa -alumnes, docents i fam\u00edlies- ser\u00e0, finalment, <strong>el dissabte 29 de mar\u00e7 al mat\u00ed<\/strong>. Us demanem disculpes pel trasbals que aquest canvi de dia us hagi pogut ocasionar i us animem a anotar-vos-ho a l\u2019agenda per a no faltar-hi!<\/p>\n","protected":false},"excerpt":{"rendered":"<p>Com b\u00e9 sabreu, aquesta\u00a0setmana arriba el Carnestoltes a l\u2019Institut Escola. I ja ens comencem a preparar. Els seus ajudants, els passafestes, han vingut al centre i ens diuen qu\u00e8 hem de portar cada dia de la setmana fins arribar a divendres, el dia que anirem tots disfressats. Els passafestes han passat quatre matins per les [&hellip;]<\/p>\n","protected":false},"author":1,"featured_media":1699,"comment_status":"open","ping_status":"open","sticky":false,"template":"","format":"standard","meta":{"_bbp_topic_count":0,"_bbp_reply_count":0,"_bbp_total_topic_count":0,"_bbp_total_reply_count":0,"_bbp_voice_count":0,"_bbp_anonymous_reply_count":0,"_bbp_topic_count_hidden":0,"_bbp_reply_count_hidden":0,"_bbp_forum_subforum_count":0,"site-sidebar-layout":"default","site-content-layout":"","ast-site-content-layout":"","site-content-style":"default","site-sidebar-style":"default","ast-global-header-display":"","ast-banner-title-visibility":"","ast-main-header-display":"","ast-hfb-above-header-display":"","ast-hfb-below-header-display":"","ast-hfb-mobile-header-display":"","site-post-title":"","ast-breadcrumbs-content":"","ast-featured-img":"","footer-sml-layout":"","theme-transparent-header-meta":"","adv-header-id-meta":"","stick-header-meta":"","header-above-stick-meta":"","header-main-stick-meta":"","header-below-stick-meta":"","astra-migrate-meta-layouts":"default","ast-page-background-enabled":"default","ast-page-background-meta":{"desktop":{"background-color":"var(--ast-global-color-4)","background-image":"","background-repeat":"repeat","background-position":"center center","background-size":"auto","background-attachment":"scroll","background-type":"","background-media":"","overlay-type":"","overlay-color":"","overlay-opacity":"","overlay-gradient":""},"tablet":{"background-color":"","background-image":"","background-repeat":"repeat","background-position":"center center","background-size":"auto","background-attachment":"scroll","background-type":"","background-media":"","overlay-type":"","overlay-color":"","overlay-opacity":"","overlay-gradient":""},"mobile":{"background-color":"","background-image":"","background-repeat":"repeat","background-position":"center center","background-size":"auto","background-attachment":"scroll","background-type":"","background-media":"","overlay-type":"","overlay-color":"","overlay-opacity":"","overlay-gradient":""}},"ast-content-background-meta":{"desktop":{"background-color":"var(--ast-global-color-5)","background-image":"","background-repeat":"repeat","background-position":"center center","background-size":"auto","background-attachment":"scroll","background-type":"","background-media":"","overlay-type":"","overlay-color":"","overlay-opacity":"","overlay-gradient":""},"tablet":{"background-color":"var(--ast-global-color-5)","background-image":"","background-repeat":"repeat","background-position":"center center","background-size":"auto","background-attachment":"scroll","background-type":"","background-media":"","overlay-type":"","overlay-color":"","overlay-opacity":"","overlay-gradient":""},"mobile":{"background-color":"var(--ast-global-color-5)","background-image":"","background-repeat":"repeat","background-position":"center center","background-size":"auto","background-attachment":"scroll","background-type":"","background-media":"","overlay-type":"","overlay-color":"","overlay-opacity":"","overlay-gradient":""}},"footnotes":""},"categories":[110,1,100,301],"tags":[182],"class_list":["post-1695","post","type-post","status-publish","format-standard","has-post-thumbnail","hentry","category-2013-14","category-general","category-infipri","category-secundaria","tag-cocreacio"],"post_mailing_queue_ids":[],"_links":{"self":[{"href":"https:\/\/agora.xtec.cat\/ielesvinyes\/wp-json\/wp\/v2\/posts\/1695","targetHints":{"allow":["GET"]}}],"collection":[{"href":"https:\/\/agora.xtec.cat\/ielesvinyes\/wp-json\/wp\/v2\/posts"}],"about":[{"href":"https:\/\/agora.xtec.cat\/ielesvinyes\/wp-json\/wp\/v2\/types\/post"}],"author":[{"embeddable":true,"href":"https:\/\/agora.xtec.cat\/ielesvinyes\/wp-json\/wp\/v2\/users\/1"}],"replies":[{"embeddable":true,"href":"https:\/\/agora.xtec.cat\/ielesvinyes\/wp-json\/wp\/v2\/comments?post=1695"}],"version-history":[{"count":0,"href":"https:\/\/agora.xtec.cat\/ielesvinyes\/wp-json\/wp\/v2\/posts\/1695\/revisions"}],"wp:featuredmedia":[{"embeddable":true,"href":"https:\/\/agora.xtec.cat\/ielesvinyes\/wp-json\/wp\/v2\/media\/1699"}],"wp:attachment":[{"href":"https:\/\/agora.xtec.cat\/ielesvinyes\/wp-json\/wp\/v2\/media?parent=1695"}],"wp:term":[{"taxonomy":"category","embeddable":true,"href":"https:\/\/agora.xtec.cat\/ielesvinyes\/wp-json\/wp\/v2\/categories?post=1695"},{"taxonomy":"post_tag","embeddable":true,"href":"https:\/\/agora.xtec.cat\/ielesvinyes\/wp-json\/wp\/v2\/tags?post=1695"}],"curies":[{"name":"wp","href":"https:\/\/api.w.org\/{rel}","templated":true}]}}