{"id":1678,"date":"2014-02-10T11:58:31","date_gmt":"2014-02-10T10:58:31","guid":{"rendered":"http:\/\/ielesvinyes.net\/?p=1678"},"modified":"2014-02-10T11:58:31","modified_gmt":"2014-02-10T10:58:31","slug":"tancament-de-la-fase-coneixer-de-la-cocreacio-dels-patis","status":"publish","type":"post","link":"https:\/\/agora.xtec.cat\/ielesvinyes\/general\/tancament-de-la-fase-coneixer-de-la-cocreacio-dels-patis\/","title":{"rendered":"Tancament de la fase con\u00e8ixer de la cocreaci\u00f3 dels patis"},"content":{"rendered":"<figure id=\"attachment_1680\" aria-describedby=\"caption-attachment-1680\" style=\"width: 240px\" class=\"wp-caption alignleft\"><a href=\"http:\/\/agora.xtec.cat\/ielesvinyes\/wp-content\/uploads\/usu1433\/2014\/02\/empatitzat.jpg\"><img loading=\"lazy\" decoding=\"async\" class=\" wp-image-1680  \" alt=\"empatitzat\" src=\"http:\/\/agora.xtec.cat\/ielesvinyes\/wp-content\/uploads\/usu1433\/2014\/02\/empatitzat-300x213.jpg\" width=\"240\" height=\"170\" \/><\/a><figcaption id=\"caption-attachment-1680\" class=\"wp-caption-text\">Foto: Algunes de les postals recollides a la b\u00fastia<\/figcaption><\/figure>\n<p>Aquesta setmana fem el tancament de la <a href=\"http:\/\/cocreacio.ielesvinyes.net\/fase-coneixer\/\" target=\"_blank\">fase Con\u00e8ixer<\/a> del projecte de millora dels patis de l&#8217;Institut Escola. Hem rebut aportacions fetes en les postals de la cocreaci\u00f3 i en el correu electr\u00f2nic de la web <a href=\"http:\/\/cocreacio.ielesvinyes.net\/\" target=\"_blank\">EmPATItza&#8217;t<\/a>, dedicada a aquest projecte. A Infantil s&#8217;han recollit les aportacions a la b\u00fastia, a Prim\u00e0ria s&#8217;ha treballat a les classes i a Secund\u00e0ria els tutors individuals han canalitzat tot aquest treball. Gr\u00e0cies!<\/p>\n<figure id=\"attachment_1681\" aria-describedby=\"caption-attachment-1681\" style=\"width: 300px\" class=\"wp-caption alignright\"><a href=\"http:\/\/agora.xtec.cat\/ielesvinyes\/wp-content\/uploads\/usu1433\/2014\/02\/consell-e1391901929662.jpg\"><img loading=\"lazy\" decoding=\"async\" class=\"size-medium wp-image-1681 \" alt=\"consell\" src=\"http:\/\/ielesvinyes.net\/wp-content\/uploads\/2014\/02\/consell-300x198.jpg\" width=\"300\" height=\"198\" \/><\/a><figcaption id=\"caption-attachment-1681\" class=\"wp-caption-text\">Foto: Reuni\u00f3 del Consell de delegats<\/figcaption><\/figure>\n<p>Ens queda encara l&#8217;an\u00e0lisi i l&#8217;observaci\u00f3 dels patis actuals, per tancar-ho del tot. Aquesta part anir\u00e0 a c\u00e0rrec del Consell de delegats que, amb el guiatge del coordinador pedag\u00f2gic, donaran per acabada aquesta part. El proper dilluns es reunir\u00e0 la Comissi\u00f3 gestora per planificar la <a href=\"http:\/\/cocreacio.ielesvinyes.net\/fase-cocrear\/\" target=\"_blank\">fase Cocrear<\/a> i la jornada conjunta amb tota la comunitat educativa que tindr\u00e0 lloc <strong>el dissabte \u00a0<span style=\"text-decoration: line-through;\">8 de mar\u00e7\u00a0<\/span><\/strong>\u00a0 <strong><span style=\"color: #ff0000;\">29 de mar\u00e7.<\/span><\/strong> \u00a0Ja podeu reservar aquest dia a la vostra agenda! \ud83d\ude42<\/p>\n<p>Aprofitem per donar les gr\u00e0cies a tothom que ha fet la seva aportaci\u00f3 explicant el <a href=\"http:\/\/cocreacio.ielesvinyes.net\/category\/coneixer\/pati-somiat\/\" target=\"_blank\">pati somiat<\/a>, el pati <a href=\"http:\/\/cocreacio.ielesvinyes.net\/category\/coneixer\/pati-actual\/\" target=\"_blank\">recordat<\/a> o el pati <a href=\"http:\/\/cocreacio.ielesvinyes.net\/category\/coneixer\/pati-actual\/\" target=\"_blank\">actual<\/a>.<\/p>\n","protected":false},"excerpt":{"rendered":"<p>Aquesta setmana fem el tancament de la fase Con\u00e8ixer del projecte de millora dels patis de l&#8217;Institut Escola. Hem rebut aportacions fetes en les postals de la cocreaci\u00f3 i en el correu electr\u00f2nic de la web EmPATItza&#8217;t, dedicada a aquest projecte. A Infantil s&#8217;han recollit les aportacions a la b\u00fastia, a Prim\u00e0ria s&#8217;ha treballat a [&hellip;]<\/p>\n","protected":false},"author":1,"featured_media":0,"comment_status":"open","ping_status":"open","sticky":false,"template":"","format":"standard","meta":{"_bbp_topic_count":0,"_bbp_reply_count":0,"_bbp_total_topic_count":0,"_bbp_total_reply_count":0,"_bbp_voice_count":0,"_bbp_anonymous_reply_count":0,"_bbp_topic_count_hidden":0,"_bbp_reply_count_hidden":0,"_bbp_forum_subforum_count":0,"site-sidebar-layout":"default","site-content-layout":"","ast-site-content-layout":"","site-content-style":"default","site-sidebar-style":"default","ast-global-header-display":"","ast-banner-title-visibility":"","ast-main-header-display":"","ast-hfb-above-header-display":"","ast-hfb-below-header-display":"","ast-hfb-mobile-header-display":"","site-post-title":"","ast-breadcrumbs-content":"","ast-featured-img":"","footer-sml-layout":"","theme-transparent-header-meta":"","adv-header-id-meta":"","stick-header-meta":"","header-above-stick-meta":"","header-main-stick-meta":"","header-below-stick-meta":"","astra-migrate-meta-layouts":"default","ast-page-background-enabled":"default","ast-page-background-meta":{"desktop":{"background-color":"var(--ast-global-color-4)","background-image":"","background-repeat":"repeat","background-position":"center center","background-size":"auto","background-attachment":"scroll","background-type":"","background-media":"","overlay-type":"","overlay-color":"","overlay-opacity":"","overlay-gradient":""},"tablet":{"background-color":"","background-image":"","background-repeat":"repeat","background-position":"center center","background-size":"auto","background-attachment":"scroll","background-type":"","background-media":"","overlay-type":"","overlay-color":"","overlay-opacity":"","overlay-gradient":""},"mobile":{"background-color":"","background-image":"","background-repeat":"repeat","background-position":"center center","background-size":"auto","background-attachment":"scroll","background-type":"","background-media":"","overlay-type":"","overlay-color":"","overlay-opacity":"","overlay-gradient":""}},"ast-content-background-meta":{"desktop":{"background-color":"var(--ast-global-color-5)","background-image":"","background-repeat":"repeat","background-position":"center center","background-size":"auto","background-attachment":"scroll","background-type":"","background-media":"","overlay-type":"","overlay-color":"","overlay-opacity":"","overlay-gradient":""},"tablet":{"background-color":"var(--ast-global-color-5)","background-image":"","background-repeat":"repeat","background-position":"center center","background-size":"auto","background-attachment":"scroll","background-type":"","background-media":"","overlay-type":"","overlay-color":"","overlay-opacity":"","overlay-gradient":""},"mobile":{"background-color":"var(--ast-global-color-5)","background-image":"","background-repeat":"repeat","background-position":"center center","background-size":"auto","background-attachment":"scroll","background-type":"","background-media":"","overlay-type":"","overlay-color":"","overlay-opacity":"","overlay-gradient":""}},"footnotes":""},"categories":[326,110,1,100,301],"tags":[182,329,306],"class_list":["post-1678","post","type-post","status-publish","format-standard","hentry","category-femcreixerlesvinyes","category-2013-14","category-general","category-infipri","category-secundaria","tag-cocreacio","tag-comunitat-educativa","tag-innovacio"],"post_mailing_queue_ids":[],"_links":{"self":[{"href":"https:\/\/agora.xtec.cat\/ielesvinyes\/wp-json\/wp\/v2\/posts\/1678","targetHints":{"allow":["GET"]}}],"collection":[{"href":"https:\/\/agora.xtec.cat\/ielesvinyes\/wp-json\/wp\/v2\/posts"}],"about":[{"href":"https:\/\/agora.xtec.cat\/ielesvinyes\/wp-json\/wp\/v2\/types\/post"}],"author":[{"embeddable":true,"href":"https:\/\/agora.xtec.cat\/ielesvinyes\/wp-json\/wp\/v2\/users\/1"}],"replies":[{"embeddable":true,"href":"https:\/\/agora.xtec.cat\/ielesvinyes\/wp-json\/wp\/v2\/comments?post=1678"}],"version-history":[{"count":0,"href":"https:\/\/agora.xtec.cat\/ielesvinyes\/wp-json\/wp\/v2\/posts\/1678\/revisions"}],"wp:attachment":[{"href":"https:\/\/agora.xtec.cat\/ielesvinyes\/wp-json\/wp\/v2\/media?parent=1678"}],"wp:term":[{"taxonomy":"category","embeddable":true,"href":"https:\/\/agora.xtec.cat\/ielesvinyes\/wp-json\/wp\/v2\/categories?post=1678"},{"taxonomy":"post_tag","embeddable":true,"href":"https:\/\/agora.xtec.cat\/ielesvinyes\/wp-json\/wp\/v2\/tags?post=1678"}],"curies":[{"name":"wp","href":"https:\/\/api.w.org\/{rel}","templated":true}]}}