{"id":1668,"date":"2014-02-04T00:01:56","date_gmt":"2014-02-03T23:01:56","guid":{"rendered":"http:\/\/ielesvinyes.net\/?p=1668"},"modified":"2014-02-04T00:01:56","modified_gmt":"2014-02-03T23:01:56","slug":"activitats-entre-petits-i-grans","status":"publish","type":"post","link":"https:\/\/agora.xtec.cat\/ielesvinyes\/general\/activitats-entre-petits-i-grans\/","title":{"rendered":"Activitats entre petits i grans"},"content":{"rendered":"<p>A l&#8217;Institut Escola Les Vinyes no parem! Fem classe, projectes, treballs globalitzats&#8230; i, de tant en tant, aprofitem l&#8217;oportunitat de ser un institut escola amb alumnes &#8220;petits i grans&#8221; per fer activitats conjuntament.<\/p>\n<p>Aquest curs hem tornat a engegar &#8220;<a href=\"http:\/\/www.flickr.com\/photos\/ielesvinyes\/sets\/72157639016794753\/\" target=\"_blank\">L&#8217;hora del conte<\/a>&#8220;, moment en qu\u00e8 un alumne\/a de 3r d&#8217;ESO va a l&#8217;aula d&#8217;un grup d&#8217;educaci\u00f3 infantil i els explica una hist\u00f2ria adaptada a la seva edat.<\/p>\n<figure id=\"attachment_1671\" aria-describedby=\"caption-attachment-1671\" style=\"width: 350px\" class=\"wp-caption alignleft\"><a href=\"http:\/\/agora.xtec.cat\/ielesvinyes\/wp-content\/uploads\/usu1433\/2014\/01\/padrins-1r-ESO.jpg\"><img loading=\"lazy\" decoding=\"async\" class=\" wp-image-1671 \" alt=\"padrins 1r ESO\" src=\"http:\/\/agora.xtec.cat\/ielesvinyes\/wp-content\/uploads\/usu1433\/2014\/01\/padrins-1r-ESO.jpg\" width=\"350\" height=\"263\" srcset=\"https:\/\/agora.xtec.cat\/ielesvinyes\/wp-content\/uploads\/usu1433\/2014\/01\/padrins-1r-ESO.jpg 500w, https:\/\/agora.xtec.cat\/ielesvinyes\/wp-content\/uploads\/usu1433\/2014\/01\/padrins-1r-ESO-300x225.jpg 300w, https:\/\/agora.xtec.cat\/ielesvinyes\/wp-content\/uploads\/usu1433\/2014\/01\/padrins-1r-ESO-200x150.jpg 200w\" sizes=\"auto, (max-width: 350px) 100vw, 350px\" \/><\/a><figcaption id=\"caption-attachment-1671\" class=\"wp-caption-text\">Foto: Padrins i fillols, de l&#8217;ESO a Infantil<\/figcaption><\/figure>\n<p>A m\u00e9s, hem iniciat els &#8220;Padrins lectors&#8221; entre l&#8217;alumnat de 2n d&#8217;ESO i les dues classes de 1r de prim\u00e0ria. Cada primer dimecres de mes, els nois i les noies de 2n pugen al pis superior, es retroben amb els seus fillols i llegeixen conjuntament un conte.<\/p>\n<p>Tamb\u00e9 hem fet l&#8217;activitat de presentaci\u00f3 entre l&#8217;alumnat d&#8217;infantil i 1r d&#8217;ESO. La setmana passada els nois i les noies de 1r van pujar a les aules d&#8217;infantil, van localitzar el seu fillol i van elaborar conjuntament una medalla identificativa. La idea \u00e9s que, un cop fet el tret de sortida, puguem fer trobades puntuals al llarg del curs.<\/p>\n<p>El vincle que s&#8217;esdev\u00e9 entre els padrins (els grans) i els fillols (els petits) en aquest tipus d&#8217;activitats\u00a0reforcen la iniciativa, l&#8217;autonomia, la comunicaci\u00f3, la interacci\u00f3, la lectura i la comprensi\u00f3&#8230; elements clau per al desenvolupament personal dels nostres infants i joves.<\/p>\n<p><object width=\"400\" height=\"300\" classid=\"clsid:d27cdb6e-ae6d-11cf-96b8-444553540000\" codebase=\"http:\/\/download.macromedia.com\/pub\/shockwave\/cabs\/flash\/swflash.cab#version=6,0,40,0\"><param name=\"flashvars\" value=\"offsite=true&amp;lang=es-us&amp;page_show_url=%2Fphotos%2Fielesvinyes%2Fsets%2F72157640361503245%2Fshow%2F&amp;page_show_back_url=%2Fphotos%2Fielesvinyes%2Fsets%2F72157640361503245%2F&amp;set_id=72157640361503245&amp;jump_to=\" \/><param name=\"allowFullScreen\" value=\"true\" \/><param name=\"src\" value=\"http:\/\/www.flickr.com\/apps\/slideshow\/show.swf?v=138195\" \/><param name=\"allowfullscreen\" value=\"true\" \/><embed width=\"400\" height=\"300\" type=\"application\/x-shockwave-flash\" src=\"http:\/\/www.flickr.com\/apps\/slideshow\/show.swf?v=138195\" flashvars=\"offsite=true&amp;lang=es-us&amp;page_show_url=%2Fphotos%2Fielesvinyes%2Fsets%2F72157640361503245%2Fshow%2F&amp;page_show_back_url=%2Fphotos%2Fielesvinyes%2Fsets%2F72157640361503245%2F&amp;set_id=72157640361503245&amp;jump_to=\" allowFullScreen=\"true\" allowfullscreen=\"true\" \/><\/object><\/p>\n<p>\u00c0lbum de fotografies de la trobada<\/p>\n<p style=\"text-align: center;\">Per, cert? <a href=\"http:\/\/cocreacio.ielesvinyes.net\/participeu\/\" target=\"_blank\">Ja has participat en la Fase con\u00e8ixer de la cocreaci\u00f3?<\/a> \ud83d\ude42<\/p>\n","protected":false},"excerpt":{"rendered":"<p>A l&#8217;Institut Escola Les Vinyes no parem! Fem classe, projectes, treballs globalitzats&#8230; i, de tant en tant, aprofitem l&#8217;oportunitat de ser un institut escola amb alumnes &#8220;petits i grans&#8221; per fer activitats conjuntament. Aquest curs hem tornat a engegar &#8220;L&#8217;hora del conte&#8220;, moment en qu\u00e8 un alumne\/a de 3r d&#8217;ESO va a l&#8217;aula d&#8217;un grup [&hellip;]<\/p>\n","protected":false},"author":6,"featured_media":1671,"comment_status":"open","ping_status":"open","sticky":false,"template":"","format":"standard","meta":{"_bbp_topic_count":0,"_bbp_reply_count":0,"_bbp_total_topic_count":0,"_bbp_total_reply_count":0,"_bbp_voice_count":0,"_bbp_anonymous_reply_count":0,"_bbp_topic_count_hidden":0,"_bbp_reply_count_hidden":0,"_bbp_forum_subforum_count":0,"site-sidebar-layout":"default","site-content-layout":"","ast-site-content-layout":"","site-content-style":"default","site-sidebar-style":"default","ast-global-header-display":"","ast-banner-title-visibility":"","ast-main-header-display":"","ast-hfb-above-header-display":"","ast-hfb-below-header-display":"","ast-hfb-mobile-header-display":"","site-post-title":"","ast-breadcrumbs-content":"","ast-featured-img":"","footer-sml-layout":"","theme-transparent-header-meta":"","adv-header-id-meta":"","stick-header-meta":"","header-above-stick-meta":"","header-main-stick-meta":"","header-below-stick-meta":"","astra-migrate-meta-layouts":"default","ast-page-background-enabled":"default","ast-page-background-meta":{"desktop":{"background-color":"var(--ast-global-color-4)","background-image":"","background-repeat":"repeat","background-position":"center center","background-size":"auto","background-attachment":"scroll","background-type":"","background-media":"","overlay-type":"","overlay-color":"","overlay-opacity":"","overlay-gradient":""},"tablet":{"background-color":"","background-image":"","background-repeat":"repeat","background-position":"center center","background-size":"auto","background-attachment":"scroll","background-type":"","background-media":"","overlay-type":"","overlay-color":"","overlay-opacity":"","overlay-gradient":""},"mobile":{"background-color":"","background-image":"","background-repeat":"repeat","background-position":"center center","background-size":"auto","background-attachment":"scroll","background-type":"","background-media":"","overlay-type":"","overlay-color":"","overlay-opacity":"","overlay-gradient":""}},"ast-content-background-meta":{"desktop":{"background-color":"var(--ast-global-color-5)","background-image":"","background-repeat":"repeat","background-position":"center center","background-size":"auto","background-attachment":"scroll","background-type":"","background-media":"","overlay-type":"","overlay-color":"","overlay-opacity":"","overlay-gradient":""},"tablet":{"background-color":"var(--ast-global-color-5)","background-image":"","background-repeat":"repeat","background-position":"center center","background-size":"auto","background-attachment":"scroll","background-type":"","background-media":"","overlay-type":"","overlay-color":"","overlay-opacity":"","overlay-gradient":""},"mobile":{"background-color":"var(--ast-global-color-5)","background-image":"","background-repeat":"repeat","background-position":"center center","background-size":"auto","background-attachment":"scroll","background-type":"","background-media":"","overlay-type":"","overlay-color":"","overlay-opacity":"","overlay-gradient":""}},"footnotes":""},"categories":[326,110,1,100,301],"tags":[330,331,332],"class_list":["post-1668","post","type-post","status-publish","format-standard","has-post-thumbnail","hentry","category-femcreixerlesvinyes","category-2013-14","category-general","category-infipri","category-secundaria","tag-fillols","tag-internivells","tag-padrins"],"post_mailing_queue_ids":[],"_links":{"self":[{"href":"https:\/\/agora.xtec.cat\/ielesvinyes\/wp-json\/wp\/v2\/posts\/1668","targetHints":{"allow":["GET"]}}],"collection":[{"href":"https:\/\/agora.xtec.cat\/ielesvinyes\/wp-json\/wp\/v2\/posts"}],"about":[{"href":"https:\/\/agora.xtec.cat\/ielesvinyes\/wp-json\/wp\/v2\/types\/post"}],"author":[{"embeddable":true,"href":"https:\/\/agora.xtec.cat\/ielesvinyes\/wp-json\/wp\/v2\/users\/6"}],"replies":[{"embeddable":true,"href":"https:\/\/agora.xtec.cat\/ielesvinyes\/wp-json\/wp\/v2\/comments?post=1668"}],"version-history":[{"count":0,"href":"https:\/\/agora.xtec.cat\/ielesvinyes\/wp-json\/wp\/v2\/posts\/1668\/revisions"}],"wp:featuredmedia":[{"embeddable":true,"href":"https:\/\/agora.xtec.cat\/ielesvinyes\/wp-json\/wp\/v2\/media\/1671"}],"wp:attachment":[{"href":"https:\/\/agora.xtec.cat\/ielesvinyes\/wp-json\/wp\/v2\/media?parent=1668"}],"wp:term":[{"taxonomy":"category","embeddable":true,"href":"https:\/\/agora.xtec.cat\/ielesvinyes\/wp-json\/wp\/v2\/categories?post=1668"},{"taxonomy":"post_tag","embeddable":true,"href":"https:\/\/agora.xtec.cat\/ielesvinyes\/wp-json\/wp\/v2\/tags?post=1668"}],"curies":[{"name":"wp","href":"https:\/\/api.w.org\/{rel}","templated":true}]}}