{"id":1630,"date":"2014-01-21T13:13:28","date_gmt":"2014-01-21T12:13:28","guid":{"rendered":"http:\/\/ielesvinyes.net\/?p=1630"},"modified":"2014-01-21T13:13:28","modified_gmt":"2014-01-21T12:13:28","slug":"presentacio-dels-projectes-trimestrals","status":"publish","type":"post","link":"https:\/\/agora.xtec.cat\/ielesvinyes\/general\/presentacio-dels-projectes-trimestrals\/","title":{"rendered":"Presentaci\u00f3 dels projectes trimestrals"},"content":{"rendered":"<figure id=\"attachment_1646\" aria-describedby=\"caption-attachment-1646\" style=\"width: 300px\" class=\"wp-caption alignleft\"><a href=\"http:\/\/agora.xtec.cat\/ielesvinyes\/wp-content\/uploads\/usu1433\/2014\/01\/presentaci\u00f3TV.jpg\"><img loading=\"lazy\" decoding=\"async\" class=\"size-medium wp-image-1646 \" alt=\"presentaci\u00f3TV\" src=\"http:\/\/agora.xtec.cat\/ielesvinyes\/wp-content\/uploads\/usu1433\/2014\/01\/presentaci\u00f3TV-300x188.jpg\" width=\"300\" height=\"188\" srcset=\"https:\/\/agora.xtec.cat\/ielesvinyes\/wp-content\/uploads\/usu1433\/2014\/01\/presentaci\u00f3TV-300x188.jpg 300w, https:\/\/agora.xtec.cat\/ielesvinyes\/wp-content\/uploads\/usu1433\/2014\/01\/presentaci\u00f3TV-768x482.jpg 768w, https:\/\/agora.xtec.cat\/ielesvinyes\/wp-content\/uploads\/usu1433\/2014\/01\/presentaci\u00f3TV.jpg 985w\" sizes=\"auto, (max-width: 300px) 100vw, 300px\" \/><\/a><figcaption id=\"caption-attachment-1646\" class=\"wp-caption-text\">Foto: Presentaci\u00f3 del Magazine TV<\/figcaption><\/figure>\n<p>Tornant de vacances de Nadal vam fer la presentaci\u00f3 dels <a href=\"http:\/\/ielesvinyes.net\/2013\/12\/02\/arrenquen-els-projectes-trimestrals-de-leso\/\" target=\"_blank\">projectes trimestrals de l&#8217;ESO<\/a>, que hav\u00edem iniciat el desembre.<\/p>\n<p>D&#8217;una banda, l&#8217;alumnat de 1r d&#8217;ESO va presentar el projecte sobre <strong>El patrimoni de Castellbisbal<\/strong> als nens i les nenes de P5 i de 1r de prim\u00e0ria. Durant una estona, els &#8220;grans&#8221; van explicar als &#8220;petits&#8221; la hist\u00f2ria del nostre poble, les curiositats, les festes tradicionals i les m\u00e9s actuals&#8230; Cada grup va explicar el seu producte final, des d&#8217;una maqueta del Pont del Diable, fins a una recreaci\u00f3 de Can Margarit amb el joc d&#8217;ordinador Minecraft, passant per una reproducci\u00f3 en miniatura de la Cuca i la Cuqueta (entre d&#8217;altres).<\/p>\n<p><object width=\"500\" height=\"375\" classid=\"clsid:d27cdb6e-ae6d-11cf-96b8-444553540000\" codebase=\"http:\/\/download.macromedia.com\/pub\/shockwave\/cabs\/flash\/swflash.cab#version=6,0,40,0\"><param name=\"flashvars\" value=\"offsite=true&amp;lang=es-us&amp;page_show_url=%2Fphotos%2Fielesvinyes%2Fsets%2F72157639861304884%2Fshow%2F&amp;page_show_back_url=%2Fphotos%2Fielesvinyes%2Fsets%2F72157639861304884%2F&amp;set_id=72157639861304884&amp;jump_to=\" \/><param name=\"allowFullScreen\" value=\"true\" \/><param name=\"src\" value=\"http:\/\/www.flickr.com\/apps\/slideshow\/show.swf?v=138195\" \/><param name=\"allowfullscreen\" value=\"true\" \/><embed width=\"500\" height=\"375\" type=\"application\/x-shockwave-flash\" src=\"http:\/\/www.flickr.com\/apps\/slideshow\/show.swf?v=138195\" flashvars=\"offsite=true&amp;lang=es-us&amp;page_show_url=%2Fphotos%2Fielesvinyes%2Fsets%2F72157639861304884%2Fshow%2F&amp;page_show_back_url=%2Fphotos%2Fielesvinyes%2Fsets%2F72157639861304884%2F&amp;set_id=72157639861304884&amp;jump_to=\" allowFullScreen=\"true\" allowfullscreen=\"true\" \/><\/object><br \/>\n\u00c0lbum: Presentaci\u00f3 del projecte a infantil i prim\u00e0ria<\/p>\n<p>De l&#8217;altra, vam convidar les fam\u00edlies a la <strong>presentaci\u00f3 dels projectes<\/strong> portats a terme a 1r, 2n i 3r d&#8217;ESO. Aix\u00ed doncs, les fam\u00edlies de l&#8217;alumnat de 1r d&#8217;ESO van poder anar passant per cadascuna de les 3 sales de l&#8217;exposici\u00f3 <a href=\"http:\/\/www.flickr.com\/photos\/ielesvinyes\/sets\/72157638277758823\/\" target=\"_blank\">El Patrimoni de Castellbisbal;<\/a> les de l&#8217;alumnat de 2n van veure el curtmetratge d&#8217;una producci\u00f3 pr\u00f2pia inspirada en els fets del 1714: <a href=\"https:\/\/vimeo.com\/84463988\" target=\"_blank\">Tres hist\u00f2ries i un dest\u00ed<\/a>. Finalment, les fam\u00edlies de l&#8217;alumnat de 3r d&#8217;ESO van veure <a href=\"http:\/\/tv.ielesvinyes.net\/\" target=\"_blank\">el magazine televisiu Drogues. En parlem?<\/a><\/p>\n<p>Un bon punt i final a un <a href=\"http:\/\/ielesvinyes.net\/2013\/12\/20\/un-trimestre-molt-intens\/\">trimestre molt intens<\/a>!<\/p>\n","protected":false},"excerpt":{"rendered":"<p>Tornant de vacances de Nadal vam fer la presentaci\u00f3 dels projectes trimestrals de l&#8217;ESO, que hav\u00edem iniciat el desembre. D&#8217;una banda, l&#8217;alumnat de 1r d&#8217;ESO va presentar el projecte sobre El patrimoni de Castellbisbal als nens i les nenes de P5 i de 1r de prim\u00e0ria. Durant una estona, els &#8220;grans&#8221; van explicar als &#8220;petits&#8221; [&hellip;]<\/p>\n","protected":false},"author":6,"featured_media":0,"comment_status":"open","ping_status":"open","sticky":false,"template":"","format":"standard","meta":{"_bbp_topic_count":0,"_bbp_reply_count":0,"_bbp_total_topic_count":0,"_bbp_total_reply_count":0,"_bbp_voice_count":0,"_bbp_anonymous_reply_count":0,"_bbp_topic_count_hidden":0,"_bbp_reply_count_hidden":0,"_bbp_forum_subforum_count":0,"site-sidebar-layout":"default","site-content-layout":"","ast-site-content-layout":"","site-content-style":"default","site-sidebar-style":"default","ast-global-header-display":"","ast-banner-title-visibility":"","ast-main-header-display":"","ast-hfb-above-header-display":"","ast-hfb-below-header-display":"","ast-hfb-mobile-header-display":"","site-post-title":"","ast-breadcrumbs-content":"","ast-featured-img":"","footer-sml-layout":"","theme-transparent-header-meta":"","adv-header-id-meta":"","stick-header-meta":"","header-above-stick-meta":"","header-main-stick-meta":"","header-below-stick-meta":"","astra-migrate-meta-layouts":"default","ast-page-background-enabled":"default","ast-page-background-meta":{"desktop":{"background-color":"var(--ast-global-color-4)","background-image":"","background-repeat":"repeat","background-position":"center center","background-size":"auto","background-attachment":"scroll","background-type":"","background-media":"","overlay-type":"","overlay-color":"","overlay-opacity":"","overlay-gradient":""},"tablet":{"background-color":"","background-image":"","background-repeat":"repeat","background-position":"center center","background-size":"auto","background-attachment":"scroll","background-type":"","background-media":"","overlay-type":"","overlay-color":"","overlay-opacity":"","overlay-gradient":""},"mobile":{"background-color":"","background-image":"","background-repeat":"repeat","background-position":"center center","background-size":"auto","background-attachment":"scroll","background-type":"","background-media":"","overlay-type":"","overlay-color":"","overlay-opacity":"","overlay-gradient":""}},"ast-content-background-meta":{"desktop":{"background-color":"var(--ast-global-color-5)","background-image":"","background-repeat":"repeat","background-position":"center center","background-size":"auto","background-attachment":"scroll","background-type":"","background-media":"","overlay-type":"","overlay-color":"","overlay-opacity":"","overlay-gradient":""},"tablet":{"background-color":"var(--ast-global-color-5)","background-image":"","background-repeat":"repeat","background-position":"center center","background-size":"auto","background-attachment":"scroll","background-type":"","background-media":"","overlay-type":"","overlay-color":"","overlay-opacity":"","overlay-gradient":""},"mobile":{"background-color":"var(--ast-global-color-5)","background-image":"","background-repeat":"repeat","background-position":"center center","background-size":"auto","background-attachment":"scroll","background-type":"","background-media":"","overlay-type":"","overlay-color":"","overlay-opacity":"","overlay-gradient":""}},"footnotes":""},"categories":[110,1,100,301],"tags":[250],"class_list":["post-1630","post","type-post","status-publish","format-standard","hentry","category-2013-14","category-general","category-infipri","category-secundaria","tag-projecte"],"post_mailing_queue_ids":[],"_links":{"self":[{"href":"https:\/\/agora.xtec.cat\/ielesvinyes\/wp-json\/wp\/v2\/posts\/1630","targetHints":{"allow":["GET"]}}],"collection":[{"href":"https:\/\/agora.xtec.cat\/ielesvinyes\/wp-json\/wp\/v2\/posts"}],"about":[{"href":"https:\/\/agora.xtec.cat\/ielesvinyes\/wp-json\/wp\/v2\/types\/post"}],"author":[{"embeddable":true,"href":"https:\/\/agora.xtec.cat\/ielesvinyes\/wp-json\/wp\/v2\/users\/6"}],"replies":[{"embeddable":true,"href":"https:\/\/agora.xtec.cat\/ielesvinyes\/wp-json\/wp\/v2\/comments?post=1630"}],"version-history":[{"count":0,"href":"https:\/\/agora.xtec.cat\/ielesvinyes\/wp-json\/wp\/v2\/posts\/1630\/revisions"}],"wp:attachment":[{"href":"https:\/\/agora.xtec.cat\/ielesvinyes\/wp-json\/wp\/v2\/media?parent=1630"}],"wp:term":[{"taxonomy":"category","embeddable":true,"href":"https:\/\/agora.xtec.cat\/ielesvinyes\/wp-json\/wp\/v2\/categories?post=1630"},{"taxonomy":"post_tag","embeddable":true,"href":"https:\/\/agora.xtec.cat\/ielesvinyes\/wp-json\/wp\/v2\/tags?post=1630"}],"curies":[{"name":"wp","href":"https:\/\/api.w.org\/{rel}","templated":true}]}}