{"id":1619,"date":"2014-06-17T12:32:20","date_gmt":"2014-06-17T12:32:20","guid":{"rendered":"http:\/\/ampa.ielesvinyes.net\/stage1\/?p=1619"},"modified":"2025-11-18T10:09:50","modified_gmt":"2025-11-18T09:09:50","slug":"empatitzat-convocatoria-celebracio","status":"publish","type":"post","link":"https:\/\/agora.xtec.cat\/ielesvinyes\/2013-14\/empatitzat-convocatoria-celebracio\/","title":{"rendered":"EmPATItza&#8217;t: convocat\u00f2ria celebraci\u00f3"},"content":{"rendered":"<p id=\"yui_3_16_0_1_1425371711274_115376\" style=\"text-align: justify;\">El curs ja s\u2019acaba, un curs molt especial que ens ha posat a prova com a comunitat educativa.\u00a0Un curs que ens ha fet estr\u00e8nyer lla\u00e7os, que ens ha unit i que ens ha fet m\u00e9s forts i compactes.<\/p>\n<p id=\"yui_3_16_0_1_1425371711274_115375\" style=\"text-align: justify;\"><strong>Creiem que cal celebrar moltes coses<\/strong>: el final de curs, finalitzaci\u00f3 de Projecte de CoCreaci\u00f3 dels patis \u201c<strong><span style=\"color: #522575;\">EmPATItza\u2019t<\/span><\/strong>\u201d, la continu\u00eftat de l\u00ednia de P3&#8230; <strong>us proposem una jornada l\u00fadica-festiva per compartir tots plegats, pares, mares, alumnat i professorat<\/strong>.<\/p>\n<p id=\"yui_3_16_0_1_1425371711274_115382\">La celebraci\u00f3 es far\u00e0 aquest<\/p>\n<h4 style=\"text-align: center;\"><strong>divendres 20 de juny a la tarda\/vespre<\/strong>.<\/h4>\n<h4 id=\"yui_3_16_0_1_1425371711274_115381\"><span style=\"color: #ff6600;\"><strong>No us ho podeu perdre!<\/strong><\/span><\/h4>\n<p id=\"yui_3_16_0_1_1425371711274_115387\" style=\"text-align: justify;\">Animeu-vos i veniu, ser\u00e0 una jornada per compartir, relacionar-se, divertir-se i passar-s\u2019ho b\u00e9&#8230; tots junts, farem d\u2019aquesta festa un bon record d\u2019aquest curs que ja s\u2019acaba.<\/p>\n<p style=\"text-align: justify;\"><strong>Fem la festa ben grossa, ens ho mereixem!<\/strong><\/p>\n<p id=\"yui_3_16_0_1_1425371711274_115388\" style=\"text-align: justify;\">Gaudireu de la festa, d\u2019un espai social que t\u00e9 el valor de reunir la col\u2022lectivitat de la comunitat educativa de Les Vinyes: professorat, mestres, alumnat, pares i mares, en un ambient dist\u00e8s i ple de complicitats.<\/p>\n<p id=\"yui_3_16_0_1_1425371711274_115389\" style=\"text-align: justify;\"><em><strong>La reserva del sopar ja s\u2019ha tancat<\/strong>. Si alg\u00fa encara no s\u2019havia apuntat pot enviar un correu electr\u00f2nic a l\u2019ampa@ielesvinyes.net<\/em><\/p>\n<h3 id=\"yui_3_16_0_1_1425371711274_115390\" style=\"text-align: center;\"><span style=\"color: #ff6600;\"><strong>Comptem amb vosaltres, tots som \u201cLes Vinyes\u201d!<\/strong><\/span><\/h3>\n","protected":false},"excerpt":{"rendered":"<p>El curs ja s\u2019acaba, un curs molt especial que ens ha posat a prova com a comunitat educativa.\u00a0Un curs que ens ha fet estr\u00e8nyer lla\u00e7os, que ens ha unit i que ens ha fet m\u00e9s forts i compactes. Creiem que cal celebrar moltes coses: el final de curs, finalitzaci\u00f3 de Projecte de CoCreaci\u00f3 dels patis [&hellip;]<\/p>\n","protected":false},"author":52,"featured_media":0,"comment_status":"open","ping_status":"closed","sticky":false,"template":"","format":"standard","meta":{"_bbp_topic_count":0,"_bbp_reply_count":0,"_bbp_total_topic_count":0,"_bbp_total_reply_count":0,"_bbp_voice_count":0,"_bbp_anonymous_reply_count":0,"_bbp_topic_count_hidden":0,"_bbp_reply_count_hidden":0,"_bbp_forum_subforum_count":0,"site-sidebar-layout":"default","site-content-layout":"","ast-site-content-layout":"","site-content-style":"default","site-sidebar-style":"default","ast-global-header-display":"","ast-banner-title-visibility":"","ast-main-header-display":"","ast-hfb-above-header-display":"","ast-hfb-below-header-display":"","ast-hfb-mobile-header-display":"","site-post-title":"","ast-breadcrumbs-content":"","ast-featured-img":"","footer-sml-layout":"","theme-transparent-header-meta":"","adv-header-id-meta":"","stick-header-meta":"","header-above-stick-meta":"","header-main-stick-meta":"","header-below-stick-meta":"","astra-migrate-meta-layouts":"default","ast-page-background-enabled":"default","ast-page-background-meta":{"desktop":{"background-color":"var(--ast-global-color-4)","background-image":"","background-repeat":"repeat","background-position":"center center","background-size":"auto","background-attachment":"scroll","background-type":"","background-media":"","overlay-type":"","overlay-color":"","overlay-opacity":"","overlay-gradient":""},"tablet":{"background-color":"","background-image":"","background-repeat":"repeat","background-position":"center center","background-size":"auto","background-attachment":"scroll","background-type":"","background-media":"","overlay-type":"","overlay-color":"","overlay-opacity":"","overlay-gradient":""},"mobile":{"background-color":"","background-image":"","background-repeat":"repeat","background-position":"center center","background-size":"auto","background-attachment":"scroll","background-type":"","background-media":"","overlay-type":"","overlay-color":"","overlay-opacity":"","overlay-gradient":""}},"ast-content-background-meta":{"desktop":{"background-color":"var(--ast-global-color-5)","background-image":"","background-repeat":"repeat","background-position":"center center","background-size":"auto","background-attachment":"scroll","background-type":"","background-media":"","overlay-type":"","overlay-color":"","overlay-opacity":"","overlay-gradient":""},"tablet":{"background-color":"var(--ast-global-color-5)","background-image":"","background-repeat":"repeat","background-position":"center center","background-size":"auto","background-attachment":"scroll","background-type":"","background-media":"","overlay-type":"","overlay-color":"","overlay-opacity":"","overlay-gradient":""},"mobile":{"background-color":"var(--ast-global-color-5)","background-image":"","background-repeat":"repeat","background-position":"center center","background-size":"auto","background-attachment":"scroll","background-type":"","background-media":"","overlay-type":"","overlay-color":"","overlay-opacity":"","overlay-gradient":""}},"footnotes":""},"categories":[110,466],"tags":[201],"class_list":["post-1619","post","type-post","status-publish","format-standard","hentry","category-2013-14","category-participacio","tag-empatitzat"],"post_mailing_queue_ids":[],"_links":{"self":[{"href":"https:\/\/agora.xtec.cat\/ielesvinyes\/wp-json\/wp\/v2\/posts\/1619","targetHints":{"allow":["GET"]}}],"collection":[{"href":"https:\/\/agora.xtec.cat\/ielesvinyes\/wp-json\/wp\/v2\/posts"}],"about":[{"href":"https:\/\/agora.xtec.cat\/ielesvinyes\/wp-json\/wp\/v2\/types\/post"}],"author":[{"embeddable":true,"href":"https:\/\/agora.xtec.cat\/ielesvinyes\/wp-json\/wp\/v2\/users\/52"}],"replies":[{"embeddable":true,"href":"https:\/\/agora.xtec.cat\/ielesvinyes\/wp-json\/wp\/v2\/comments?post=1619"}],"version-history":[{"count":1,"href":"https:\/\/agora.xtec.cat\/ielesvinyes\/wp-json\/wp\/v2\/posts\/1619\/revisions"}],"predecessor-version":[{"id":8470,"href":"https:\/\/agora.xtec.cat\/ielesvinyes\/wp-json\/wp\/v2\/posts\/1619\/revisions\/8470"}],"wp:attachment":[{"href":"https:\/\/agora.xtec.cat\/ielesvinyes\/wp-json\/wp\/v2\/media?parent=1619"}],"wp:term":[{"taxonomy":"category","embeddable":true,"href":"https:\/\/agora.xtec.cat\/ielesvinyes\/wp-json\/wp\/v2\/categories?post=1619"},{"taxonomy":"post_tag","embeddable":true,"href":"https:\/\/agora.xtec.cat\/ielesvinyes\/wp-json\/wp\/v2\/tags?post=1619"}],"curies":[{"name":"wp","href":"https:\/\/api.w.org\/{rel}","templated":true}]}}