{"id":1608,"date":"2014-02-10T20:14:12","date_gmt":"2014-02-10T19:14:12","guid":{"rendered":"http:\/\/ampa.ielesvinyes.net\/stage1\/?p=1608"},"modified":"2020-03-05T19:58:36","modified_gmt":"2020-03-05T18:58:36","slug":"empatitzat-convocatoria-jornada-de-treball","status":"publish","type":"post","link":"https:\/\/agora.xtec.cat\/ielesvinyes\/afa\/empatitzat-convocatoria-jornada-de-treball\/","title":{"rendered":"EmPATItza&#8217;t: Convocat\u00f2ria Jornada de treball!"},"content":{"rendered":"<p style=\"text-align: justify;\">Aquesta setmana fem el tancament de la <span style=\"color: #abad34;\"><a style=\"color: #abad34;\" href=\"http:\/\/cocreacio.ielesvinyes.net\/fase-coneixer\/\" target=\"_blank\" rel=\"noopener noreferrer\"><strong>Fase Con\u00e8ixer<\/strong><\/a><\/span>\u00a0del projecte de millora dels patis de l&#8217;Institut Escola. Hem rebut aportacions fetes en les postals de la CoCreaci\u00f3 i en el correu electr\u00f2nic de la web <span style=\"color: #522575;\"><strong><a style=\"color: #522575;\" href=\"http:\/\/cocreacio.ielesvinyes.net\/\" target=\"_blank\" rel=\"nofollow noopener noreferrer\">EmPATItza&#8217;t<\/a><\/strong><\/span>, dedicada a aquest projecte. A Infantil s&#8217;han recollit les aportacions a la b\u00fastia, a Prim\u00e0ria s&#8217;ha treballat a les classes i a Secund\u00e0ria els tutors individuals han canalitzat tot aquest treball. <strong>Gr\u00e0cies!<\/strong><\/p>\n<p style=\"text-align: justify;\">El proper dilluns es reunir\u00e0 la Comissi\u00f3 gestora per planificar la <span style=\"color: #abad34;\"><a style=\"color: #abad34;\" href=\"http:\/\/cocreacio.ielesvinyes.net\/fase-cocrear\/\" target=\"_blank\" rel=\"noopener noreferrer\"><strong>Fase CoCrear<\/strong><\/a><\/span> i la jornada conjunta amb tota la comunitat educativa que tindr\u00e0 lloc <strong id=\"yui_3_16_0_1_1425371711274_11463\">el dissabte\u00a0 8 de mar\u00e7<\/strong>.<\/p>\n<p style=\"text-align: center;\"><strong><span style=\"color: #ff6600;\">Ja podeu reservar aquest dia a la vostra agenda!<\/span><\/strong><\/p>\n<p><strong>Aprofitem per donar les gr\u00e0cies a tothom que ha fet la seva aportaci\u00f3 explicant el <span style=\"color: #abad34;\"><a style=\"color: #abad34;\" href=\"http:\/\/cocreacio.ielesvinyes.net\/category\/coneixer\/pati-somiat\/\" target=\"_blank\" rel=\"nofollow noopener noreferrer\">pati somiat<\/a><\/span>, el <span style=\"color: #abad34;\"><a style=\"color: #abad34;\" href=\"http:\/\/cocreacio.ielesvinyes.net\/category\/coneixer\/pati-recordat\/\" target=\"_blank\" rel=\"noopener noreferrer\">pati\u00a0recordat<\/a><\/span> o el <span style=\"color: #abad34;\"><a style=\"color: #abad34;\" href=\"http:\/\/cocreacio.ielesvinyes.net\/category\/coneixer\/pati-actual\/\" target=\"_blank\" rel=\"noopener noreferrer\">pati actual<\/a><\/span>.<\/strong><\/p>\n","protected":false},"excerpt":{"rendered":"<p>Aquesta setmana fem el tancament de la Fase Con\u00e8ixer\u00a0del projecte de millora dels patis de l&#8217;Institut Escola. Hem rebut aportacions fetes en les postals de la CoCreaci\u00f3 i en el correu electr\u00f2nic de la web EmPATItza&#8217;t, dedicada a aquest projecte. A Infantil s&#8217;han recollit les aportacions a la b\u00fastia, a Prim\u00e0ria s&#8217;ha treballat a les [&hellip;]<\/p>\n","protected":false},"author":52,"featured_media":0,"comment_status":"open","ping_status":"closed","sticky":false,"template":"","format":"standard","meta":{"_bbp_topic_count":0,"_bbp_reply_count":0,"_bbp_total_topic_count":0,"_bbp_total_reply_count":0,"_bbp_voice_count":0,"_bbp_anonymous_reply_count":0,"_bbp_topic_count_hidden":0,"_bbp_reply_count_hidden":0,"_bbp_forum_subforum_count":0,"site-sidebar-layout":"default","site-content-layout":"","ast-site-content-layout":"","site-content-style":"default","site-sidebar-style":"default","ast-global-header-display":"","ast-banner-title-visibility":"","ast-main-header-display":"","ast-hfb-above-header-display":"","ast-hfb-below-header-display":"","ast-hfb-mobile-header-display":"","site-post-title":"","ast-breadcrumbs-content":"","ast-featured-img":"","footer-sml-layout":"","theme-transparent-header-meta":"","adv-header-id-meta":"","stick-header-meta":"","header-above-stick-meta":"","header-main-stick-meta":"","header-below-stick-meta":"","astra-migrate-meta-layouts":"default","ast-page-background-enabled":"default","ast-page-background-meta":{"desktop":{"background-color":"var(--ast-global-color-4)","background-image":"","background-repeat":"repeat","background-position":"center center","background-size":"auto","background-attachment":"scroll","background-type":"","background-media":"","overlay-type":"","overlay-color":"","overlay-opacity":"","overlay-gradient":""},"tablet":{"background-color":"","background-image":"","background-repeat":"repeat","background-position":"center center","background-size":"auto","background-attachment":"scroll","background-type":"","background-media":"","overlay-type":"","overlay-color":"","overlay-opacity":"","overlay-gradient":""},"mobile":{"background-color":"","background-image":"","background-repeat":"repeat","background-position":"center center","background-size":"auto","background-attachment":"scroll","background-type":"","background-media":"","overlay-type":"","overlay-color":"","overlay-opacity":"","overlay-gradient":""}},"ast-content-background-meta":{"desktop":{"background-color":"var(--ast-global-color-5)","background-image":"","background-repeat":"repeat","background-position":"center center","background-size":"auto","background-attachment":"scroll","background-type":"","background-media":"","overlay-type":"","overlay-color":"","overlay-opacity":"","overlay-gradient":""},"tablet":{"background-color":"var(--ast-global-color-5)","background-image":"","background-repeat":"repeat","background-position":"center center","background-size":"auto","background-attachment":"scroll","background-type":"","background-media":"","overlay-type":"","overlay-color":"","overlay-opacity":"","overlay-gradient":""},"mobile":{"background-color":"var(--ast-global-color-5)","background-image":"","background-repeat":"repeat","background-position":"center center","background-size":"auto","background-attachment":"scroll","background-type":"","background-media":"","overlay-type":"","overlay-color":"","overlay-opacity":"","overlay-gradient":""}},"footnotes":""},"categories":[110,31,471],"tags":[],"class_list":["post-1608","post","type-post","status-publish","format-standard","hentry","category-2013-14","category-afa","category-noticies-afa"],"post_mailing_queue_ids":[],"_links":{"self":[{"href":"https:\/\/agora.xtec.cat\/ielesvinyes\/wp-json\/wp\/v2\/posts\/1608","targetHints":{"allow":["GET"]}}],"collection":[{"href":"https:\/\/agora.xtec.cat\/ielesvinyes\/wp-json\/wp\/v2\/posts"}],"about":[{"href":"https:\/\/agora.xtec.cat\/ielesvinyes\/wp-json\/wp\/v2\/types\/post"}],"author":[{"embeddable":true,"href":"https:\/\/agora.xtec.cat\/ielesvinyes\/wp-json\/wp\/v2\/users\/52"}],"replies":[{"embeddable":true,"href":"https:\/\/agora.xtec.cat\/ielesvinyes\/wp-json\/wp\/v2\/comments?post=1608"}],"version-history":[{"count":1,"href":"https:\/\/agora.xtec.cat\/ielesvinyes\/wp-json\/wp\/v2\/posts\/1608\/revisions"}],"predecessor-version":[{"id":6228,"href":"https:\/\/agora.xtec.cat\/ielesvinyes\/wp-json\/wp\/v2\/posts\/1608\/revisions\/6228"}],"wp:attachment":[{"href":"https:\/\/agora.xtec.cat\/ielesvinyes\/wp-json\/wp\/v2\/media?parent=1608"}],"wp:term":[{"taxonomy":"category","embeddable":true,"href":"https:\/\/agora.xtec.cat\/ielesvinyes\/wp-json\/wp\/v2\/categories?post=1608"},{"taxonomy":"post_tag","embeddable":true,"href":"https:\/\/agora.xtec.cat\/ielesvinyes\/wp-json\/wp\/v2\/tags?post=1608"}],"curies":[{"name":"wp","href":"https:\/\/api.w.org\/{rel}","templated":true}]}}