{"id":1597,"date":"2013-12-02T13:50:46","date_gmt":"2013-12-02T12:50:46","guid":{"rendered":"http:\/\/ielesvinyes.net\/?p=1597"},"modified":"2013-12-02T13:50:46","modified_gmt":"2013-12-02T12:50:46","slug":"arrenquen-els-projectes-trimestrals-de-leso","status":"publish","type":"post","link":"https:\/\/agora.xtec.cat\/ielesvinyes\/general\/arrenquen-els-projectes-trimestrals-de-leso\/","title":{"rendered":"Arrenquen els projectes trimestrals de l&#039;ESO"},"content":{"rendered":"<p>Avui hem iniciat els projectes trimestrals de l&#8217;ESO. Dues intenses setmanes dedicades a elaborar un gran producte en grups cooperatius a c\u00e0rrec de les tres promocions de l&#8217;ESO.<\/p>\n<p style=\"text-align: center;\"><a href=\"http:\/\/www.flickr.com\/photos\/ielesvinyes\/sets\/72157638277758823\/\" target=\"_blank\"><strong>Projecte &#8220;Exposici\u00f3 sobre el patrimoni de Castellbisbal&#8221;<\/strong><\/a><\/p>\n<p>En cursos anteriors, a 1r d&#8217;ESO, \u00a0v\u00e0rem fer una exposici\u00f3 sobre <a href=\"http:\/\/www.flickr.com\/photos\/ielesvinyes\/collections\/72157629083557817\/\" target=\"_blank\">els objectius de desenvolupament de mil\u00b7lenni<\/a>. Posteriorment en v\u00e0rem fer una altra sobre <a href=\"http:\/\/www.flickr.com\/photos\/ielesvinyes\/collections\/72157632872948751\/\" target=\"_blank\">els desastres de l&#8217;any 1962 al Vall\u00e8s<\/a>. I aquest curs farem una <strong><span style=\"color: #008000;\">exposici\u00f3 sobre el Patrimoni de Castellbisbal<\/span><\/strong>, amb panells, guies, p\u00f2sters i molt m\u00e9s. Una exposici\u00f3 oberta que mostrarem a tothom en acabar!<\/p>\n<p style=\"text-align: center;\"><strong><a href=\"http:\/\/www.flickr.com\/photos\/ielesvinyes\/sets\/72157638277051745\/\" target=\"_blank\">Projecte &#8220;1714, la pel\u00b7l\u00edcula&#8221;<\/a><\/strong><\/p>\n<p>A segon d&#8217;ESO vam fer <a href=\"http:\/\/vimeo.com\/56029355\" target=\"_blank\">una pel\u00b7l\u00edcula sobre la llegenda art\u00farica<\/a>. Aquest any directors, guionistes, c\u00e0meres i productors en posem de nou en marxa per a fer <strong><span style=\"color: #008000;\">la gran pel\u00b7l\u00edcula sobre la batalla de Barcelona del 1714<\/span><\/strong>. Catorze escenes de tres hist\u00f2ries entrella\u00e7ades seran l&#8217;argument de la pel\u00b7l\u00edcula. No us perdeu l&#8217;estrena!<\/p>\n<p style=\"text-align: center;\"><strong><a href=\"http:\/\/www.flickr.com\/photos\/ielesvinyes\/sets\/72157638277027275\/\" target=\"_blank\"><strong>Projecte Magazine televisiu &#8220;Drogues? En parlem?&#8221;<\/strong><\/a><\/strong><\/p>\n<p>A tercer d&#8217;ESO ens disposem a muntar un plat\u00f3 per a fer <strong><span style=\"color: #008000;\">un magazine televisiu<\/span><\/strong> al voltant de les drogues, des de punt de vista personal, social i econ\u00f2mic. Una obra coral amb sets d&#8217;entrevistes, reportatges, taules rodones, debats, humor i concursos al voltant d&#8217;un tema complex. La quota de pantalla ocupar\u00e0 tot el <em>share<\/em> disponible! \ud83d\ude42<\/p>\n<figure id=\"attachment_1601\" aria-describedby=\"caption-attachment-1601\" style=\"width: 300px\" class=\"wp-caption aligncenter\"><a href=\"http:\/\/www.flickr.com\/photos\/ielesvinyes\/collections\/72157638277740453\/\"><img loading=\"lazy\" decoding=\"async\" class=\"size-medium wp-image-1601 \" title=\"\u00c0lbums del projectes\" alt=\"projectes\" src=\"http:\/\/agora.xtec.cat\/ielesvinyes\/wp-content\/uploads\/usu1433\/2013\/12\/projectes-300x246.jpg\" width=\"300\" height=\"246\" \/><\/a><figcaption id=\"caption-attachment-1601\" class=\"wp-caption-text\">\u00c0lbums del projectes<\/figcaption><\/figure>\n<p>&nbsp;<\/p>\n","protected":false},"excerpt":{"rendered":"<p>Avui hem iniciat els projectes trimestrals de l&#8217;ESO. Dues intenses setmanes dedicades a elaborar un gran producte en grups cooperatius a c\u00e0rrec de les tres promocions de l&#8217;ESO. Projecte &#8220;Exposici\u00f3 sobre el patrimoni de Castellbisbal&#8221; En cursos anteriors, a 1r d&#8217;ESO, \u00a0v\u00e0rem fer una exposici\u00f3 sobre els objectius de desenvolupament de mil\u00b7lenni. Posteriorment en v\u00e0rem [&hellip;]<\/p>\n","protected":false},"author":1,"featured_media":1601,"comment_status":"open","ping_status":"open","sticky":false,"template":"","format":"standard","meta":{"_bbp_topic_count":0,"_bbp_reply_count":0,"_bbp_total_topic_count":0,"_bbp_total_reply_count":0,"_bbp_voice_count":0,"_bbp_anonymous_reply_count":0,"_bbp_topic_count_hidden":0,"_bbp_reply_count_hidden":0,"_bbp_forum_subforum_count":0,"site-sidebar-layout":"default","site-content-layout":"","ast-site-content-layout":"","site-content-style":"default","site-sidebar-style":"default","ast-global-header-display":"","ast-banner-title-visibility":"","ast-main-header-display":"","ast-hfb-above-header-display":"","ast-hfb-below-header-display":"","ast-hfb-mobile-header-display":"","site-post-title":"","ast-breadcrumbs-content":"","ast-featured-img":"","footer-sml-layout":"","theme-transparent-header-meta":"","adv-header-id-meta":"","stick-header-meta":"","header-above-stick-meta":"","header-main-stick-meta":"","header-below-stick-meta":"","astra-migrate-meta-layouts":"default","ast-page-background-enabled":"default","ast-page-background-meta":{"desktop":{"background-color":"var(--ast-global-color-4)","background-image":"","background-repeat":"repeat","background-position":"center center","background-size":"auto","background-attachment":"scroll","background-type":"","background-media":"","overlay-type":"","overlay-color":"","overlay-opacity":"","overlay-gradient":""},"tablet":{"background-color":"","background-image":"","background-repeat":"repeat","background-position":"center center","background-size":"auto","background-attachment":"scroll","background-type":"","background-media":"","overlay-type":"","overlay-color":"","overlay-opacity":"","overlay-gradient":""},"mobile":{"background-color":"","background-image":"","background-repeat":"repeat","background-position":"center center","background-size":"auto","background-attachment":"scroll","background-type":"","background-media":"","overlay-type":"","overlay-color":"","overlay-opacity":"","overlay-gradient":""}},"ast-content-background-meta":{"desktop":{"background-color":"var(--ast-global-color-5)","background-image":"","background-repeat":"repeat","background-position":"center center","background-size":"auto","background-attachment":"scroll","background-type":"","background-media":"","overlay-type":"","overlay-color":"","overlay-opacity":"","overlay-gradient":""},"tablet":{"background-color":"var(--ast-global-color-5)","background-image":"","background-repeat":"repeat","background-position":"center center","background-size":"auto","background-attachment":"scroll","background-type":"","background-media":"","overlay-type":"","overlay-color":"","overlay-opacity":"","overlay-gradient":""},"mobile":{"background-color":"var(--ast-global-color-5)","background-image":"","background-repeat":"repeat","background-position":"center center","background-size":"auto","background-attachment":"scroll","background-type":"","background-media":"","overlay-type":"","overlay-color":"","overlay-opacity":"","overlay-gradient":""}},"footnotes":""},"categories":[326,110,1],"tags":[327,273],"class_list":["post-1597","post","type-post","status-publish","format-standard","has-post-thumbnail","hentry","category-femcreixerlesvinyes","category-2013-14","category-general","tag-projectes","tag-treball-cooperatiu"],"post_mailing_queue_ids":[],"_links":{"self":[{"href":"https:\/\/agora.xtec.cat\/ielesvinyes\/wp-json\/wp\/v2\/posts\/1597","targetHints":{"allow":["GET"]}}],"collection":[{"href":"https:\/\/agora.xtec.cat\/ielesvinyes\/wp-json\/wp\/v2\/posts"}],"about":[{"href":"https:\/\/agora.xtec.cat\/ielesvinyes\/wp-json\/wp\/v2\/types\/post"}],"author":[{"embeddable":true,"href":"https:\/\/agora.xtec.cat\/ielesvinyes\/wp-json\/wp\/v2\/users\/1"}],"replies":[{"embeddable":true,"href":"https:\/\/agora.xtec.cat\/ielesvinyes\/wp-json\/wp\/v2\/comments?post=1597"}],"version-history":[{"count":0,"href":"https:\/\/agora.xtec.cat\/ielesvinyes\/wp-json\/wp\/v2\/posts\/1597\/revisions"}],"wp:featuredmedia":[{"embeddable":true,"href":"https:\/\/agora.xtec.cat\/ielesvinyes\/wp-json\/wp\/v2\/media\/1601"}],"wp:attachment":[{"href":"https:\/\/agora.xtec.cat\/ielesvinyes\/wp-json\/wp\/v2\/media?parent=1597"}],"wp:term":[{"taxonomy":"category","embeddable":true,"href":"https:\/\/agora.xtec.cat\/ielesvinyes\/wp-json\/wp\/v2\/categories?post=1597"},{"taxonomy":"post_tag","embeddable":true,"href":"https:\/\/agora.xtec.cat\/ielesvinyes\/wp-json\/wp\/v2\/tags?post=1597"}],"curies":[{"name":"wp","href":"https:\/\/api.w.org\/{rel}","templated":true}]}}