{"id":1559,"date":"2014-02-26T19:31:52","date_gmt":"2014-02-26T18:31:52","guid":{"rendered":"http:\/\/ampa.ielesvinyes.net\/stage1\/?p=1559"},"modified":"2020-03-05T19:58:10","modified_gmt":"2020-03-05T18:58:10","slug":"1559","status":"publish","type":"post","link":"https:\/\/agora.xtec.cat\/ielesvinyes\/afa\/1559\/","title":{"rendered":"Ja han arribat les disfresses&#8230;"},"content":{"rendered":"<p><strong><span style=\"color: #ff6600;\">Preparats per la rua??<\/span> <\/strong>De ben segur que s\u00ed\u2026 <strong>Ja nom\u00e9s queden tres dies!!!<\/strong><\/p>\n<p style=\"text-align: justify;\">Ja tenim les disfresses a punt per ser gaudides, aix\u00ed que us convidem a fer la recollida:<\/p>\n<p style=\"text-align: justify; padding-left: 30px;\">\u2022 <strong>Quan?<\/strong> DIJOUS 27 DE FEBRER<br \/>\n\u2022 <strong>A quina hora?<\/strong> De 9.00h a 9.30 h i de 16.30h a 18.00h<br \/>\n\u2022 <strong>On?<\/strong> A la sala de l\u2019AMPA de l\u2019IE Les Vinyes<br \/>\n<em>No oblideu portar el justificant de pagament de les disfresses. \u00c9s fonamental per tal de trobar la vostra comanda.<\/em><\/p>\n<p style=\"text-align: justify;\"><strong>IMPORTANT:<\/strong> Amb les disfresses us entregarem un diari per tal d\u2019omplir el \u201cbra\u00e7\u201d de la regadora i fer que agafi rigidesa (ara mateix est\u00e0 buit, nom\u00e9s \u00e9s una tela). Si teniu dubtes de com fer-ho, pregunteu a les persones que us lliuren les disfresses i estaran encantades d\u2019indicar-vos com fer-ho.<\/p>\n<p style=\"text-align: justify;\">Per \u00faltim, els membres de la Plataforma ens recorden\u00a0que encara queden regadores grogues i xapes en venda i a la vostra disposici\u00f3. El preu, com sabeu, \u00e9s de 10\u20ac per la regadora i 0,50\u20ac per les xapes.<\/p>\n<p style=\"text-align: justify;\"><strong>Us convidem a que tots, petits i grans, PORTEU LA VOSTRA REGADORA EL DIA DE LA RUA i la ompliu de confeti per anar llen\u00e7ant al llarg de la desfilada.<\/strong><\/p>\n<h5 style=\"text-align: justify;\"><strong><span style=\"color: #800080;\">Gaudim de Carnestoltes!!<\/span><\/strong><\/h5>\n<h4 style=\"text-align: justify;\"><strong><span style=\"color: #99cc00;\">Visca la festa!!<\/span><\/strong><\/h4>\n","protected":false},"excerpt":{"rendered":"<p>Preparats per la rua?? De ben segur que s\u00ed\u2026 Ja nom\u00e9s queden tres dies!!! Ja tenim les disfresses a punt per ser gaudides, aix\u00ed que us convidem a fer la recollida: \u2022 Quan? DIJOUS 27 DE FEBRER \u2022 A quina hora? De 9.00h a 9.30 h i de 16.30h a 18.00h \u2022 On? A la [&hellip;]<\/p>\n","protected":false},"author":52,"featured_media":0,"comment_status":"open","ping_status":"closed","sticky":false,"template":"","format":"standard","meta":{"_bbp_topic_count":0,"_bbp_reply_count":0,"_bbp_total_topic_count":0,"_bbp_total_reply_count":0,"_bbp_voice_count":0,"_bbp_anonymous_reply_count":0,"_bbp_topic_count_hidden":0,"_bbp_reply_count_hidden":0,"_bbp_forum_subforum_count":0,"site-sidebar-layout":"default","site-content-layout":"","ast-site-content-layout":"","site-content-style":"default","site-sidebar-style":"default","ast-global-header-display":"","ast-banner-title-visibility":"","ast-main-header-display":"","ast-hfb-above-header-display":"","ast-hfb-below-header-display":"","ast-hfb-mobile-header-display":"","site-post-title":"","ast-breadcrumbs-content":"","ast-featured-img":"","footer-sml-layout":"","theme-transparent-header-meta":"","adv-header-id-meta":"","stick-header-meta":"","header-above-stick-meta":"","header-main-stick-meta":"","header-below-stick-meta":"","astra-migrate-meta-layouts":"default","ast-page-background-enabled":"default","ast-page-background-meta":{"desktop":{"background-color":"var(--ast-global-color-4)","background-image":"","background-repeat":"repeat","background-position":"center center","background-size":"auto","background-attachment":"scroll","background-type":"","background-media":"","overlay-type":"","overlay-color":"","overlay-opacity":"","overlay-gradient":""},"tablet":{"background-color":"","background-image":"","background-repeat":"repeat","background-position":"center center","background-size":"auto","background-attachment":"scroll","background-type":"","background-media":"","overlay-type":"","overlay-color":"","overlay-opacity":"","overlay-gradient":""},"mobile":{"background-color":"","background-image":"","background-repeat":"repeat","background-position":"center center","background-size":"auto","background-attachment":"scroll","background-type":"","background-media":"","overlay-type":"","overlay-color":"","overlay-opacity":"","overlay-gradient":""}},"ast-content-background-meta":{"desktop":{"background-color":"var(--ast-global-color-5)","background-image":"","background-repeat":"repeat","background-position":"center center","background-size":"auto","background-attachment":"scroll","background-type":"","background-media":"","overlay-type":"","overlay-color":"","overlay-opacity":"","overlay-gradient":""},"tablet":{"background-color":"var(--ast-global-color-5)","background-image":"","background-repeat":"repeat","background-position":"center center","background-size":"auto","background-attachment":"scroll","background-type":"","background-media":"","overlay-type":"","overlay-color":"","overlay-opacity":"","overlay-gradient":""},"mobile":{"background-color":"var(--ast-global-color-5)","background-image":"","background-repeat":"repeat","background-position":"center center","background-size":"auto","background-attachment":"scroll","background-type":"","background-media":"","overlay-type":"","overlay-color":"","overlay-opacity":"","overlay-gradient":""}},"footnotes":""},"categories":[110,31,471],"tags":[],"class_list":["post-1559","post","type-post","status-publish","format-standard","hentry","category-2013-14","category-afa","category-noticies-afa"],"post_mailing_queue_ids":[],"_links":{"self":[{"href":"https:\/\/agora.xtec.cat\/ielesvinyes\/wp-json\/wp\/v2\/posts\/1559","targetHints":{"allow":["GET"]}}],"collection":[{"href":"https:\/\/agora.xtec.cat\/ielesvinyes\/wp-json\/wp\/v2\/posts"}],"about":[{"href":"https:\/\/agora.xtec.cat\/ielesvinyes\/wp-json\/wp\/v2\/types\/post"}],"author":[{"embeddable":true,"href":"https:\/\/agora.xtec.cat\/ielesvinyes\/wp-json\/wp\/v2\/users\/52"}],"replies":[{"embeddable":true,"href":"https:\/\/agora.xtec.cat\/ielesvinyes\/wp-json\/wp\/v2\/comments?post=1559"}],"version-history":[{"count":1,"href":"https:\/\/agora.xtec.cat\/ielesvinyes\/wp-json\/wp\/v2\/posts\/1559\/revisions"}],"predecessor-version":[{"id":5446,"href":"https:\/\/agora.xtec.cat\/ielesvinyes\/wp-json\/wp\/v2\/posts\/1559\/revisions\/5446"}],"wp:attachment":[{"href":"https:\/\/agora.xtec.cat\/ielesvinyes\/wp-json\/wp\/v2\/media?parent=1559"}],"wp:term":[{"taxonomy":"category","embeddable":true,"href":"https:\/\/agora.xtec.cat\/ielesvinyes\/wp-json\/wp\/v2\/categories?post=1559"},{"taxonomy":"post_tag","embeddable":true,"href":"https:\/\/agora.xtec.cat\/ielesvinyes\/wp-json\/wp\/v2\/tags?post=1559"}],"curies":[{"name":"wp","href":"https:\/\/api.w.org\/{rel}","templated":true}]}}