{"id":1556,"date":"2013-10-30T15:56:58","date_gmt":"2013-10-30T14:56:58","guid":{"rendered":"http:\/\/ielesvinyes.net\/?p=1556"},"modified":"2013-10-30T15:56:58","modified_gmt":"2013-10-30T14:56:58","slug":"heu-dit-castanyada-i-cocreacio","status":"publish","type":"post","link":"https:\/\/agora.xtec.cat\/ielesvinyes\/general\/heu-dit-castanyada-i-cocreacio\/","title":{"rendered":"Heu dit Castanyada i cocreaci\u00f3?"},"content":{"rendered":"<figure id=\"attachment_1557\" aria-describedby=\"caption-attachment-1557\" style=\"width: 300px\" class=\"wp-caption alignleft\"><img loading=\"lazy\" decoding=\"async\" class=\"size-medium wp-image-1557 \" alt=\"Repte creatiu p\" src=\"http:\/\/agora.xtec.cat\/ielesvinyes\/wp-content\/uploads\/usu1433\/2013\/10\/Repte-creatiu-p-300x213.jpg\" width=\"300\" height=\"213\" srcset=\"https:\/\/agora.xtec.cat\/ielesvinyes\/wp-content\/uploads\/usu1433\/2013\/10\/Repte-creatiu-p-300x213.jpg 300w, https:\/\/agora.xtec.cat\/ielesvinyes\/wp-content\/uploads\/usu1433\/2013\/10\/Repte-creatiu-p.jpg 632w\" sizes=\"auto, (max-width: 300px) 100vw, 300px\" \/><figcaption id=\"caption-attachment-1557\" class=\"wp-caption-text\">Foto. repte creatiu!<\/figcaption><\/figure>\n<p>El nostre centre t\u00e9 uns bons espais pel pati d\u2019educaci\u00f3 infantil, prim\u00e0ria i secund\u00e0ria. S\u00f3n uns espais, per\u00f2, mancats de moltes coses.\u00a0I no ens hi conformem: <strong>Volem millorar els patis de l\u2019Institut Escola!<br \/>\n<\/strong><\/p>\n<p><strong><\/strong>I fer-ho d\u2019una forma activa, creativa i social amb la participaci\u00f3 de tota la comunitat educativa!<\/p>\n<p>\u00c9s per aix\u00f2 que comencem un proc\u00e9s de cocreaci\u00f3 en el qual us convidem a participar activament amb les vostres idees, coneixements i energies!<br \/>\nAquest proc\u00e9s durar\u00e0 cinc mesos i culminar\u00e0 en la <strong>realitzaci\u00f3<\/strong> d\u2019aquest pati.<\/p>\n<p><strong><span style=\"color: #008000;\">Us ha picat la curiositat? En voleu saber m\u00e9s coses? Hi voleu participar?<\/span><\/strong><\/p>\n<p>Aprofitant la diada de la castanyada, encetarem la primera fase, anomenada <strong>Fase con\u00e8ixer<\/strong>.\u00a0Us convidem el proper\u00a0<strong>dia 31 d\u2019octubre, \u00a0de 16.30 h a 18 h,\u00a0al tret de sortida del projecte de cocreaci\u00f3 del pati de l\u2019Institut Escola<\/strong>.<\/p>\n<p>A m\u00e9s a m\u00e9s, podreu tastar els panellets, castanyes i coques de tardor que les fam\u00edlies i els alumnes haurem preparat.<\/p>\n<p style=\"text-align: right;\">Comissi\u00f3 organitzadora del projecte<br \/>\nCastellbisbal, octubre de 2013<\/p>\n","protected":false},"excerpt":{"rendered":"<p>El nostre centre t\u00e9 uns bons espais pel pati d\u2019educaci\u00f3 infantil, prim\u00e0ria i secund\u00e0ria. S\u00f3n uns espais, per\u00f2, mancats de moltes coses.\u00a0I no ens hi conformem: Volem millorar els patis de l\u2019Institut Escola! I fer-ho d\u2019una forma activa, creativa i social amb la participaci\u00f3 de tota la comunitat educativa! \u00c9s per aix\u00f2 que comencem un [&hellip;]<\/p>\n","protected":false},"author":1,"featured_media":0,"comment_status":"open","ping_status":"open","sticky":false,"template":"","format":"standard","meta":{"_bbp_topic_count":0,"_bbp_reply_count":0,"_bbp_total_topic_count":0,"_bbp_total_reply_count":0,"_bbp_voice_count":0,"_bbp_anonymous_reply_count":0,"_bbp_topic_count_hidden":0,"_bbp_reply_count_hidden":0,"_bbp_forum_subforum_count":0,"site-sidebar-layout":"default","site-content-layout":"","ast-site-content-layout":"","site-content-style":"default","site-sidebar-style":"default","ast-global-header-display":"","ast-banner-title-visibility":"","ast-main-header-display":"","ast-hfb-above-header-display":"","ast-hfb-below-header-display":"","ast-hfb-mobile-header-display":"","site-post-title":"","ast-breadcrumbs-content":"","ast-featured-img":"","footer-sml-layout":"","theme-transparent-header-meta":"","adv-header-id-meta":"","stick-header-meta":"","header-above-stick-meta":"","header-main-stick-meta":"","header-below-stick-meta":"","astra-migrate-meta-layouts":"default","ast-page-background-enabled":"default","ast-page-background-meta":{"desktop":{"background-color":"var(--ast-global-color-4)","background-image":"","background-repeat":"repeat","background-position":"center center","background-size":"auto","background-attachment":"scroll","background-type":"","background-media":"","overlay-type":"","overlay-color":"","overlay-opacity":"","overlay-gradient":""},"tablet":{"background-color":"","background-image":"","background-repeat":"repeat","background-position":"center center","background-size":"auto","background-attachment":"scroll","background-type":"","background-media":"","overlay-type":"","overlay-color":"","overlay-opacity":"","overlay-gradient":""},"mobile":{"background-color":"","background-image":"","background-repeat":"repeat","background-position":"center center","background-size":"auto","background-attachment":"scroll","background-type":"","background-media":"","overlay-type":"","overlay-color":"","overlay-opacity":"","overlay-gradient":""}},"ast-content-background-meta":{"desktop":{"background-color":"var(--ast-global-color-5)","background-image":"","background-repeat":"repeat","background-position":"center center","background-size":"auto","background-attachment":"scroll","background-type":"","background-media":"","overlay-type":"","overlay-color":"","overlay-opacity":"","overlay-gradient":""},"tablet":{"background-color":"var(--ast-global-color-5)","background-image":"","background-repeat":"repeat","background-position":"center center","background-size":"auto","background-attachment":"scroll","background-type":"","background-media":"","overlay-type":"","overlay-color":"","overlay-opacity":"","overlay-gradient":""},"mobile":{"background-color":"var(--ast-global-color-5)","background-image":"","background-repeat":"repeat","background-position":"center center","background-size":"auto","background-attachment":"scroll","background-type":"","background-media":"","overlay-type":"","overlay-color":"","overlay-opacity":"","overlay-gradient":""}},"footnotes":""},"categories":[110,1,100,301],"tags":[182],"class_list":["post-1556","post","type-post","status-publish","format-standard","hentry","category-2013-14","category-general","category-infipri","category-secundaria","tag-cocreacio"],"post_mailing_queue_ids":[],"_links":{"self":[{"href":"https:\/\/agora.xtec.cat\/ielesvinyes\/wp-json\/wp\/v2\/posts\/1556","targetHints":{"allow":["GET"]}}],"collection":[{"href":"https:\/\/agora.xtec.cat\/ielesvinyes\/wp-json\/wp\/v2\/posts"}],"about":[{"href":"https:\/\/agora.xtec.cat\/ielesvinyes\/wp-json\/wp\/v2\/types\/post"}],"author":[{"embeddable":true,"href":"https:\/\/agora.xtec.cat\/ielesvinyes\/wp-json\/wp\/v2\/users\/1"}],"replies":[{"embeddable":true,"href":"https:\/\/agora.xtec.cat\/ielesvinyes\/wp-json\/wp\/v2\/comments?post=1556"}],"version-history":[{"count":0,"href":"https:\/\/agora.xtec.cat\/ielesvinyes\/wp-json\/wp\/v2\/posts\/1556\/revisions"}],"wp:attachment":[{"href":"https:\/\/agora.xtec.cat\/ielesvinyes\/wp-json\/wp\/v2\/media?parent=1556"}],"wp:term":[{"taxonomy":"category","embeddable":true,"href":"https:\/\/agora.xtec.cat\/ielesvinyes\/wp-json\/wp\/v2\/categories?post=1556"},{"taxonomy":"post_tag","embeddable":true,"href":"https:\/\/agora.xtec.cat\/ielesvinyes\/wp-json\/wp\/v2\/tags?post=1556"}],"curies":[{"name":"wp","href":"https:\/\/api.w.org\/{rel}","templated":true}]}}