{"id":1534,"date":"2013-10-24T07:22:46","date_gmt":"2013-10-24T06:22:46","guid":{"rendered":"http:\/\/ielesvinyes.net\/?p=1534"},"modified":"2013-10-24T07:22:46","modified_gmt":"2013-10-24T06:22:46","slug":"les-vinyes-amb-leducacio-publica","status":"publish","type":"post","link":"https:\/\/agora.xtec.cat\/ielesvinyes\/general\/les-vinyes-amb-leducacio-publica\/","title":{"rendered":"Les Vinyes amb l&#039;educaci\u00f3 p\u00fablica!"},"content":{"rendered":"<p><a href=\"http:\/\/agora.xtec.cat\/ielesvinyes\/wp-content\/uploads\/usu1433\/2013\/05\/soseducaci\u00f3.jpg\"><img loading=\"lazy\" decoding=\"async\" class=\"alignleft size-medium wp-image-1309\" alt=\"soseducaci\u00f3\" src=\"http:\/\/agora.xtec.cat\/ielesvinyes\/wp-content\/uploads\/usu1433\/2013\/05\/soseducaci\u00f3-300x285.jpg\" width=\"300\" height=\"285\" srcset=\"https:\/\/agora.xtec.cat\/ielesvinyes\/wp-content\/uploads\/usu1433\/2013\/05\/soseducaci\u00f3-300x285.jpg 300w, https:\/\/agora.xtec.cat\/ielesvinyes\/wp-content\/uploads\/usu1433\/2013\/05\/soseducaci\u00f3.jpg 320w\" sizes=\"auto, (max-width: 300px) 100vw, 300px\" \/><\/a>Els\/les mestres i el professorat de l\u2019Institut Escola Les Vinyes estem totalment en desacord amb les mesures que s\u2019estan prenent en relaci\u00f3 a l&#8217;educaci\u00f3. Creiem, per\u00f2, que no s\u00f3n mesures que ens afecten exclusivament a nosaltres com a professionals de l\u2019Educaci\u00f3, sin\u00f3 que van molt m\u00e9s enll\u00e0, i que<strong> haurien de preocupar tamb\u00e9, i molt, a tots els pares i mares, ja que incideixen directament en la situaci\u00f3 actual de les fam\u00edlies, i en el present i futur de tots els nens, nenes, nois i noies de la nostra societat.<\/strong><\/p>\n<p>Part del claustre de l\u2019Institut Escola Les Vinyes s&#8217;ha afegit a la convocat\u00f2ria de vaga. La resta, tot i tenir motius suficients per afegir-s\u2019hi, ha decidit mostrar el seu descontentament fent, amb l\u2019alumnat que assisteixi a l\u2019Institut Escola, <strong>activitats de reflexi\u00f3 sobre la situaci\u00f3 actual de l\u2019escola p\u00fablica a Catalunya.<\/strong><\/p>\n<p>Per tant, des del Claustre de l\u2019Institut Escola demanem que l\u2019alumnat que assisteixi al Centre avui, ho faci amb <strong>la samarreta groga<\/strong>, per a que se\u2019ns vegi!<\/p>\n<p>Recordeu que la LOMCE afectar\u00e0 als vostres fills i filles perqu\u00e8:<\/p>\n<p style=\"padding-left: 30px;\">\u25cf Vol dividir l&#8217;alumnat a una edat molt preco\u00e7 perqu\u00e8 parteix de la idea que les persones no podem millorar mitjan\u00e7ant l&#8217;educaci\u00f3 i de qu\u00e8 no tothom pot tenir els mateixos &#8220;talents&#8221;.<br \/>\n\u25cf Vol suprimir l\u2019Educaci\u00f3 per a la Ciutadania, la mat\u00e8ria que tracta dels drets i els deures de les persones i la conviv\u00e8ncia democr\u00e0tica. En canvi permet la religi\u00f3 cat\u00f2lica i l\u2019ensenyament que separa nois i noies.<br \/>\n\u25cf Vol limitar l\u2019ensenyament d\u2019alguns sabers: les arts i la tecnologia s\u00f3n les mat\u00e8ries que perden m\u00e9s pes, i la llengua catalana deixa de ser troncal.<br \/>\n\u25cf Vol uniformitzar els coneixements mitjan\u00e7ant ex\u00e0mens id\u00e8ntics i simultanis que podran filtrar el nombre d&#8217;alumnes que van a batxillerat i a la universitat.<br \/>\n\u25cf Permetr\u00e0 que els centres seleccionin alumnes en funci\u00f3 de la nota o d&#8217;altres motius, i no que les fam\u00edlies seleccionin els centres.<br \/>\n\u25cf Les fam\u00edlies, l&#8217;alumnat i els municipis deixaran de tenir pes en les decisions del centre, ja que els consells escolars deixen de ser \u00f2rgans de govern.<br \/>\n\u25cf Posa en perill la gratu\u00eftat de l\u2019educaci\u00f3 mitjan\u00e7ant la imposici\u00f3 de taxes i la privatitzaci\u00f3.<br \/>\n\u25cf Es podr\u00e0 separar l&#8217;alumnat en funci\u00f3 de la seva llengua. S\u2019 esquerda el model d\u2019immersi\u00f3 ling\u00fc\u00edstica que des de fa m\u00e9s de 30 anys s\u2019aplica amb \u00e8xit a Catalunya.<\/p>\n<div class=\"ast-oembed-container \" style=\"height: 100%;\"><iframe loading=\"lazy\" title=\"Campa\u00f1a en defensa de la Educaci\u00f3n P\u00fablica- Yo Estudi\u00e9 en la P\u00fablica\" width=\"500\" height=\"281\" src=\"https:\/\/www.youtube.com\/embed\/1dr1ym1Y6YU?feature=oembed\" frameborder=\"0\" allow=\"accelerometer; autoplay; clipboard-write; encrypted-media; gyroscope; picture-in-picture; web-share\" referrerpolicy=\"strict-origin-when-cross-origin\" allowfullscreen><\/iframe><\/div>\n","protected":false},"excerpt":{"rendered":"<p>Els\/les mestres i el professorat de l\u2019Institut Escola Les Vinyes estem totalment en desacord amb les mesures que s\u2019estan prenent en relaci\u00f3 a l&#8217;educaci\u00f3. Creiem, per\u00f2, que no s\u00f3n mesures que ens afecten exclusivament a nosaltres com a professionals de l\u2019Educaci\u00f3, sin\u00f3 que van molt m\u00e9s enll\u00e0, i que haurien de preocupar tamb\u00e9, i molt, [&hellip;]<\/p>\n","protected":false},"author":1,"featured_media":1309,"comment_status":"open","ping_status":"open","sticky":false,"template":"","format":"standard","meta":{"_bbp_topic_count":0,"_bbp_reply_count":0,"_bbp_total_topic_count":0,"_bbp_total_reply_count":0,"_bbp_voice_count":0,"_bbp_anonymous_reply_count":0,"_bbp_topic_count_hidden":0,"_bbp_reply_count_hidden":0,"_bbp_forum_subforum_count":0,"site-sidebar-layout":"default","site-content-layout":"","ast-site-content-layout":"","site-content-style":"default","site-sidebar-style":"default","ast-global-header-display":"","ast-banner-title-visibility":"","ast-main-header-display":"","ast-hfb-above-header-display":"","ast-hfb-below-header-display":"","ast-hfb-mobile-header-display":"","site-post-title":"","ast-breadcrumbs-content":"","ast-featured-img":"","footer-sml-layout":"","theme-transparent-header-meta":"","adv-header-id-meta":"","stick-header-meta":"","header-above-stick-meta":"","header-main-stick-meta":"","header-below-stick-meta":"","astra-migrate-meta-layouts":"default","ast-page-background-enabled":"default","ast-page-background-meta":{"desktop":{"background-color":"var(--ast-global-color-4)","background-image":"","background-repeat":"repeat","background-position":"center center","background-size":"auto","background-attachment":"scroll","background-type":"","background-media":"","overlay-type":"","overlay-color":"","overlay-opacity":"","overlay-gradient":""},"tablet":{"background-color":"","background-image":"","background-repeat":"repeat","background-position":"center center","background-size":"auto","background-attachment":"scroll","background-type":"","background-media":"","overlay-type":"","overlay-color":"","overlay-opacity":"","overlay-gradient":""},"mobile":{"background-color":"","background-image":"","background-repeat":"repeat","background-position":"center center","background-size":"auto","background-attachment":"scroll","background-type":"","background-media":"","overlay-type":"","overlay-color":"","overlay-opacity":"","overlay-gradient":""}},"ast-content-background-meta":{"desktop":{"background-color":"var(--ast-global-color-5)","background-image":"","background-repeat":"repeat","background-position":"center center","background-size":"auto","background-attachment":"scroll","background-type":"","background-media":"","overlay-type":"","overlay-color":"","overlay-opacity":"","overlay-gradient":""},"tablet":{"background-color":"var(--ast-global-color-5)","background-image":"","background-repeat":"repeat","background-position":"center center","background-size":"auto","background-attachment":"scroll","background-type":"","background-media":"","overlay-type":"","overlay-color":"","overlay-opacity":"","overlay-gradient":""},"mobile":{"background-color":"var(--ast-global-color-5)","background-image":"","background-repeat":"repeat","background-position":"center center","background-size":"auto","background-attachment":"scroll","background-type":"","background-media":"","overlay-type":"","overlay-color":"","overlay-opacity":"","overlay-gradient":""}},"footnotes":""},"categories":[110,1],"tags":[314],"class_list":["post-1534","post","type-post","status-publish","format-standard","has-post-thumbnail","hentry","category-2013-14","category-general","tag-vaga"],"post_mailing_queue_ids":[],"_links":{"self":[{"href":"https:\/\/agora.xtec.cat\/ielesvinyes\/wp-json\/wp\/v2\/posts\/1534","targetHints":{"allow":["GET"]}}],"collection":[{"href":"https:\/\/agora.xtec.cat\/ielesvinyes\/wp-json\/wp\/v2\/posts"}],"about":[{"href":"https:\/\/agora.xtec.cat\/ielesvinyes\/wp-json\/wp\/v2\/types\/post"}],"author":[{"embeddable":true,"href":"https:\/\/agora.xtec.cat\/ielesvinyes\/wp-json\/wp\/v2\/users\/1"}],"replies":[{"embeddable":true,"href":"https:\/\/agora.xtec.cat\/ielesvinyes\/wp-json\/wp\/v2\/comments?post=1534"}],"version-history":[{"count":0,"href":"https:\/\/agora.xtec.cat\/ielesvinyes\/wp-json\/wp\/v2\/posts\/1534\/revisions"}],"wp:featuredmedia":[{"embeddable":true,"href":"https:\/\/agora.xtec.cat\/ielesvinyes\/wp-json\/wp\/v2\/media\/1309"}],"wp:attachment":[{"href":"https:\/\/agora.xtec.cat\/ielesvinyes\/wp-json\/wp\/v2\/media?parent=1534"}],"wp:term":[{"taxonomy":"category","embeddable":true,"href":"https:\/\/agora.xtec.cat\/ielesvinyes\/wp-json\/wp\/v2\/categories?post=1534"},{"taxonomy":"post_tag","embeddable":true,"href":"https:\/\/agora.xtec.cat\/ielesvinyes\/wp-json\/wp\/v2\/tags?post=1534"}],"curies":[{"name":"wp","href":"https:\/\/api.w.org\/{rel}","templated":true}]}}