{"id":1507,"date":"2013-09-27T08:00:39","date_gmt":"2013-09-27T07:00:39","guid":{"rendered":"http:\/\/ielesvinyes.net\/?p=1507"},"modified":"2013-09-27T08:00:39","modified_gmt":"2013-09-27T07:00:39","slug":"final-del-pla-dacollida-i-inici-dels-projectes-de-centre","status":"publish","type":"post","link":"https:\/\/agora.xtec.cat\/ielesvinyes\/etapes\/infipri\/final-del-pla-dacollida-i-inici-dels-projectes-de-centre\/","title":{"rendered":"Final del Pla d&#039;acollida i inici dels projectes de centre"},"content":{"rendered":"<figure id=\"attachment_1508\" aria-describedby=\"caption-attachment-1508\" style=\"width: 295px\" class=\"wp-caption alignleft\"><a href=\"http:\/\/agora.xtec.cat\/ielesvinyes\/wp-content\/uploads\/usu1433\/2013\/09\/LogoLesVinyes.jpg\"><img loading=\"lazy\" decoding=\"async\" class=\"size-medium wp-image-1508\" alt=\"LogoLesVinyes\" src=\"http:\/\/agora.xtec.cat\/ielesvinyes\/wp-content\/uploads\/usu1433\/2013\/09\/LogoLesVinyes-295x300.jpg\" width=\"295\" height=\"300\" \/><\/a><figcaption id=\"caption-attachment-1508\" class=\"wp-caption-text\">Foto: Mosaic hum\u00e0 a Les Vinyes<\/figcaption><\/figure>\n<p>Hem incorporat moltes persones noves aquest inici de curs. Alumnes, docents i altres professionals que fan possible el nostre projecte educatiu. Nous espais, noves rutines, noves idees, nous punts de vista. Vam acabar el Pla d&#8217;acollida amb un mosaic hum\u00e0 format per tots els alumnes i docents del centre. No nom\u00e9s hem representat el logo del centre, tamb\u00e9 hem volgut simbolitzar que<strong> a Les Vinyes tothom hi t\u00e9 un lloc!<\/strong> \ud83d\ude42<\/p>\n<p><strong>De moment, doncs, hem acabat <a href=\"http:\/\/www.flickr.com\/photos\/ielesvinyes\/sets\/72157635479685221\/\" target=\"_blank\">el Pla d&#8217;acollida<\/a>.<\/strong>\u00a0Ara treballarem per a incorporar totes les sensibilitats i necessitats de les 350 persones que treballem cada dia a Les Vinyes: tots aprenent i tots ensenyant!<\/p>\n<figure id=\"attachment_1510\" aria-describedby=\"caption-attachment-1510\" style=\"width: 213px\" class=\"wp-caption alignright\"><a href=\"http:\/\/agora.xtec.cat\/ielesvinyes\/wp-content\/uploads\/usu1433\/2013\/09\/entrega1.jpg\"><img loading=\"lazy\" decoding=\"async\" class=\"wp-image-1510 \" alt=\"entrega\" src=\"http:\/\/agora.xtec.cat\/ielesvinyes\/wp-content\/uploads\/usu1433\/2013\/09\/entrega1.jpg\" width=\"213\" height=\"220\" srcset=\"https:\/\/agora.xtec.cat\/ielesvinyes\/wp-content\/uploads\/usu1433\/2013\/09\/entrega1.jpg 355w, https:\/\/agora.xtec.cat\/ielesvinyes\/wp-content\/uploads\/usu1433\/2013\/09\/entrega1-290x300.jpg 290w\" sizes=\"auto, (max-width: 213px) 100vw, 213px\" \/><\/a><figcaption id=\"caption-attachment-1510\" class=\"wp-caption-text\">Foto: Entrega dels ordinadors<\/figcaption><\/figure>\n<p>Tamb\u00e9 hem iniciat alguns dels projectes importants d&#8217;aquest curs 2013-2014. D&#8217;una banda, el projecte de 1r d&#8217;ESO <strong>&#8220;Competents digitals en un m\u00f3n connectat&#8221;<\/strong>, que ja ha fet l&#8217;entrega dels ordinadors i la primera sessi\u00f3 &#8220;<em>Set up<\/em>&#8221; amb l&#8217;equip docent de l&#8217;ESO. La propera setmana fem el &#8220;<em>Set up<\/em>&#8221; amb els alumnes i encetem el primer treball globalitzat &#8220;Connectats!&#8221; Aprofitem per agrair a la comissi\u00f3 de l&#8217;AMPA el gran treball que s&#8217;ha fet i que de ben segur continuar\u00e0. <strong><span style=\"color: #008000;\">Gr\u00e0cies!<\/span><\/strong><\/p>\n<p>De l&#8217;altra, hem comen\u00e7at\u00a0<strong>L&#8217;hora del Cinema<\/strong> a l&#8217;ESO i el <strong>Bon dia<\/strong> a Educaci\u00f3 Infantil i Prim\u00e0ria. La propera setmana ho far\u00e0 tot el centre, amb l&#8217;estrena del reportatge del Pla d&#8217;acollida que ha realitzat un equip d&#8217;alumnes de 3r d&#8217;ESO. Ja us n&#8217;informarem!<\/p>\n","protected":false},"excerpt":{"rendered":"<p>Hem incorporat moltes persones noves aquest inici de curs. Alumnes, docents i altres professionals que fan possible el nostre projecte educatiu. Nous espais, noves rutines, noves idees, nous punts de vista. Vam acabar el Pla d&#8217;acollida amb un mosaic hum\u00e0 format per tots els alumnes i docents del centre. No nom\u00e9s hem representat el logo [&hellip;]<\/p>\n","protected":false},"author":1,"featured_media":0,"comment_status":"open","ping_status":"open","sticky":false,"template":"","format":"standard","meta":{"_bbp_topic_count":0,"_bbp_reply_count":0,"_bbp_total_topic_count":0,"_bbp_total_reply_count":0,"_bbp_voice_count":0,"_bbp_anonymous_reply_count":0,"_bbp_topic_count_hidden":0,"_bbp_reply_count_hidden":0,"_bbp_forum_subforum_count":0,"site-sidebar-layout":"default","site-content-layout":"","ast-site-content-layout":"","site-content-style":"default","site-sidebar-style":"default","ast-global-header-display":"","ast-banner-title-visibility":"","ast-main-header-display":"","ast-hfb-above-header-display":"","ast-hfb-below-header-display":"","ast-hfb-mobile-header-display":"","site-post-title":"","ast-breadcrumbs-content":"","ast-featured-img":"","footer-sml-layout":"","theme-transparent-header-meta":"","adv-header-id-meta":"","stick-header-meta":"","header-above-stick-meta":"","header-main-stick-meta":"","header-below-stick-meta":"","astra-migrate-meta-layouts":"default","ast-page-background-enabled":"default","ast-page-background-meta":{"desktop":{"background-color":"var(--ast-global-color-4)","background-image":"","background-repeat":"repeat","background-position":"center center","background-size":"auto","background-attachment":"scroll","background-type":"","background-media":"","overlay-type":"","overlay-color":"","overlay-opacity":"","overlay-gradient":""},"tablet":{"background-color":"","background-image":"","background-repeat":"repeat","background-position":"center center","background-size":"auto","background-attachment":"scroll","background-type":"","background-media":"","overlay-type":"","overlay-color":"","overlay-opacity":"","overlay-gradient":""},"mobile":{"background-color":"","background-image":"","background-repeat":"repeat","background-position":"center center","background-size":"auto","background-attachment":"scroll","background-type":"","background-media":"","overlay-type":"","overlay-color":"","overlay-opacity":"","overlay-gradient":""}},"ast-content-background-meta":{"desktop":{"background-color":"var(--ast-global-color-5)","background-image":"","background-repeat":"repeat","background-position":"center center","background-size":"auto","background-attachment":"scroll","background-type":"","background-media":"","overlay-type":"","overlay-color":"","overlay-opacity":"","overlay-gradient":""},"tablet":{"background-color":"var(--ast-global-color-5)","background-image":"","background-repeat":"repeat","background-position":"center center","background-size":"auto","background-attachment":"scroll","background-type":"","background-media":"","overlay-type":"","overlay-color":"","overlay-opacity":"","overlay-gradient":""},"mobile":{"background-color":"var(--ast-global-color-5)","background-image":"","background-repeat":"repeat","background-position":"center center","background-size":"auto","background-attachment":"scroll","background-type":"","background-media":"","overlay-type":"","overlay-color":"","overlay-opacity":"","overlay-gradient":""}},"footnotes":""},"categories":[110,100,301],"tags":[324,325],"class_list":["post-1507","post","type-post","status-publish","format-standard","hentry","category-2013-14","category-infipri","category-secundaria","tag-competentsdigitals","tag-pla-acollida"],"post_mailing_queue_ids":[],"_links":{"self":[{"href":"https:\/\/agora.xtec.cat\/ielesvinyes\/wp-json\/wp\/v2\/posts\/1507","targetHints":{"allow":["GET"]}}],"collection":[{"href":"https:\/\/agora.xtec.cat\/ielesvinyes\/wp-json\/wp\/v2\/posts"}],"about":[{"href":"https:\/\/agora.xtec.cat\/ielesvinyes\/wp-json\/wp\/v2\/types\/post"}],"author":[{"embeddable":true,"href":"https:\/\/agora.xtec.cat\/ielesvinyes\/wp-json\/wp\/v2\/users\/1"}],"replies":[{"embeddable":true,"href":"https:\/\/agora.xtec.cat\/ielesvinyes\/wp-json\/wp\/v2\/comments?post=1507"}],"version-history":[{"count":0,"href":"https:\/\/agora.xtec.cat\/ielesvinyes\/wp-json\/wp\/v2\/posts\/1507\/revisions"}],"wp:attachment":[{"href":"https:\/\/agora.xtec.cat\/ielesvinyes\/wp-json\/wp\/v2\/media?parent=1507"}],"wp:term":[{"taxonomy":"category","embeddable":true,"href":"https:\/\/agora.xtec.cat\/ielesvinyes\/wp-json\/wp\/v2\/categories?post=1507"},{"taxonomy":"post_tag","embeddable":true,"href":"https:\/\/agora.xtec.cat\/ielesvinyes\/wp-json\/wp\/v2\/tags?post=1507"}],"curies":[{"name":"wp","href":"https:\/\/api.w.org\/{rel}","templated":true}]}}