{"id":1499,"date":"2013-12-10T09:18:02","date_gmt":"2013-12-10T08:18:02","guid":{"rendered":"http:\/\/ampa.ielesvinyes.net\/stage1\/?p=1499"},"modified":"2020-03-05T19:51:04","modified_gmt":"2020-03-05T18:51:04","slug":"cem-les-vinyes-tindra-linea-de-p3","status":"publish","type":"post","link":"https:\/\/agora.xtec.cat\/ielesvinyes\/afa\/cem-les-vinyes-tindra-linea-de-p3\/","title":{"rendered":"CEM: Les Vinyes tindr\u00e0 l\u00ednea de P3!"},"content":{"rendered":"<p style=\"text-align: justify;\">El Director General dels Serveis Territorials del Vall\u00e9s Occidental, Sr. Lluis Baulenas, va confirmar ahir el manteniment de la l\u00ednia de P3 per l\u2019Institut-Escola Les Vinyes i deixa en mans de la comunitat educativa de Castellbisbal la concreci\u00f3 d\u2019un pla d\u2019actuaci\u00f3 que no impliqui el tancament de cap centre davant la caiguda progressiva de la natalitat al municipi.<\/p>\n<p style=\"text-align: justify;\">La nova proposta del Departament d\u2019Ensenyament, plantejada a la reuni\u00f3 d\u2019ahir del Consell Escolar Municipal, va ser acceptada per tots els membres de la comunitat educativa de Castellbisbal i pels membres de l\u2019equip de govern.<\/p>\n<p style=\"text-align: justify;\">Segons va confirmar el Sr. Baulenas, aquesta decisi\u00f3 <strong>\u201cno \u00e9s una pr\u00f2rroga. Ara comencem tots des de zero\u201d<\/strong>. Per tant, les propostes de treball per tal de gestionar la davallada demogr\u00e0fica dels propers anys s\u2019hauran de desenvolupar de manera consensuada municipi-Generalitat, sempre des de la racionalitat i tenint en compte les singularitats de cada centre.<\/p>\n<p style=\"text-align: justify;\">En aquest sentit, a la reuni\u00f3 es va acordar la creaci\u00f3 d\u2019una comissi\u00f3 de treball amb pres\u00e8ncia de tots els col\u00b7lectius membres del Consell Escolar Municipal i la Plataforma Fem Cr\u00e9ixer Les Vinyes per tal d\u2019evitar el tancament de qualsevol dels centres d\u2019Infantil i Prim\u00e0ria de Castellbisbal. En definitiva, el marc de treball ser\u00e0 fer respectar els acords aconseguits en aquest sentit tant al darrer Ple de Govern com a anteriors Consells Escolars, on el posicionament era clar pel manteniment d\u2019una l\u00ednia de P3 oberta per cada centre educatiu.<\/p>\n<p style=\"text-align: justify;\">La not\u00edcia ha estat rebuda amb satisfacci\u00f3 per tots els pares i mares de Les Vinyes, aix\u00ed com per la directora del centre, Rosa Sard\u00e0, que demana treball i const\u00e0ncia per continuar construint el projecte educatiu de l\u2019Institut-Escola.<\/p>\n","protected":false},"excerpt":{"rendered":"<p>El Director General dels Serveis Territorials del Vall\u00e9s Occidental, Sr. Lluis Baulenas, va confirmar ahir el manteniment de la l\u00ednia de P3 per l\u2019Institut-Escola Les Vinyes i deixa en mans de la comunitat educativa de Castellbisbal la concreci\u00f3 d\u2019un pla d\u2019actuaci\u00f3 que no impliqui el tancament de cap centre davant la caiguda progressiva de la [&hellip;]<\/p>\n","protected":false},"author":52,"featured_media":0,"comment_status":"open","ping_status":"closed","sticky":false,"template":"","format":"standard","meta":{"_bbp_topic_count":0,"_bbp_reply_count":0,"_bbp_total_topic_count":0,"_bbp_total_reply_count":0,"_bbp_voice_count":0,"_bbp_anonymous_reply_count":0,"_bbp_topic_count_hidden":0,"_bbp_reply_count_hidden":0,"_bbp_forum_subforum_count":0,"site-sidebar-layout":"default","site-content-layout":"","ast-site-content-layout":"","site-content-style":"default","site-sidebar-style":"default","ast-global-header-display":"","ast-banner-title-visibility":"","ast-main-header-display":"","ast-hfb-above-header-display":"","ast-hfb-below-header-display":"","ast-hfb-mobile-header-display":"","site-post-title":"","ast-breadcrumbs-content":"","ast-featured-img":"","footer-sml-layout":"","theme-transparent-header-meta":"","adv-header-id-meta":"","stick-header-meta":"","header-above-stick-meta":"","header-main-stick-meta":"","header-below-stick-meta":"","astra-migrate-meta-layouts":"default","ast-page-background-enabled":"default","ast-page-background-meta":{"desktop":{"background-color":"var(--ast-global-color-4)","background-image":"","background-repeat":"repeat","background-position":"center center","background-size":"auto","background-attachment":"scroll","background-type":"","background-media":"","overlay-type":"","overlay-color":"","overlay-opacity":"","overlay-gradient":""},"tablet":{"background-color":"","background-image":"","background-repeat":"repeat","background-position":"center center","background-size":"auto","background-attachment":"scroll","background-type":"","background-media":"","overlay-type":"","overlay-color":"","overlay-opacity":"","overlay-gradient":""},"mobile":{"background-color":"","background-image":"","background-repeat":"repeat","background-position":"center center","background-size":"auto","background-attachment":"scroll","background-type":"","background-media":"","overlay-type":"","overlay-color":"","overlay-opacity":"","overlay-gradient":""}},"ast-content-background-meta":{"desktop":{"background-color":"var(--ast-global-color-5)","background-image":"","background-repeat":"repeat","background-position":"center center","background-size":"auto","background-attachment":"scroll","background-type":"","background-media":"","overlay-type":"","overlay-color":"","overlay-opacity":"","overlay-gradient":""},"tablet":{"background-color":"var(--ast-global-color-5)","background-image":"","background-repeat":"repeat","background-position":"center center","background-size":"auto","background-attachment":"scroll","background-type":"","background-media":"","overlay-type":"","overlay-color":"","overlay-opacity":"","overlay-gradient":""},"mobile":{"background-color":"var(--ast-global-color-5)","background-image":"","background-repeat":"repeat","background-position":"center center","background-size":"auto","background-attachment":"scroll","background-type":"","background-media":"","overlay-type":"","overlay-color":"","overlay-opacity":"","overlay-gradient":""}},"footnotes":""},"categories":[110,31,471],"tags":[],"class_list":["post-1499","post","type-post","status-publish","format-standard","hentry","category-2013-14","category-afa","category-noticies-afa"],"post_mailing_queue_ids":[],"_links":{"self":[{"href":"https:\/\/agora.xtec.cat\/ielesvinyes\/wp-json\/wp\/v2\/posts\/1499","targetHints":{"allow":["GET"]}}],"collection":[{"href":"https:\/\/agora.xtec.cat\/ielesvinyes\/wp-json\/wp\/v2\/posts"}],"about":[{"href":"https:\/\/agora.xtec.cat\/ielesvinyes\/wp-json\/wp\/v2\/types\/post"}],"author":[{"embeddable":true,"href":"https:\/\/agora.xtec.cat\/ielesvinyes\/wp-json\/wp\/v2\/users\/52"}],"replies":[{"embeddable":true,"href":"https:\/\/agora.xtec.cat\/ielesvinyes\/wp-json\/wp\/v2\/comments?post=1499"}],"version-history":[{"count":1,"href":"https:\/\/agora.xtec.cat\/ielesvinyes\/wp-json\/wp\/v2\/posts\/1499\/revisions"}],"predecessor-version":[{"id":6216,"href":"https:\/\/agora.xtec.cat\/ielesvinyes\/wp-json\/wp\/v2\/posts\/1499\/revisions\/6216"}],"wp:attachment":[{"href":"https:\/\/agora.xtec.cat\/ielesvinyes\/wp-json\/wp\/v2\/media?parent=1499"}],"wp:term":[{"taxonomy":"category","embeddable":true,"href":"https:\/\/agora.xtec.cat\/ielesvinyes\/wp-json\/wp\/v2\/categories?post=1499"},{"taxonomy":"post_tag","embeddable":true,"href":"https:\/\/agora.xtec.cat\/ielesvinyes\/wp-json\/wp\/v2\/tags?post=1499"}],"curies":[{"name":"wp","href":"https:\/\/api.w.org\/{rel}","templated":true}]}}