{"id":1465,"date":"2013-09-01T07:00:12","date_gmt":"2013-09-01T06:00:12","guid":{"rendered":"http:\/\/ielesvinyes.net\/?p=1465"},"modified":"2022-09-28T07:05:30","modified_gmt":"2022-09-28T05:05:30","slug":"inici-del-curs-2013-14","status":"publish","type":"post","link":"https:\/\/agora.xtec.cat\/ielesvinyes\/general\/inici-del-curs-2013-14\/","title":{"rendered":"Inici del curs 2013-14"},"content":{"rendered":"<p style=\"text-align: left;\"><a href=\"http:\/\/agora.xtec.cat\/ielesvinyes\/wp-content\/uploads\/usu1433\/2011\/07\/Foto-Agenda-2b.jpg\"><img loading=\"lazy\" decoding=\"async\" class=\"wp-image-5 aligncenter\" alt=\"Institut escola &quot;Les Vinyes&quot;\" src=\"http:\/\/agora.xtec.cat\/ielesvinyes\/wp-content\/uploads\/usu1433\/2011\/07\/Foto-Agenda-2b-1024x603.jpg\" width=\"384\" height=\"226\" \/><\/a>Despr\u00e9s d&#8217;un intens i calor\u00f3s estiu engeguem un nou curs escolar amb les piles ben carregades!<\/p>\n<p style=\"text-align: justify;\">Tal com us vam informar abans de marxar de vacances, les dates que us conv\u00e9 recordar s\u00f3n les seg\u00fcents:<\/p>\n<p style=\"text-align: justify;\"><strong>CLAUSTRE D&#8217;INICI DE CURS<\/strong>: Dilluns 2 de setembre, el professorat del centre est\u00e0 convocat a un claustre per a iniciar la setmana de treball i planificaci\u00f3 del curs.<\/p>\n<p style=\"text-align: justify;\"><strong>PROVES EXTRAORDIN\u00c0RIES DE SETEMBRE de l&#8217;ESO<\/strong>:\u00a0Dimarts 3 de setembre de les 10 a les 13:30h, realitzaci\u00f3 de l&#8217;examen i entrega dels treballs d&#8217;estiu. Aquest dia, els alumnes que s&#8217;han emportat algun llibre de reutilitzaci\u00f3 per estudiar durant l&#8217;estiu, l&#8217;han de retornar.<\/p>\n<p style=\"text-align: justify;\">Podreu consultar la llista d&#8217;aprovats i suspesos el dijous 5 de setembre a secretaria del centre.<\/p>\n<p style=\"text-align: justify;\"><strong>INICI DE CURS<\/strong><\/p>\n<p style=\"text-align: justify;\"><span style=\"text-decoration: underline;\">Infantil i Prim\u00e0ria<\/span>: el 12 de setembre. L&#8217;horari \u00e9s el seg\u00fcent: matins de 9 h. a 12\u201930 h. i les tardes de 15 h. a 16\u201930 h. P3 fa horari d\u2019adaptaci\u00f3 els dies 12, 13 i 16.<\/p>\n<p style=\"text-align: justify;\"><span style=\"text-decoration: underline;\">Secund\u00e0ria<\/span>: el 13 de setembre. Els dies 13 (1r, 2n i 3r d&#8217;ESO) i 16 farem un horari especial per fer el Pla d&#8217;acollida: de 9h. a 13:30 h. A partir del dia 17 de setembre, de 8:00 h. a 14:30 h.<\/p>\n","protected":false},"excerpt":{"rendered":"<p>Despr\u00e9s d&#8217;un intens i calor\u00f3s estiu engeguem un nou curs escolar amb les piles ben carregades! Tal com us vam informar abans de marxar de vacances, les dates que us conv\u00e9 recordar s\u00f3n les seg\u00fcents: CLAUSTRE D&#8217;INICI DE CURS: Dilluns 2 de setembre, el professorat del centre est\u00e0 convocat a un claustre per a iniciar [&hellip;]<\/p>\n","protected":false},"author":6,"featured_media":0,"comment_status":"open","ping_status":"open","sticky":false,"template":"","format":"standard","meta":{"_bbp_topic_count":0,"_bbp_reply_count":0,"_bbp_total_topic_count":0,"_bbp_total_reply_count":0,"_bbp_voice_count":0,"_bbp_anonymous_reply_count":0,"_bbp_topic_count_hidden":0,"_bbp_reply_count_hidden":0,"_bbp_forum_subforum_count":0,"site-sidebar-layout":"default","site-content-layout":"","ast-site-content-layout":"","site-content-style":"default","site-sidebar-style":"default","ast-global-header-display":"","ast-banner-title-visibility":"","ast-main-header-display":"","ast-hfb-above-header-display":"","ast-hfb-below-header-display":"","ast-hfb-mobile-header-display":"","site-post-title":"","ast-breadcrumbs-content":"","ast-featured-img":"","footer-sml-layout":"","theme-transparent-header-meta":"","adv-header-id-meta":"","stick-header-meta":"","header-above-stick-meta":"","header-main-stick-meta":"","header-below-stick-meta":"","astra-migrate-meta-layouts":"default","ast-page-background-enabled":"default","ast-page-background-meta":{"desktop":{"background-color":"var(--ast-global-color-4)","background-image":"","background-repeat":"repeat","background-position":"center center","background-size":"auto","background-attachment":"scroll","background-type":"","background-media":"","overlay-type":"","overlay-color":"","overlay-opacity":"","overlay-gradient":""},"tablet":{"background-color":"","background-image":"","background-repeat":"repeat","background-position":"center center","background-size":"auto","background-attachment":"scroll","background-type":"","background-media":"","overlay-type":"","overlay-color":"","overlay-opacity":"","overlay-gradient":""},"mobile":{"background-color":"","background-image":"","background-repeat":"repeat","background-position":"center center","background-size":"auto","background-attachment":"scroll","background-type":"","background-media":"","overlay-type":"","overlay-color":"","overlay-opacity":"","overlay-gradient":""}},"ast-content-background-meta":{"desktop":{"background-color":"var(--ast-global-color-5)","background-image":"","background-repeat":"repeat","background-position":"center center","background-size":"auto","background-attachment":"scroll","background-type":"","background-media":"","overlay-type":"","overlay-color":"","overlay-opacity":"","overlay-gradient":""},"tablet":{"background-color":"var(--ast-global-color-5)","background-image":"","background-repeat":"repeat","background-position":"center center","background-size":"auto","background-attachment":"scroll","background-type":"","background-media":"","overlay-type":"","overlay-color":"","overlay-opacity":"","overlay-gradient":""},"mobile":{"background-color":"var(--ast-global-color-5)","background-image":"","background-repeat":"repeat","background-position":"center center","background-size":"auto","background-attachment":"scroll","background-type":"","background-media":"","overlay-type":"","overlay-color":"","overlay-opacity":"","overlay-gradient":""}},"footnotes":""},"categories":[109,110,1,100,301],"tags":[],"class_list":["post-1465","post","type-post","status-publish","format-standard","hentry","category-2012-13","category-2013-14","category-general","category-infipri","category-secundaria"],"post_mailing_queue_ids":[],"_links":{"self":[{"href":"https:\/\/agora.xtec.cat\/ielesvinyes\/wp-json\/wp\/v2\/posts\/1465","targetHints":{"allow":["GET"]}}],"collection":[{"href":"https:\/\/agora.xtec.cat\/ielesvinyes\/wp-json\/wp\/v2\/posts"}],"about":[{"href":"https:\/\/agora.xtec.cat\/ielesvinyes\/wp-json\/wp\/v2\/types\/post"}],"author":[{"embeddable":true,"href":"https:\/\/agora.xtec.cat\/ielesvinyes\/wp-json\/wp\/v2\/users\/6"}],"replies":[{"embeddable":true,"href":"https:\/\/agora.xtec.cat\/ielesvinyes\/wp-json\/wp\/v2\/comments?post=1465"}],"version-history":[{"count":1,"href":"https:\/\/agora.xtec.cat\/ielesvinyes\/wp-json\/wp\/v2\/posts\/1465\/revisions"}],"predecessor-version":[{"id":7429,"href":"https:\/\/agora.xtec.cat\/ielesvinyes\/wp-json\/wp\/v2\/posts\/1465\/revisions\/7429"}],"wp:attachment":[{"href":"https:\/\/agora.xtec.cat\/ielesvinyes\/wp-json\/wp\/v2\/media?parent=1465"}],"wp:term":[{"taxonomy":"category","embeddable":true,"href":"https:\/\/agora.xtec.cat\/ielesvinyes\/wp-json\/wp\/v2\/categories?post=1465"},{"taxonomy":"post_tag","embeddable":true,"href":"https:\/\/agora.xtec.cat\/ielesvinyes\/wp-json\/wp\/v2\/tags?post=1465"}],"curies":[{"name":"wp","href":"https:\/\/api.w.org\/{rel}","templated":true}]}}