{"id":1448,"date":"2013-07-22T11:38:46","date_gmt":"2013-07-22T10:38:46","guid":{"rendered":"http:\/\/ielesvinyes.net\/?p=1448"},"modified":"2022-09-28T07:05:30","modified_gmt":"2022-09-28T05:05:30","slug":"ens-veiem-el-setembre","status":"publish","type":"post","link":"https:\/\/agora.xtec.cat\/ielesvinyes\/etapes\/infipri\/ens-veiem-el-setembre\/","title":{"rendered":"Ens veiem el setembre&#8230;"},"content":{"rendered":"<p>En ple per\u00edode de vacances escolars, nosaltres estem preparant ja el nou curs amb molta il\u2022lusi\u00f3, amb nous reptes i amb nous projectes, dels quals en podreu anar fent el seguiment a trav\u00e9s de la nostra p\u00e0gina web.\u00a0Abans de comen\u00e7ar per\u00f2, us volem fer arribar unes informacions:<\/p>\n<p style=\"text-align: justify;\"><strong> Infantil i Prim\u00e0ria<\/strong><br \/>\n\u2022 <strong>Inici de curs:<\/strong> dia 12 de setembre. Matins: de 9 h. a 12\u201930 h.\/Tardes: de 15 h. a 16\u201930 h. (P3 fa horari d\u2019adaptaci\u00f3 els dies 12, 13 i 16).<\/p>\n<p style=\"text-align: justify;\"><strong>ESO<\/strong><br \/>\n\u2022 <strong>Ex\u00e0mens recuperaci\u00f3<\/strong> (2n i 3r): dia 3 de setembre, a les 10 h.\u00a0Aquest dia, els alumnes que s&#8217;han emportat algun llibre de reutilitzaci\u00f3 per estudiar durant l&#8217;estiu, l&#8217;han de retornar.<br \/>\n\u2022 <strong>Inici de curs<\/strong>: dia 13 de setembre. Els dies 13 i 16 farem un horari especial: de 9h. a 13:30 h. A partir del dia 17 de setembre, de 8:00 h. a 14:30 h.<\/p>\n<p style=\"text-align: justify;\"><strong>Per a tot l\u2019alumnat<\/strong><\/p>\n<p>\u2022 <strong>Import del material escolar:<\/strong><br \/>\nInfantil: 100 \u20ac (no socis AMPA, 140 \u20ac)\/Prim\u00e0ria: 100 \u20ac (no socis AMPA, 140 \u20ac)\/ \u00a0 \u00a0 \u00a0 \u00a0 \u00a0 \u00a0 \u00a0 \u00a0 \u00a01r ESO: 120 \u20ac \/ 2n i 3r ESO: 150 \u20ac. \u00a0 \u00a0 \u00a0 \u00a0 \u00a0 \u00a0 \u00a0 \u00a0 \u00a0 \u00a0 \u00a0 \u00a0 \u00a0 \u00a0 \u00a0 \u00a0 \u00a0 \u00a0 \u00a0 \u00a0 \u00a0 \u00a0 \u00a0 \u00a0 \u00a0 \u00a0 \u00a0 \u00a0 \u00a0 \u00a0 \u00a0 \u00a0 \u00a0 \u00a0 \u00a0 \u00a0 \u00a0 \u00a0 \u00a0 \u00a0 \u00a0 \u00a0 \u00a0 \u00a0 \u00a0 \u00a0 \u00a0 \u00a0 \u00a0Cal fer l\u2019ingr\u00e9s, mitjan\u00e7ant transfer\u00e8ncia o presencialment, abans del 30 de setembre: \u00a0 \u00a0 \u00a0 \u00a0 \u00a0BBVA \u2013 0182-4252-94-0201670641<\/p>\n<p>\u2022 <strong>Servei de menjador:<\/strong><br \/>\nP3: Inici a partir del dia 17<br \/>\nP4, P5 i Prim\u00e0ria: Inici dia 12<br \/>\nESO: Les fam\u00edlies interessades heu d\u2019enviar un mail a l\u2019AMPA (ampa@ielesvinyes.net) \u00a0 \u00a0 \u00a0 \u00a0abans del dia 26 de juliol.<\/p>\n<p>\u2022 <strong>Recollida de llibres de reutilitzaci\u00f3 i\/o ordinadors<\/strong>, al despatx de l\u2019AMPA:<br \/>\n1r prim\u00e0ria: 6 de setembre, de 17h a 19 h. \u00a0 \u00a0 \u00a0 \u00a0 \u00a0 \u00a0 \u00a0 \u00a0 \u00a0 \u00a0 \u00a0 \u00a0 \u00a0 \u00a0 \u00a0 \u00a0 \u00a0 \u00a0 \u00a0 \u00a0 \u00a0 \u00a0 \u00a0 \u00a0 \u00a0 \u00a0 \u00a0 \u00a0 \u00a0 \u00a0 \u00a0 \u00a0 \u00a0 \u00a0 \u00a0 \u00a0 \u00a0 \u00a0 \u00a0 \u00a0 \u00a0 \u00a0 \u00a0 \u00a01r ESO (ordinadors): 25 de setembre \u00a0 \u00a0 \u00a0 \u00a0 \u00a0 \u00a0 \u00a0 \u00a0 \u00a0 \u00a0 \u00a0 \u00a0 \u00a0 \u00a0 \u00a0 \u00a0 \u00a0 \u00a0 \u00a0 \u00a0 \u00a0 \u00a0 \u00a0 \u00a0 \u00a0 \u00a0 \u00a0 \u00a0 \u00a0 \u00a0 \u00a0 \u00a0 \u00a0 \u00a0 \u00a0 \u00a0 \u00a0 \u00a0 \u00a0 \u00a0 \u00a0 \u00a0 \u00a0 \u00a0 \u00a0 \u00a0 \u00a02n ESO: dilluns 9 de setembre de 17h a 19h. \u00a0 \u00a0 \u00a0 \u00a0 \u00a0 \u00a0 \u00a0 \u00a0 \u00a0 \u00a0 \u00a0 \u00a0 \u00a0 \u00a0 \u00a0 \u00a0 \u00a0 \u00a0 \u00a0 \u00a0 \u00a0 \u00a0 \u00a0 \u00a0 \u00a0 \u00a0 \u00a0 \u00a0 \u00a0 \u00a0 \u00a0 \u00a0 \u00a0 \u00a0 \u00a0 \u00a0 \u00a0 \u00a0 \u00a0 \u00a0 \u00a03r ESO: dimarts 10 de setembre de 17h a 19h.<\/p>\n<figure id=\"attachment_1457\" aria-describedby=\"caption-attachment-1457\" style=\"width: 269px\" class=\"wp-caption alignleft\"><a href=\"http:\/\/agora.xtec.cat\/ielesvinyes\/wp-content\/uploads\/usu1433\/2013\/07\/Claustre.jpg\"><img loading=\"lazy\" decoding=\"async\" class=\" wp-image-1457\" alt=\"Claustre\" src=\"http:\/\/agora.xtec.cat\/ielesvinyes\/wp-content\/uploads\/usu1433\/2013\/07\/Claustre-1024x807.jpg\" width=\"269\" height=\"211\" srcset=\"https:\/\/agora.xtec.cat\/ielesvinyes\/wp-content\/uploads\/usu1433\/2013\/07\/Claustre-1024x807.jpg 1024w, https:\/\/agora.xtec.cat\/ielesvinyes\/wp-content\/uploads\/usu1433\/2013\/07\/Claustre-768x606.jpg 768w, https:\/\/agora.xtec.cat\/ielesvinyes\/wp-content\/uploads\/usu1433\/2013\/07\/Claustre.jpg 1352w\" sizes=\"auto, (max-width: 269px) 100vw, 269px\" \/><\/a><figcaption id=\"caption-attachment-1457\" class=\"wp-caption-text\">De vacances!<\/figcaption><\/figure>\n<p style=\"text-align: justify;\">Aprofitem per desitjar-vos, juntament amb l\u2019equip de professors\/es i la resta de personal del Centre, que acabeu de passar un bon estiu, tot restant a la vostra disposici\u00f3.<\/p>\n<p style=\"text-align: justify;\">Equip directiu IE Les Vinyes<\/p>\n","protected":false},"excerpt":{"rendered":"<p>En ple per\u00edode de vacances escolars, nosaltres estem preparant ja el nou curs amb molta il\u2022lusi\u00f3, amb nous reptes i amb nous projectes, dels quals en podreu anar fent el seguiment a trav\u00e9s de la nostra p\u00e0gina web.\u00a0Abans de comen\u00e7ar per\u00f2, us volem fer arribar unes informacions: Infantil i Prim\u00e0ria \u2022 Inici de curs: dia [&hellip;]<\/p>\n","protected":false},"author":1,"featured_media":0,"comment_status":"open","ping_status":"open","sticky":false,"template":"","format":"standard","meta":{"_bbp_topic_count":0,"_bbp_reply_count":0,"_bbp_total_topic_count":0,"_bbp_total_reply_count":0,"_bbp_voice_count":0,"_bbp_anonymous_reply_count":0,"_bbp_topic_count_hidden":0,"_bbp_reply_count_hidden":0,"_bbp_forum_subforum_count":0,"site-sidebar-layout":"default","site-content-layout":"","ast-site-content-layout":"","site-content-style":"default","site-sidebar-style":"default","ast-global-header-display":"","ast-banner-title-visibility":"","ast-main-header-display":"","ast-hfb-above-header-display":"","ast-hfb-below-header-display":"","ast-hfb-mobile-header-display":"","site-post-title":"","ast-breadcrumbs-content":"","ast-featured-img":"","footer-sml-layout":"","theme-transparent-header-meta":"","adv-header-id-meta":"","stick-header-meta":"","header-above-stick-meta":"","header-main-stick-meta":"","header-below-stick-meta":"","astra-migrate-meta-layouts":"default","ast-page-background-enabled":"default","ast-page-background-meta":{"desktop":{"background-color":"var(--ast-global-color-4)","background-image":"","background-repeat":"repeat","background-position":"center center","background-size":"auto","background-attachment":"scroll","background-type":"","background-media":"","overlay-type":"","overlay-color":"","overlay-opacity":"","overlay-gradient":""},"tablet":{"background-color":"","background-image":"","background-repeat":"repeat","background-position":"center center","background-size":"auto","background-attachment":"scroll","background-type":"","background-media":"","overlay-type":"","overlay-color":"","overlay-opacity":"","overlay-gradient":""},"mobile":{"background-color":"","background-image":"","background-repeat":"repeat","background-position":"center center","background-size":"auto","background-attachment":"scroll","background-type":"","background-media":"","overlay-type":"","overlay-color":"","overlay-opacity":"","overlay-gradient":""}},"ast-content-background-meta":{"desktop":{"background-color":"var(--ast-global-color-5)","background-image":"","background-repeat":"repeat","background-position":"center center","background-size":"auto","background-attachment":"scroll","background-type":"","background-media":"","overlay-type":"","overlay-color":"","overlay-opacity":"","overlay-gradient":""},"tablet":{"background-color":"var(--ast-global-color-5)","background-image":"","background-repeat":"repeat","background-position":"center center","background-size":"auto","background-attachment":"scroll","background-type":"","background-media":"","overlay-type":"","overlay-color":"","overlay-opacity":"","overlay-gradient":""},"mobile":{"background-color":"var(--ast-global-color-5)","background-image":"","background-repeat":"repeat","background-position":"center center","background-size":"auto","background-attachment":"scroll","background-type":"","background-media":"","overlay-type":"","overlay-color":"","overlay-opacity":"","overlay-gradient":""}},"footnotes":""},"categories":[109,110,100,301],"tags":[318],"class_list":["post-1448","post","type-post","status-publish","format-standard","hentry","category-2012-13","category-2013-14","category-infipri","category-secundaria","tag-ampa"],"post_mailing_queue_ids":[],"_links":{"self":[{"href":"https:\/\/agora.xtec.cat\/ielesvinyes\/wp-json\/wp\/v2\/posts\/1448","targetHints":{"allow":["GET"]}}],"collection":[{"href":"https:\/\/agora.xtec.cat\/ielesvinyes\/wp-json\/wp\/v2\/posts"}],"about":[{"href":"https:\/\/agora.xtec.cat\/ielesvinyes\/wp-json\/wp\/v2\/types\/post"}],"author":[{"embeddable":true,"href":"https:\/\/agora.xtec.cat\/ielesvinyes\/wp-json\/wp\/v2\/users\/1"}],"replies":[{"embeddable":true,"href":"https:\/\/agora.xtec.cat\/ielesvinyes\/wp-json\/wp\/v2\/comments?post=1448"}],"version-history":[{"count":1,"href":"https:\/\/agora.xtec.cat\/ielesvinyes\/wp-json\/wp\/v2\/posts\/1448\/revisions"}],"predecessor-version":[{"id":7430,"href":"https:\/\/agora.xtec.cat\/ielesvinyes\/wp-json\/wp\/v2\/posts\/1448\/revisions\/7430"}],"wp:attachment":[{"href":"https:\/\/agora.xtec.cat\/ielesvinyes\/wp-json\/wp\/v2\/media?parent=1448"}],"wp:term":[{"taxonomy":"category","embeddable":true,"href":"https:\/\/agora.xtec.cat\/ielesvinyes\/wp-json\/wp\/v2\/categories?post=1448"},{"taxonomy":"post_tag","embeddable":true,"href":"https:\/\/agora.xtec.cat\/ielesvinyes\/wp-json\/wp\/v2\/tags?post=1448"}],"curies":[{"name":"wp","href":"https:\/\/api.w.org\/{rel}","templated":true}]}}