{"id":1418,"date":"2013-07-08T08:00:21","date_gmt":"2013-07-08T07:00:21","guid":{"rendered":"http:\/\/ielesvinyes.net\/?p=1418"},"modified":"2022-09-28T07:05:30","modified_gmt":"2022-09-28T05:05:30","slug":"avaluacio-del-projecte-educatiu","status":"publish","type":"post","link":"https:\/\/agora.xtec.cat\/ielesvinyes\/general\/avaluacio-del-projecte-educatiu\/","title":{"rendered":"Avaluaci\u00f3 del projecte educatiu"},"content":{"rendered":"<figure id=\"attachment_1422\" aria-describedby=\"caption-attachment-1422\" style=\"width: 266px\" class=\"wp-caption alignright\"><a href=\"http:\/\/agora.xtec.cat\/ielesvinyes\/wp-content\/uploads\/usu1433\/2013\/07\/reunioESO.jpg\"><img loading=\"lazy\" decoding=\"async\" class=\"wp-image-1422  \" alt=\"reunioESO\" src=\"http:\/\/agora.xtec.cat\/ielesvinyes\/wp-content\/uploads\/usu1433\/2013\/07\/reunioESO.jpg\" width=\"266\" height=\"177\" srcset=\"https:\/\/agora.xtec.cat\/ielesvinyes\/wp-content\/uploads\/usu1433\/2013\/07\/reunioESO.jpg 1118w, https:\/\/agora.xtec.cat\/ielesvinyes\/wp-content\/uploads\/usu1433\/2013\/07\/reunioESO-300x200.jpg 300w, https:\/\/agora.xtec.cat\/ielesvinyes\/wp-content\/uploads\/usu1433\/2013\/07\/reunioESO-768x513.jpg 768w, https:\/\/agora.xtec.cat\/ielesvinyes\/wp-content\/uploads\/usu1433\/2013\/07\/reunioESO-1024x684.jpg 1024w\" sizes=\"auto, (max-width: 266px) 100vw, 266px\" \/><\/a><figcaption id=\"caption-attachment-1422\" class=\"wp-caption-text\">\u00b4Foto: Fam\u00edlies en la sessi\u00f3 de treball<\/figcaption><\/figure>\n<p>Aquestes darreres setmanes hem realitzat <strong>una avaluaci\u00f3 dels aspectes m\u00e9s importants del Projecte educatiu del centre<\/strong>, tal com es va anunciar al Consell Escolar. Els alumnes de P5 han valorat el desenvolupament del curs i totes les fam\u00edlies d&#8217;educaci\u00f3 infantil van fer un q\u00fcestionari. Els resultats han estat presentats i comentats amb les fam\u00edlies en una reuni\u00f3 espec\u00edfica. Per tots aquells que no vau poder assistir, aqu\u00ed en tenim\u00a0<a href=\"https:\/\/docs.google.com\/presentation\/d\/1FWdr6SlgusE-9rTABFeEoequTe7q3N8wGhleEsI-Uw0\/pub?start=true&amp;loop=false&amp;delayms=5000\" target=\"_blank\" rel=\"noopener\">el resum<\/a>.<\/p>\n<p>Aprofitem per<strong><span style=\"color: #008000;\"> agrair la participaci\u00f3 de tothom i celebrar el magn\u00edfic treball que ha realitzat l&#8217;equip de mestres d&#8217;educaci\u00f3 infantil<\/span><\/strong>, que el proc\u00e9s d&#8217;avaluaci\u00f3 ha posat clarament de manifest.<\/p>\n<figure id=\"attachment_1424\" aria-describedby=\"caption-attachment-1424\" style=\"width: 350px\" class=\"wp-caption alignleft\"><a href=\"http:\/\/agora.xtec.cat\/ielesvinyes\/wp-content\/uploads\/usu1433\/2013\/07\/alumnes.jpg\"><img loading=\"lazy\" decoding=\"async\" class=\" wp-image-1424  \" alt=\"alumnes\" src=\"http:\/\/agora.xtec.cat\/ielesvinyes\/wp-content\/uploads\/usu1433\/2013\/07\/alumnes.jpg\" width=\"350\" height=\"228\" srcset=\"https:\/\/agora.xtec.cat\/ielesvinyes\/wp-content\/uploads\/usu1433\/2013\/07\/alumnes.jpg 1215w, https:\/\/agora.xtec.cat\/ielesvinyes\/wp-content\/uploads\/usu1433\/2013\/07\/alumnes-300x195.jpg 300w, https:\/\/agora.xtec.cat\/ielesvinyes\/wp-content\/uploads\/usu1433\/2013\/07\/alumnes-768x500.jpg 768w, https:\/\/agora.xtec.cat\/ielesvinyes\/wp-content\/uploads\/usu1433\/2013\/07\/alumnes-1024x667.jpg 1024w\" sizes=\"auto, (max-width: 350px) 100vw, 350px\" \/><\/a><figcaption id=\"caption-attachment-1424\" class=\"wp-caption-text\">Foto: Representants dels alumnes fent propostes de millora<\/figcaption><\/figure>\n<p>A l&#8217;ESO, tots els alumnes han realitzat un q\u00fcestionari i han triat un equip de representants que, a partir dels resultats, ha fet propostes de millora pels propers cursos. Els pares i mares tamb\u00e9 han realitzat un q\u00fcestionari i han participat en una reuni\u00f3 de valoraci\u00f3. Els resultats generals del proc\u00e9s els podeu trobar en <a href=\"https:\/\/docs.google.com\/presentation\/d\/1uAC7tNEG5UZ-nMmcqW4_w3f35vzTT4k58MClaRWGJxA\/pub?start=true&amp;loop=false&amp;delayms=5000\">aquesta presentaci\u00f3<\/a>.<\/p>\n<p><strong><span style=\"color: #008000;\">Donem les gr\u00e0cies a fam\u00edlies i alumnes per la seva participaci\u00f3 i implicaci\u00f3 en el proc\u00e9s.<\/span><\/strong>\u00a0Tamb\u00e9 felicitem l&#8217;equip de professors de l&#8217;ESO pel seu magn\u00edfic treball! El Claustre del centre tamb\u00e9 ha fet un treball de revisi\u00f3, canvis i millores a partir dels resultats d&#8217;aquesta avaluaci\u00f3, que ja hem comen\u00e7at a posar en marxa en la preparaci\u00f3 del curs 2013-2014.<\/p>\n<p>Gr\u00e0cies a tothom i bon estiu!<\/p>\n<p>&nbsp;<\/p>\n","protected":false},"excerpt":{"rendered":"<p>Aquestes darreres setmanes hem realitzat una avaluaci\u00f3 dels aspectes m\u00e9s importants del Projecte educatiu del centre, tal com es va anunciar al Consell Escolar. Els alumnes de P5 han valorat el desenvolupament del curs i totes les fam\u00edlies d&#8217;educaci\u00f3 infantil van fer un q\u00fcestionari. Els resultats han estat presentats i comentats amb les fam\u00edlies en [&hellip;]<\/p>\n","protected":false},"author":1,"featured_media":1424,"comment_status":"open","ping_status":"open","sticky":false,"template":"","format":"standard","meta":{"_bbp_topic_count":0,"_bbp_reply_count":0,"_bbp_total_topic_count":0,"_bbp_total_reply_count":0,"_bbp_voice_count":0,"_bbp_anonymous_reply_count":0,"_bbp_topic_count_hidden":0,"_bbp_reply_count_hidden":0,"_bbp_forum_subforum_count":0,"site-sidebar-layout":"default","site-content-layout":"","ast-site-content-layout":"","site-content-style":"default","site-sidebar-style":"default","ast-global-header-display":"","ast-banner-title-visibility":"","ast-main-header-display":"","ast-hfb-above-header-display":"","ast-hfb-below-header-display":"","ast-hfb-mobile-header-display":"","site-post-title":"","ast-breadcrumbs-content":"","ast-featured-img":"","footer-sml-layout":"","theme-transparent-header-meta":"","adv-header-id-meta":"","stick-header-meta":"","header-above-stick-meta":"","header-main-stick-meta":"","header-below-stick-meta":"","astra-migrate-meta-layouts":"default","ast-page-background-enabled":"default","ast-page-background-meta":{"desktop":{"background-color":"var(--ast-global-color-4)","background-image":"","background-repeat":"repeat","background-position":"center center","background-size":"auto","background-attachment":"scroll","background-type":"","background-media":"","overlay-type":"","overlay-color":"","overlay-opacity":"","overlay-gradient":""},"tablet":{"background-color":"","background-image":"","background-repeat":"repeat","background-position":"center center","background-size":"auto","background-attachment":"scroll","background-type":"","background-media":"","overlay-type":"","overlay-color":"","overlay-opacity":"","overlay-gradient":""},"mobile":{"background-color":"","background-image":"","background-repeat":"repeat","background-position":"center center","background-size":"auto","background-attachment":"scroll","background-type":"","background-media":"","overlay-type":"","overlay-color":"","overlay-opacity":"","overlay-gradient":""}},"ast-content-background-meta":{"desktop":{"background-color":"var(--ast-global-color-5)","background-image":"","background-repeat":"repeat","background-position":"center center","background-size":"auto","background-attachment":"scroll","background-type":"","background-media":"","overlay-type":"","overlay-color":"","overlay-opacity":"","overlay-gradient":""},"tablet":{"background-color":"var(--ast-global-color-5)","background-image":"","background-repeat":"repeat","background-position":"center center","background-size":"auto","background-attachment":"scroll","background-type":"","background-media":"","overlay-type":"","overlay-color":"","overlay-opacity":"","overlay-gradient":""},"mobile":{"background-color":"var(--ast-global-color-5)","background-image":"","background-repeat":"repeat","background-position":"center center","background-size":"auto","background-attachment":"scroll","background-type":"","background-media":"","overlay-type":"","overlay-color":"","overlay-opacity":"","overlay-gradient":""}},"footnotes":""},"categories":[109,1,301],"tags":[171,260],"class_list":["post-1418","post","type-post","status-publish","format-standard","has-post-thumbnail","hentry","category-2012-13","category-general","category-secundaria","tag-avaluacio","tag-reunio"],"post_mailing_queue_ids":[],"_links":{"self":[{"href":"https:\/\/agora.xtec.cat\/ielesvinyes\/wp-json\/wp\/v2\/posts\/1418","targetHints":{"allow":["GET"]}}],"collection":[{"href":"https:\/\/agora.xtec.cat\/ielesvinyes\/wp-json\/wp\/v2\/posts"}],"about":[{"href":"https:\/\/agora.xtec.cat\/ielesvinyes\/wp-json\/wp\/v2\/types\/post"}],"author":[{"embeddable":true,"href":"https:\/\/agora.xtec.cat\/ielesvinyes\/wp-json\/wp\/v2\/users\/1"}],"replies":[{"embeddable":true,"href":"https:\/\/agora.xtec.cat\/ielesvinyes\/wp-json\/wp\/v2\/comments?post=1418"}],"version-history":[{"count":1,"href":"https:\/\/agora.xtec.cat\/ielesvinyes\/wp-json\/wp\/v2\/posts\/1418\/revisions"}],"predecessor-version":[{"id":7431,"href":"https:\/\/agora.xtec.cat\/ielesvinyes\/wp-json\/wp\/v2\/posts\/1418\/revisions\/7431"}],"wp:featuredmedia":[{"embeddable":true,"href":"https:\/\/agora.xtec.cat\/ielesvinyes\/wp-json\/wp\/v2\/media\/1424"}],"wp:attachment":[{"href":"https:\/\/agora.xtec.cat\/ielesvinyes\/wp-json\/wp\/v2\/media?parent=1418"}],"wp:term":[{"taxonomy":"category","embeddable":true,"href":"https:\/\/agora.xtec.cat\/ielesvinyes\/wp-json\/wp\/v2\/categories?post=1418"},{"taxonomy":"post_tag","embeddable":true,"href":"https:\/\/agora.xtec.cat\/ielesvinyes\/wp-json\/wp\/v2\/tags?post=1418"}],"curies":[{"name":"wp","href":"https:\/\/api.w.org\/{rel}","templated":true}]}}