{"id":1402,"date":"2013-06-17T07:04:25","date_gmt":"2013-06-17T06:04:25","guid":{"rendered":"http:\/\/ielesvinyes.net\/?p=1402"},"modified":"2022-09-28T07:05:30","modified_gmt":"2022-09-28T05:05:30","slug":"calendari-de-final-de-curs-2","status":"publish","type":"post","link":"https:\/\/agora.xtec.cat\/ielesvinyes\/general\/calendari-de-final-de-curs-2\/","title":{"rendered":"Calendari de final de curs"},"content":{"rendered":"<p><span style=\"font-size: medium;\">Un curs intens que ja s&#8217;acaba, contents i cansats, obrim la darrera\u00a0<span style=\"line-height: 24px;\">setmana<\/span>\u00a0lectiva i us presentem el calendari de final de curs:<\/span><\/p>\n<h2><span style=\"color: #008000;\">Calendari de final de curs d&#8217;educaci\u00f3 infantil<\/span><\/h2>\n<h2><strong style=\"font-size: 16px;\">\u2022 Dimecres 19 de juny<\/strong><span style=\"font-size: 16px;\">: Festa d\u2019Educaci\u00f3 Infantil a les 18 h. despr\u00e9s de la festa de l&#8217;ESO. Ballaran,\u00a0cantaran i ens desitjarem bon estiu. \ud83d\ude42<\/span><\/h2>\n<p>Cal que els nens i nenes d\u2019infantil vinguin a les seves classes a les\u00a017\u201945 h amb <span style=\"color: #008000;\">la samarreta que us haurem donat el mateix dia i uns\u00a0texans<\/span>. \u00a0Despr\u00e9s de les actuacions es far\u00e0 un petit pica-pica per acomiadar-nos.<\/p>\n<p>\u2022 <strong>Dijous 20 de juny:<\/strong> \u00a0Entrega dels \u00e0lbums de treball, de pl\u00e0stica i dels informes. Aquests informes no cal retornar-los. La\u00a0bossa verda i la carpeta de pl\u00e0stica, si que cal. Es far\u00e0 la celebraci\u00f3 dels aniversaris d\u2019estiu. <strong>No cal portar esmorzar!<\/strong><\/p>\n<p>\u2022 <strong>Divendres 21 de juny<\/strong>: \u00daltim dia de classe i festa de l\u2019aigua al pati.\u00a0Caldr\u00e0 que portin banyador posat, xancletes, tovallola, alguna cosa per a\u00a0remullar-se i roba de recanvi.<\/p>\n<p>\u2022 <strong>Dimarts dia 25 de juny:<\/strong> de 9 h a 13 h, totes les mestres seran al centre per \u00a0atendre les fam\u00edlies que vulguin venir a comentar l\u2019informe.<\/p>\n<p><strong>\u2022 Dimecres 26 de juny, a les 17h<\/strong>, reuni\u00f3 amb les fam\u00edlies d\u2019Educaci\u00f3 Infantil\u00a0per valorar el curs i fer propostes pel curs 2013-2014. Abans d\u2019aquesta reuni\u00f3\u00a0rebreu un correu electr\u00f2nic amb un q\u00fcestionari de valoraci\u00f3 del curs. \u00c9s\u00a0important que el respongueu.<\/p>\n<h2><span style=\"color: #008000;\">Calendari de final de curs d&#8217;educaci\u00f3 secund\u00e0ria<\/span><\/h2>\n<p><strong>\u2022\u00a0Dimarts 18 de juny<\/strong>, sortida final de tutoria al Canal ol\u00edmpic, amb els alumnes de 1r d\u2019ESO. Han de portar roba esportiva i dinar. Tenim previst arribar a les 16.30 h aproximadament.<\/p>\n<p>\u2022\u00a0<strong>Dimecres 19 de juny<\/strong>: comiat del curs amb teatre, coreografies, percussi\u00f3 corporal i acrosport, preparat pels alumnes de l\u2019ESO. \u00a0Alumnes i equip docent ens quedarem a dinar al centre en un picnic al pati i ens farem la fotografia del curs amb les noves semarretes estampades.\u00a0Tenim previst comen\u00e7ar a les 16,30h amb l\u2019ESO.\u00a0A les 18 h. la festa continua amb intervencions dels nens i nenes d\u2019Infantil. No cal dir que hi esteu convidats\/des.<\/p>\n<p>\u2022\u00a0<strong>Dijous 20 de juny<\/strong>, sortida a l\u2019Illa esportiva municipal: piscina municipal i pistes de tennis. Cal venir amb l\u2019equipament adequat.<\/p>\n<p>\u2022\u00a0<strong>Divendres 21 de juny<\/strong>, \u00faltim dia de classes, farem un horari especial de tutoria i lliurament de notes. Els i les alumnes de Secund\u00e0ria hauran de venir de 10 h a 13 h.<\/p>\n<p>\u2022\u00a0<strong>Dimarts dia 25 de juny<\/strong>, 10 h a 13 h, tot el professorat ser\u00e0 al Centre per atendre els pares que vulguin algun aclariment sobre l\u2019evoluci\u00f3 dels fills i filles.<\/p>\n<p>\u2022\u00a0<strong>Dimecres 26 de juny<\/strong>, a les 19 h, reuni\u00f3 amb les fam\u00edlies de l\u2019ESO per valorar el curs i fer propostes pel curs 2013-2014. Abans d\u2019aquesta reuni\u00f3 rebreu un correu electr\u00f2nic amb un q\u00fcestionari de valoraci\u00f3 del curs, \u00e9s important que el respongueu.<\/p>\n<h2 style=\"text-align: center;\"><span style=\"font-size: 16px;\"><img loading=\"lazy\" decoding=\"async\" class=\" wp-image-1405   aligncenter\" alt=\"Anuari La verema\" src=\"http:\/\/agora.xtec.cat\/ielesvinyes\/wp-content\/uploads\/usu1433\/2013\/06\/Anuari-La-verema.jpg\" width=\"303\" height=\"421\" srcset=\"https:\/\/agora.xtec.cat\/ielesvinyes\/wp-content\/uploads\/usu1433\/2013\/06\/Anuari-La-verema.jpg 505w, https:\/\/agora.xtec.cat\/ielesvinyes\/wp-content\/uploads\/usu1433\/2013\/06\/Anuari-La-verema-216x300.jpg 216w\" sizes=\"auto, (max-width: 303px) 100vw, 303px\" \/>La revista del projecte de 1r, a punt de sortir de la rotativa&#8230; \u00a0\ud83d\ude42<\/span><\/h2>\n","protected":false},"excerpt":{"rendered":"<p>Un curs intens que ja s&#8217;acaba, contents i cansats, obrim la darrera\u00a0setmana\u00a0lectiva i us presentem el calendari de final de curs: Calendari de final de curs d&#8217;educaci\u00f3 infantil \u2022 Dimecres 19 de juny: Festa d\u2019Educaci\u00f3 Infantil a les 18 h. despr\u00e9s de la festa de l&#8217;ESO. Ballaran,\u00a0cantaran i ens desitjarem bon estiu. \ud83d\ude42 Cal que [&hellip;]<\/p>\n","protected":false},"author":1,"featured_media":1405,"comment_status":"open","ping_status":"open","sticky":false,"template":"","format":"standard","meta":{"_bbp_topic_count":0,"_bbp_reply_count":0,"_bbp_total_topic_count":0,"_bbp_total_reply_count":0,"_bbp_voice_count":0,"_bbp_anonymous_reply_count":0,"_bbp_topic_count_hidden":0,"_bbp_reply_count_hidden":0,"_bbp_forum_subforum_count":0,"site-sidebar-layout":"default","site-content-layout":"","ast-site-content-layout":"","site-content-style":"default","site-sidebar-style":"default","ast-global-header-display":"","ast-banner-title-visibility":"","ast-main-header-display":"","ast-hfb-above-header-display":"","ast-hfb-below-header-display":"","ast-hfb-mobile-header-display":"","site-post-title":"","ast-breadcrumbs-content":"","ast-featured-img":"","footer-sml-layout":"","theme-transparent-header-meta":"","adv-header-id-meta":"","stick-header-meta":"","header-above-stick-meta":"","header-main-stick-meta":"","header-below-stick-meta":"","astra-migrate-meta-layouts":"default","ast-page-background-enabled":"default","ast-page-background-meta":{"desktop":{"background-color":"var(--ast-global-color-4)","background-image":"","background-repeat":"repeat","background-position":"center center","background-size":"auto","background-attachment":"scroll","background-type":"","background-media":"","overlay-type":"","overlay-color":"","overlay-opacity":"","overlay-gradient":""},"tablet":{"background-color":"","background-image":"","background-repeat":"repeat","background-position":"center center","background-size":"auto","background-attachment":"scroll","background-type":"","background-media":"","overlay-type":"","overlay-color":"","overlay-opacity":"","overlay-gradient":""},"mobile":{"background-color":"","background-image":"","background-repeat":"repeat","background-position":"center center","background-size":"auto","background-attachment":"scroll","background-type":"","background-media":"","overlay-type":"","overlay-color":"","overlay-opacity":"","overlay-gradient":""}},"ast-content-background-meta":{"desktop":{"background-color":"var(--ast-global-color-5)","background-image":"","background-repeat":"repeat","background-position":"center center","background-size":"auto","background-attachment":"scroll","background-type":"","background-media":"","overlay-type":"","overlay-color":"","overlay-opacity":"","overlay-gradient":""},"tablet":{"background-color":"var(--ast-global-color-5)","background-image":"","background-repeat":"repeat","background-position":"center center","background-size":"auto","background-attachment":"scroll","background-type":"","background-media":"","overlay-type":"","overlay-color":"","overlay-opacity":"","overlay-gradient":""},"mobile":{"background-color":"var(--ast-global-color-5)","background-image":"","background-repeat":"repeat","background-position":"center center","background-size":"auto","background-attachment":"scroll","background-type":"","background-media":"","overlay-type":"","overlay-color":"","overlay-opacity":"","overlay-gradient":""}},"footnotes":""},"categories":[109,1,301],"tags":[],"class_list":["post-1402","post","type-post","status-publish","format-standard","has-post-thumbnail","hentry","category-2012-13","category-general","category-secundaria"],"post_mailing_queue_ids":[],"_links":{"self":[{"href":"https:\/\/agora.xtec.cat\/ielesvinyes\/wp-json\/wp\/v2\/posts\/1402","targetHints":{"allow":["GET"]}}],"collection":[{"href":"https:\/\/agora.xtec.cat\/ielesvinyes\/wp-json\/wp\/v2\/posts"}],"about":[{"href":"https:\/\/agora.xtec.cat\/ielesvinyes\/wp-json\/wp\/v2\/types\/post"}],"author":[{"embeddable":true,"href":"https:\/\/agora.xtec.cat\/ielesvinyes\/wp-json\/wp\/v2\/users\/1"}],"replies":[{"embeddable":true,"href":"https:\/\/agora.xtec.cat\/ielesvinyes\/wp-json\/wp\/v2\/comments?post=1402"}],"version-history":[{"count":1,"href":"https:\/\/agora.xtec.cat\/ielesvinyes\/wp-json\/wp\/v2\/posts\/1402\/revisions"}],"predecessor-version":[{"id":7432,"href":"https:\/\/agora.xtec.cat\/ielesvinyes\/wp-json\/wp\/v2\/posts\/1402\/revisions\/7432"}],"wp:featuredmedia":[{"embeddable":true,"href":"https:\/\/agora.xtec.cat\/ielesvinyes\/wp-json\/wp\/v2\/media\/1405"}],"wp:attachment":[{"href":"https:\/\/agora.xtec.cat\/ielesvinyes\/wp-json\/wp\/v2\/media?parent=1402"}],"wp:term":[{"taxonomy":"category","embeddable":true,"href":"https:\/\/agora.xtec.cat\/ielesvinyes\/wp-json\/wp\/v2\/categories?post=1402"},{"taxonomy":"post_tag","embeddable":true,"href":"https:\/\/agora.xtec.cat\/ielesvinyes\/wp-json\/wp\/v2\/tags?post=1402"}],"curies":[{"name":"wp","href":"https:\/\/api.w.org\/{rel}","templated":true}]}}