{"id":1363,"date":"2013-06-10T13:12:45","date_gmt":"2013-06-10T12:12:45","guid":{"rendered":"http:\/\/ielesvinyes.net\/?p=1363"},"modified":"2022-09-28T07:05:30","modified_gmt":"2022-09-28T05:05:30","slug":"recta-final-i-inici-de-proper-curs","status":"publish","type":"post","link":"https:\/\/agora.xtec.cat\/ielesvinyes\/general\/recta-final-i-inici-de-proper-curs\/","title":{"rendered":"Recta final i inici de proper curs!"},"content":{"rendered":"<p>El mes de juny \u00e9s la recta final del curs i, al mateix temps, l&#8217;inici de la preparaci\u00f3 del curs 2013-2014.<\/p>\n<figure id=\"attachment_1389\" aria-describedby=\"caption-attachment-1389\" style=\"width: 214px\" class=\"wp-caption alignright\"><a href=\"http:\/\/agora.xtec.cat\/ielesvinyes\/wp-content\/uploads\/usu1433\/2013\/06\/Festa.gif\"><img loading=\"lazy\" decoding=\"async\" class=\" wp-image-1389 \" alt=\"Festa\" src=\"http:\/\/agora.xtec.cat\/ielesvinyes\/wp-content\/uploads\/usu1433\/2013\/06\/Festa.gif\" width=\"214\" height=\"164\" \/><\/a><figcaption id=\"caption-attachment-1389\" class=\"wp-caption-text\">Foto: Sopar de germanor<\/figcaption><\/figure>\n<p>Pel que fa al tancament del curs, ha comen\u00e7at amb la festa de l&#8217;AMPA del passat dissabte. \u00a0Malgrat que la pluja ens va impedir fer els jocs del mat\u00ed, vam fer els inflables al gimn\u00e0s. I a la tarda vam fer l&#8217;espectacle pels m\u00e9s petits i vam acabar amb una sopar de germanor, una festa i una bona ballada. <strong>Gr\u00e0cies a tots els\u00a0assistents\u00a0i als pares i mares que van organitzar tota la festa<\/strong>!<\/p>\n<p>El proper <strong>dimecres 19 a la tarda, a partir de les 16.30<\/strong> h, al gimn\u00e0s del centre, tenim la festa final de l&#8217;ESO i Educaci\u00f3 infantil on farem coreografies, Acrosport i percussi\u00f3 corporal. Els m\u00e9s petits ballarem i cantarem i celebrarem que els de P5 acaben educaci\u00f3 infantil per comen\u00e7ar la prim\u00e0ria. Us hi esperem!<\/p>\n<figure style=\"width: 240px\" class=\"wp-caption alignleft\"><img loading=\"lazy\" decoding=\"async\" alt=\"\" src=\"http:\/\/farm4.staticflickr.com\/3772\/8864845405_60daf4e402_m.jpg\" width=\"240\" height=\"180\" \/><figcaption class=\"wp-caption-text\">Actuaci\u00f3 dels dofins<\/figcaption><\/figure>\n<p>Els petits tampoc no paren: les tortugues han anat a <a href=\"http:\/\/infantil.ielesvinyes.net\/2013\/05\/p3-a-la-granja\/\" target=\"_blank\" rel=\"noopener\">la granja<\/a>, on han\u00a0vist ovelles, vaques, cavalls, conills, cabres, oques, \u00e0necs i fins i tot un porc vietnamita. I els m\u00e9s grans al zoo i al <a href=\"http:\/\/www.flickr.com\/photos\/ielesvinyes\/sets\/72157633485196424\/with\/8735186556\/\" target=\"_blank\" rel=\"noopener\">Circ Cric<\/a>, al Montseny. Ep, i a les aules, seguim treballant!<\/p>\n<p>Els alumnes de 1r de l&#8217;ESO han comen\u00e7at el seu darrer projecte, <a href=\"http:\/\/eso.ielesvinyes.net\/2013\/06\/la-verema-2013-projecte-trimestral\/\" target=\"_blank\" rel=\"noopener\">L&#8217;anuari &#8220;La Verema 2013<\/a>&#8220;, i a 2n estan preparant els seus ex\u00e0mens finals i l&#8217;avaluaci\u00f3 del curs.<\/p>\n<p>Pel que fa al proper curs, ja hem comen\u00e7at a preparar-lo per incorporar nous docents. I, especialment, <strong>nous alumnes<\/strong>.\u00a0Per aix\u00f2 obrim aquesta setmana la matriculaci\u00f3 al centre dels nous alumnes, amb el seg\u00fcent calendari d&#8217;atenci\u00f3:<\/p>\n<p style=\"text-align: center;\"><strong><span style=\"color: #808000;\">Matriculaci\u00f3 pel curs 2013-2014<\/span><\/strong><br \/>\n<strong><span style=\"color: #808000;\">de dilluns a divendres de 9 h a 13. 30<br \/>\n10 a 14 de juny<\/span><\/strong><\/p>\n<p>Aprofitem per donar les gr\u00e0cies a tots els pares i mares que formalitzareu la matr\u00edcula dels vostres fills en el nostre centre. Per tal de con\u00e8ixer-nos personalment i establir un primer contacte amb l&#8217;Institut Escola i el seu projecte educatiu, us convoquem a una reuni\u00f3:<\/p>\n<p style=\"padding-left: 30px;\">Fam\u00edlies dels alumnes de P3:\u00a0<b>dimarts dia 9 de juliol a les 17 h<br \/>\n<\/b>Fam\u00edlies dels alumnes de 1r d&#8217;ESO\u00a0<b>dimarts dia 9 de juliol a les 19.30 h.<\/b><\/p>\n","protected":false},"excerpt":{"rendered":"<p>El mes de juny \u00e9s la recta final del curs i, al mateix temps, l&#8217;inici de la preparaci\u00f3 del curs 2013-2014. Pel que fa al tancament del curs, ha comen\u00e7at amb la festa de l&#8217;AMPA del passat dissabte. \u00a0Malgrat que la pluja ens va impedir fer els jocs del mat\u00ed, vam fer els inflables al [&hellip;]<\/p>\n","protected":false},"author":1,"featured_media":1389,"comment_status":"open","ping_status":"open","sticky":false,"template":"","format":"standard","meta":{"_bbp_topic_count":0,"_bbp_reply_count":0,"_bbp_total_topic_count":0,"_bbp_total_reply_count":0,"_bbp_voice_count":0,"_bbp_anonymous_reply_count":0,"_bbp_topic_count_hidden":0,"_bbp_reply_count_hidden":0,"_bbp_forum_subforum_count":0,"site-sidebar-layout":"default","site-content-layout":"","ast-site-content-layout":"","site-content-style":"default","site-sidebar-style":"default","ast-global-header-display":"","ast-banner-title-visibility":"","ast-main-header-display":"","ast-hfb-above-header-display":"","ast-hfb-below-header-display":"","ast-hfb-mobile-header-display":"","site-post-title":"","ast-breadcrumbs-content":"","ast-featured-img":"","footer-sml-layout":"","theme-transparent-header-meta":"","adv-header-id-meta":"","stick-header-meta":"","header-above-stick-meta":"","header-main-stick-meta":"","header-below-stick-meta":"","astra-migrate-meta-layouts":"default","ast-page-background-enabled":"default","ast-page-background-meta":{"desktop":{"background-color":"var(--ast-global-color-4)","background-image":"","background-repeat":"repeat","background-position":"center center","background-size":"auto","background-attachment":"scroll","background-type":"","background-media":"","overlay-type":"","overlay-color":"","overlay-opacity":"","overlay-gradient":""},"tablet":{"background-color":"","background-image":"","background-repeat":"repeat","background-position":"center center","background-size":"auto","background-attachment":"scroll","background-type":"","background-media":"","overlay-type":"","overlay-color":"","overlay-opacity":"","overlay-gradient":""},"mobile":{"background-color":"","background-image":"","background-repeat":"repeat","background-position":"center center","background-size":"auto","background-attachment":"scroll","background-type":"","background-media":"","overlay-type":"","overlay-color":"","overlay-opacity":"","overlay-gradient":""}},"ast-content-background-meta":{"desktop":{"background-color":"var(--ast-global-color-5)","background-image":"","background-repeat":"repeat","background-position":"center center","background-size":"auto","background-attachment":"scroll","background-type":"","background-media":"","overlay-type":"","overlay-color":"","overlay-opacity":"","overlay-gradient":""},"tablet":{"background-color":"var(--ast-global-color-5)","background-image":"","background-repeat":"repeat","background-position":"center center","background-size":"auto","background-attachment":"scroll","background-type":"","background-media":"","overlay-type":"","overlay-color":"","overlay-opacity":"","overlay-gradient":""},"mobile":{"background-color":"var(--ast-global-color-5)","background-image":"","background-repeat":"repeat","background-position":"center center","background-size":"auto","background-attachment":"scroll","background-type":"","background-media":"","overlay-type":"","overlay-color":"","overlay-opacity":"","overlay-gradient":""}},"footnotes":""},"categories":[109,1,116],"tags":[],"class_list":["post-1363","post","type-post","status-publish","format-standard","has-post-thumbnail","hentry","category-2012-13","category-general","category-sortida"],"post_mailing_queue_ids":[],"_links":{"self":[{"href":"https:\/\/agora.xtec.cat\/ielesvinyes\/wp-json\/wp\/v2\/posts\/1363","targetHints":{"allow":["GET"]}}],"collection":[{"href":"https:\/\/agora.xtec.cat\/ielesvinyes\/wp-json\/wp\/v2\/posts"}],"about":[{"href":"https:\/\/agora.xtec.cat\/ielesvinyes\/wp-json\/wp\/v2\/types\/post"}],"author":[{"embeddable":true,"href":"https:\/\/agora.xtec.cat\/ielesvinyes\/wp-json\/wp\/v2\/users\/1"}],"replies":[{"embeddable":true,"href":"https:\/\/agora.xtec.cat\/ielesvinyes\/wp-json\/wp\/v2\/comments?post=1363"}],"version-history":[{"count":1,"href":"https:\/\/agora.xtec.cat\/ielesvinyes\/wp-json\/wp\/v2\/posts\/1363\/revisions"}],"predecessor-version":[{"id":7433,"href":"https:\/\/agora.xtec.cat\/ielesvinyes\/wp-json\/wp\/v2\/posts\/1363\/revisions\/7433"}],"wp:featuredmedia":[{"embeddable":true,"href":"https:\/\/agora.xtec.cat\/ielesvinyes\/wp-json\/wp\/v2\/media\/1389"}],"wp:attachment":[{"href":"https:\/\/agora.xtec.cat\/ielesvinyes\/wp-json\/wp\/v2\/media?parent=1363"}],"wp:term":[{"taxonomy":"category","embeddable":true,"href":"https:\/\/agora.xtec.cat\/ielesvinyes\/wp-json\/wp\/v2\/categories?post=1363"},{"taxonomy":"post_tag","embeddable":true,"href":"https:\/\/agora.xtec.cat\/ielesvinyes\/wp-json\/wp\/v2\/tags?post=1363"}],"curies":[{"name":"wp","href":"https:\/\/api.w.org\/{rel}","templated":true}]}}