{"id":1353,"date":"2014-09-10T08:34:48","date_gmt":"2014-09-10T08:34:48","guid":{"rendered":"http:\/\/ampa.ielesvinyes.net\/stage1\/?p=1353"},"modified":"2014-09-10T08:34:48","modified_gmt":"2014-09-10T08:34:48","slug":"nova-extraescolar-de-cant-coral","status":"publish","type":"post","link":"https:\/\/agora.xtec.cat\/ielesvinyes\/2014-15\/nova-extraescolar-de-cant-coral\/","title":{"rendered":"NOVA EXTRAESCOLAR DE CANT CORAL"},"content":{"rendered":"<p style=\"text-align: justify;\"><img loading=\"lazy\" decoding=\"async\" class=\"alignleft  wp-image-1354\" src=\"http:\/\/ampa.ielesvinyes.net\/stage1\/wp-content\/uploads\/2015\/02\/cant-coral.png\" alt=\"cant coral\" width=\"146\" height=\"110\" \/>A partir d\u2019aquest curs 2014-2015, l&#8217;AMPA de l\u2019Institut-Escola Les Vinyes ofereix, conjuntament amb l&#8217;Escola Municipal de m\u00fasica Miquel Blanch, l&#8217;activitat extraescolar de Cant Coral per als alumnes de prim\u00e0ria (1r i 2n) i d&#8217;infantil (P5).<\/p>\n<p style=\"text-align: justify;\">Aquesta activitat es dur\u00e0 a terme dins la franja de migdia. L&#8217;activitat estar\u00e0 condu\u00efda pels professors de l&#8217;Escola de M\u00fasica.<\/p>\n<p style=\"text-align: justify;\">Per als nens i nenes que ja s\u00f3n alumnes de l&#8217;Escola de M\u00fasica, aquesta activitat va inclosa dins la mensualitat que paguen pel pla d&#8217;estudis corresponent.<br \/>\nLa resta d&#8217;alumnes de l&#8217;Institut-Escola Les Vinyes, tant de prim\u00e0ria com de P5, poden inscriure&#8217;s nom\u00e9s a Cant Coral com a activitat extraescolar.<\/p>\n<p style=\"text-align: justify;\">El <strong>preu de l&#8217;activitat \u00e9s de 10 euros mensuals<\/strong> <em>(m\u00e9s un pagament inicial de 5 euros en concepte de material)<\/em> i les <strong>sessions s\u00f3n de 45 minuts<\/strong>. <span style=\"text-decoration: underline;\">El preu del menjador no est\u00e0 incl\u00f2s en l&#8217;activitat<\/span>. El nombre m\u00e0xim d&#8217;alumnes per grup \u00e9s de 20 i les places es cobriran per rigor\u00f3s ordre d&#8217;inscripci\u00f3.<\/p>\n<p style=\"text-align: justify;\">Els alumnes interessats en aquesta activitat, cal que formalitzin la matricula a la secretaria de l&#8217;Escola de M\u00fasica. Us podeu descarregar el full de matricula en el seg\u00fcent enlla\u00e7\u00a0<a href=\"https:\/\/www.castellbisbal.cat\/ajuntament-seu-electronica\/tramits-i-gestions\/2014-04-29-preinscripcio-i-matriculacio-a-lescola-de-musica.html\" target=\"_blank\" rel=\"noopener noreferrer\"><img loading=\"lazy\" decoding=\"async\" class=\"  wp-image-1043 alignnone\" src=\"http:\/\/ampa.ielesvinyes.net\/stage1\/wp-content\/uploads\/2012\/02\/external-link-98445_640.png\" alt=\"external-link-98445_640\" width=\"23\" height=\"24\" \/><\/a>\u00a0.<\/p>\n<p style=\"text-align: justify;\">L&#8217;horari del Cant Coral extraescolar a l&#8217;IE Les Vinyes ser\u00e0 els <strong>dimecres en l&#8217;horari de les dues a tres quarts de tres (14h \u2013 14:45h)<\/strong>. L\u2019inici de l\u2019activitat ser\u00e0 a l\u2019octubre.<\/p>\n<p>Agrairem feu la <strong>matr\u00edcula abans del 19 de setembre<\/strong>.<\/p>\n<p style=\"text-align: justify;\"><em>&#8220;La veu \u00e9s l\u2019instrument musical que tots fem servir des de que naixem. Parlar, cantar, expressar&#8230; la fem servir constantment i cada dia.<\/em><br \/>\n<em>L&#8217;objectiu del Cant Coral \u00e9s, doncs, aprofitar aquest instrument &#8220;natural&#8221; per gaudir de fer m\u00fasica en grup alhora que aprenem a fer un \u00fas saludable de les cordes vocals, tot aix\u00f2 en un ambient dist\u00e9s i una din\u00e0mica l\u00fadica i participativa. <\/em><br \/>\n<em>La pr\u00e0ctica del Cant Coral pot ajudar a millorar la dicci\u00f3, la pron\u00fancia i afavoreix l&#8217;aprenentatge d&#8217;altres idiomes. A trav\u00e9s de can\u00e7ons, exercicis de respiraci\u00f3 i relaxaci\u00f3, jocs amb moviment i d&#8217;o\u00efda, aprendrem a tenir cura i fer un bon \u00fas de la nostra veu i ens endinsarem en la pr\u00e0ctica musical&#8221;<\/em><\/p>\n<p>Atentament,<\/p>\n<p><span style=\"text-decoration: underline;\">AMPA Les Vinyes i Equip Directiu EMM Miquel Blanch<\/span><\/p>\n","protected":false},"excerpt":{"rendered":"<p>A partir d\u2019aquest curs 2014-2015, l&#8217;AMPA de l\u2019Institut-Escola Les Vinyes ofereix, conjuntament amb l&#8217;Escola Municipal de m\u00fasica Miquel Blanch, l&#8217;activitat extraescolar de Cant Coral per als alumnes de prim\u00e0ria (1r i 2n) i d&#8217;infantil (P5). Aquesta activitat es dur\u00e0 a terme dins la franja de migdia. L&#8217;activitat estar\u00e0 condu\u00efda pels professors de l&#8217;Escola de M\u00fasica. [&hellip;]<\/p>\n","protected":false},"author":52,"featured_media":0,"comment_status":"open","ping_status":"closed","sticky":false,"template":"","format":"standard","meta":{"_bbp_topic_count":0,"_bbp_reply_count":0,"_bbp_total_topic_count":0,"_bbp_total_reply_count":0,"_bbp_voice_count":0,"_bbp_anonymous_reply_count":0,"_bbp_topic_count_hidden":0,"_bbp_reply_count_hidden":0,"_bbp_forum_subforum_count":0,"site-sidebar-layout":"default","site-content-layout":"","ast-site-content-layout":"","site-content-style":"default","site-sidebar-style":"default","ast-global-header-display":"","ast-banner-title-visibility":"","ast-main-header-display":"","ast-hfb-above-header-display":"","ast-hfb-below-header-display":"","ast-hfb-mobile-header-display":"","site-post-title":"","ast-breadcrumbs-content":"","ast-featured-img":"","footer-sml-layout":"","theme-transparent-header-meta":"","adv-header-id-meta":"","stick-header-meta":"","header-above-stick-meta":"","header-main-stick-meta":"","header-below-stick-meta":"","astra-migrate-meta-layouts":"default","ast-page-background-enabled":"default","ast-page-background-meta":{"desktop":{"background-color":"var(--ast-global-color-4)","background-image":"","background-repeat":"repeat","background-position":"center center","background-size":"auto","background-attachment":"scroll","background-type":"","background-media":"","overlay-type":"","overlay-color":"","overlay-opacity":"","overlay-gradient":""},"tablet":{"background-color":"","background-image":"","background-repeat":"repeat","background-position":"center center","background-size":"auto","background-attachment":"scroll","background-type":"","background-media":"","overlay-type":"","overlay-color":"","overlay-opacity":"","overlay-gradient":""},"mobile":{"background-color":"","background-image":"","background-repeat":"repeat","background-position":"center center","background-size":"auto","background-attachment":"scroll","background-type":"","background-media":"","overlay-type":"","overlay-color":"","overlay-opacity":"","overlay-gradient":""}},"ast-content-background-meta":{"desktop":{"background-color":"var(--ast-global-color-5)","background-image":"","background-repeat":"repeat","background-position":"center center","background-size":"auto","background-attachment":"scroll","background-type":"","background-media":"","overlay-type":"","overlay-color":"","overlay-opacity":"","overlay-gradient":""},"tablet":{"background-color":"var(--ast-global-color-5)","background-image":"","background-repeat":"repeat","background-position":"center center","background-size":"auto","background-attachment":"scroll","background-type":"","background-media":"","overlay-type":"","overlay-color":"","overlay-opacity":"","overlay-gradient":""},"mobile":{"background-color":"var(--ast-global-color-5)","background-image":"","background-repeat":"repeat","background-position":"center center","background-size":"auto","background-attachment":"scroll","background-type":"","background-media":"","overlay-type":"","overlay-color":"","overlay-opacity":"","overlay-gradient":""}},"footnotes":""},"categories":[111,466],"tags":[],"class_list":["post-1353","post","type-post","status-publish","format-standard","hentry","category-2014-15","category-participacio"],"post_mailing_queue_ids":[],"_links":{"self":[{"href":"https:\/\/agora.xtec.cat\/ielesvinyes\/wp-json\/wp\/v2\/posts\/1353","targetHints":{"allow":["GET"]}}],"collection":[{"href":"https:\/\/agora.xtec.cat\/ielesvinyes\/wp-json\/wp\/v2\/posts"}],"about":[{"href":"https:\/\/agora.xtec.cat\/ielesvinyes\/wp-json\/wp\/v2\/types\/post"}],"author":[{"embeddable":true,"href":"https:\/\/agora.xtec.cat\/ielesvinyes\/wp-json\/wp\/v2\/users\/52"}],"replies":[{"embeddable":true,"href":"https:\/\/agora.xtec.cat\/ielesvinyes\/wp-json\/wp\/v2\/comments?post=1353"}],"version-history":[{"count":0,"href":"https:\/\/agora.xtec.cat\/ielesvinyes\/wp-json\/wp\/v2\/posts\/1353\/revisions"}],"wp:attachment":[{"href":"https:\/\/agora.xtec.cat\/ielesvinyes\/wp-json\/wp\/v2\/media?parent=1353"}],"wp:term":[{"taxonomy":"category","embeddable":true,"href":"https:\/\/agora.xtec.cat\/ielesvinyes\/wp-json\/wp\/v2\/categories?post=1353"},{"taxonomy":"post_tag","embeddable":true,"href":"https:\/\/agora.xtec.cat\/ielesvinyes\/wp-json\/wp\/v2\/tags?post=1353"}],"curies":[{"name":"wp","href":"https:\/\/api.w.org\/{rel}","templated":true}]}}