{"id":1350,"date":"2014-10-20T13:28:15","date_gmt":"2014-10-20T13:28:15","guid":{"rendered":"http:\/\/ampa.ielesvinyes.net\/stage1\/?p=1350"},"modified":"2014-10-20T13:28:15","modified_gmt":"2014-10-20T13:28:15","slug":"fem-un-calendari","status":"publish","type":"post","link":"https:\/\/agora.xtec.cat\/ielesvinyes\/2014-15\/fem-un-calendari\/","title":{"rendered":"FEM UN CALENDARI !!!"},"content":{"rendered":"<p id=\"yui_3_16_0_1_1425112071956_23604\" class=\"yiv2015558059MsoNormal\" style=\"text-align: justify;\"><span id=\"yui_3_16_0_1_1425112071956_23603\" lang=\"CA\"><img loading=\"lazy\" decoding=\"async\" class=\"alignleft  wp-image-1351\" src=\"http:\/\/ampa.ielesvinyes.net\/stage1\/wp-content\/uploads\/2015\/02\/calendar.jpg\" alt=\"calendar\" width=\"223\" height=\"149\" \/>Us volem informar que des de l\u2019AMPA estem preparant un <strong>calendari del 2015<\/strong>\u00a0 per recaptar diners per l&#8217;associaci\u00f3, on sortiran fotografies de tot l\u2019alumnat de l&#8217;Institut-Escola. <\/span><\/p>\n<p class=\"yiv2015558059MsoNormal\" style=\"text-align: justify;\"><span id=\"yui_3_16_0_1_1425112071956_23603\" lang=\"CA\">Amb la col\u00b7laboraci\u00f3 de l\u2019equip docent i dels alumnes de 4t d\u2019ESO s\u2019ha organitzat la <b>sessi\u00f3 fotogr\u00e0fica<\/b> pel proper dimarts <b><span style=\"text-decoration: underline;\">4 de novembre <\/span><\/b>al mat\u00ed. \u00c9s per aix\u00f2 que us avisem, per si voleu posar ben guapos als vostres fills\/es&#8230;<\/span><\/p>\n<p id=\"yui_3_16_0_1_1425112071956_23608\" class=\"yiv2015558059MsoNormal\" style=\"text-align: justify;\"><span id=\"yui_3_16_0_1_1425112071956_23607\" lang=\"CA\">Tamb\u00e9 volem avisar que tenim const\u00e0ncia d&#8217;algunes fam\u00edlies que no han signat l&#8217;autoritzaci\u00f3 del dret d&#8217;imatges dels seus fills\/es.\u00a0No patiu!, aquests nens no sortiran a les fotos.<\/span><\/p>\n","protected":false},"excerpt":{"rendered":"<p>Us volem informar que des de l\u2019AMPA estem preparant un calendari del 2015\u00a0 per recaptar diners per l&#8217;associaci\u00f3, on sortiran fotografies de tot l\u2019alumnat de l&#8217;Institut-Escola. Amb la col\u00b7laboraci\u00f3 de l\u2019equip docent i dels alumnes de 4t d\u2019ESO s\u2019ha organitzat la sessi\u00f3 fotogr\u00e0fica pel proper dimarts 4 de novembre al mat\u00ed. \u00c9s per aix\u00f2 que [&hellip;]<\/p>\n","protected":false},"author":52,"featured_media":0,"comment_status":"open","ping_status":"closed","sticky":false,"template":"","format":"standard","meta":{"_bbp_topic_count":0,"_bbp_reply_count":0,"_bbp_total_topic_count":0,"_bbp_total_reply_count":0,"_bbp_voice_count":0,"_bbp_anonymous_reply_count":0,"_bbp_topic_count_hidden":0,"_bbp_reply_count_hidden":0,"_bbp_forum_subforum_count":0,"site-sidebar-layout":"default","site-content-layout":"","ast-site-content-layout":"","site-content-style":"default","site-sidebar-style":"default","ast-global-header-display":"","ast-banner-title-visibility":"","ast-main-header-display":"","ast-hfb-above-header-display":"","ast-hfb-below-header-display":"","ast-hfb-mobile-header-display":"","site-post-title":"","ast-breadcrumbs-content":"","ast-featured-img":"","footer-sml-layout":"","theme-transparent-header-meta":"","adv-header-id-meta":"","stick-header-meta":"","header-above-stick-meta":"","header-main-stick-meta":"","header-below-stick-meta":"","astra-migrate-meta-layouts":"default","ast-page-background-enabled":"default","ast-page-background-meta":{"desktop":{"background-color":"var(--ast-global-color-4)","background-image":"","background-repeat":"repeat","background-position":"center center","background-size":"auto","background-attachment":"scroll","background-type":"","background-media":"","overlay-type":"","overlay-color":"","overlay-opacity":"","overlay-gradient":""},"tablet":{"background-color":"","background-image":"","background-repeat":"repeat","background-position":"center center","background-size":"auto","background-attachment":"scroll","background-type":"","background-media":"","overlay-type":"","overlay-color":"","overlay-opacity":"","overlay-gradient":""},"mobile":{"background-color":"","background-image":"","background-repeat":"repeat","background-position":"center center","background-size":"auto","background-attachment":"scroll","background-type":"","background-media":"","overlay-type":"","overlay-color":"","overlay-opacity":"","overlay-gradient":""}},"ast-content-background-meta":{"desktop":{"background-color":"var(--ast-global-color-5)","background-image":"","background-repeat":"repeat","background-position":"center center","background-size":"auto","background-attachment":"scroll","background-type":"","background-media":"","overlay-type":"","overlay-color":"","overlay-opacity":"","overlay-gradient":""},"tablet":{"background-color":"var(--ast-global-color-5)","background-image":"","background-repeat":"repeat","background-position":"center center","background-size":"auto","background-attachment":"scroll","background-type":"","background-media":"","overlay-type":"","overlay-color":"","overlay-opacity":"","overlay-gradient":""},"mobile":{"background-color":"var(--ast-global-color-5)","background-image":"","background-repeat":"repeat","background-position":"center center","background-size":"auto","background-attachment":"scroll","background-type":"","background-media":"","overlay-type":"","overlay-color":"","overlay-opacity":"","overlay-gradient":""}},"footnotes":""},"categories":[111,466],"tags":[],"class_list":["post-1350","post","type-post","status-publish","format-standard","hentry","category-2014-15","category-participacio"],"post_mailing_queue_ids":[],"_links":{"self":[{"href":"https:\/\/agora.xtec.cat\/ielesvinyes\/wp-json\/wp\/v2\/posts\/1350","targetHints":{"allow":["GET"]}}],"collection":[{"href":"https:\/\/agora.xtec.cat\/ielesvinyes\/wp-json\/wp\/v2\/posts"}],"about":[{"href":"https:\/\/agora.xtec.cat\/ielesvinyes\/wp-json\/wp\/v2\/types\/post"}],"author":[{"embeddable":true,"href":"https:\/\/agora.xtec.cat\/ielesvinyes\/wp-json\/wp\/v2\/users\/52"}],"replies":[{"embeddable":true,"href":"https:\/\/agora.xtec.cat\/ielesvinyes\/wp-json\/wp\/v2\/comments?post=1350"}],"version-history":[{"count":0,"href":"https:\/\/agora.xtec.cat\/ielesvinyes\/wp-json\/wp\/v2\/posts\/1350\/revisions"}],"wp:attachment":[{"href":"https:\/\/agora.xtec.cat\/ielesvinyes\/wp-json\/wp\/v2\/media?parent=1350"}],"wp:term":[{"taxonomy":"category","embeddable":true,"href":"https:\/\/agora.xtec.cat\/ielesvinyes\/wp-json\/wp\/v2\/categories?post=1350"},{"taxonomy":"post_tag","embeddable":true,"href":"https:\/\/agora.xtec.cat\/ielesvinyes\/wp-json\/wp\/v2\/tags?post=1350"}],"curies":[{"name":"wp","href":"https:\/\/api.w.org\/{rel}","templated":true}]}}