{"id":1347,"date":"2014-09-30T09:16:57","date_gmt":"2014-09-30T09:16:57","guid":{"rendered":"http:\/\/ampa.ielesvinyes.net\/stage1\/?p=1347"},"modified":"2014-09-30T09:16:57","modified_gmt":"2014-09-30T09:16:57","slug":"comencen-les-extraescolars","status":"publish","type":"post","link":"https:\/\/agora.xtec.cat\/ielesvinyes\/2014-15\/comencen-les-extraescolars\/","title":{"rendered":"COMENCEN LES EXTRAESCOLARS"},"content":{"rendered":"<p style=\"text-align: justify;\">Benvolgudes fam\u00edlies,<\/p>\n<p>A partir de dem\u00e0, dimecres <strong>1 d&#8217;octubre<\/strong>, s&#8217;inicien les extraescolars d&#8217;aquest curs.<\/p>\n<p><img loading=\"lazy\" decoding=\"async\" class=\"alignleft  wp-image-1348\" src=\"http:\/\/ampa.ielesvinyes.net\/stage1\/wp-content\/uploads\/2015\/02\/EXTRAESCOLARS.jpg\" alt=\"EXTRAESCOLARS\" width=\"201\" height=\"192\" \/>En relaci\u00f3 a les activitats de tarda, comentar-vos que <strong>es susp\u00e8n el tennis de dimecres i el de divendres<\/strong>, per falta de demanda. La resta d&#8217;activitats comen\u00e7aran tal i com estava previst, malgrat que hi ha algun grup que no arriba al m\u00ednim, per\u00f2 esperem que al llarg del curs alg\u00fa m\u00e9s hi participi.<\/p>\n<p>\u00danicament per l&#8217;activitat de patinatge, caldr\u00e0 portar els patins i les proteccions adequades. \u00a0 \u00a0 \u00a0 \u00a0 \u00a0 \u00a0 \u00a0 \u00a0 \u00a0 \u00a0 \u00a0 \u00a0 \u00a0 \u00a0 \u00a0 \u00a0 \u00a0 \u00a0 \u00a0 \u00a0Per la resta d&#8217;activitats, \u00e9s <em>Master Sports<\/em> qui es fa c\u00e0rrec del material.<\/p>\n<p>La sortida de totes les activitats es far\u00e0 sempre per la porta de dalt, davant de consergeria.<\/p>\n<p>En el cas del <strong>Cant Coral<\/strong> i, per causes de for\u00e7a major, s&#8217;ha hagut de canviar el dia. Ser\u00e0 els <strong>dimarts de 14&#8217;10 a 14&#8217;55h<\/strong>. Preguem la m\u00e0xima puntualitat a aquells nens i nenes que no es queden al menjador.<\/p>\n","protected":false},"excerpt":{"rendered":"<p>Benvolgudes fam\u00edlies, A partir de dem\u00e0, dimecres 1 d&#8217;octubre, s&#8217;inicien les extraescolars d&#8217;aquest curs. En relaci\u00f3 a les activitats de tarda, comentar-vos que es susp\u00e8n el tennis de dimecres i el de divendres, per falta de demanda. La resta d&#8217;activitats comen\u00e7aran tal i com estava previst, malgrat que hi ha algun grup que no arriba [&hellip;]<\/p>\n","protected":false},"author":52,"featured_media":0,"comment_status":"open","ping_status":"closed","sticky":false,"template":"","format":"standard","meta":{"_bbp_topic_count":0,"_bbp_reply_count":0,"_bbp_total_topic_count":0,"_bbp_total_reply_count":0,"_bbp_voice_count":0,"_bbp_anonymous_reply_count":0,"_bbp_topic_count_hidden":0,"_bbp_reply_count_hidden":0,"_bbp_forum_subforum_count":0,"site-sidebar-layout":"default","site-content-layout":"","ast-site-content-layout":"","site-content-style":"default","site-sidebar-style":"default","ast-global-header-display":"","ast-banner-title-visibility":"","ast-main-header-display":"","ast-hfb-above-header-display":"","ast-hfb-below-header-display":"","ast-hfb-mobile-header-display":"","site-post-title":"","ast-breadcrumbs-content":"","ast-featured-img":"","footer-sml-layout":"","theme-transparent-header-meta":"","adv-header-id-meta":"","stick-header-meta":"","header-above-stick-meta":"","header-main-stick-meta":"","header-below-stick-meta":"","astra-migrate-meta-layouts":"default","ast-page-background-enabled":"default","ast-page-background-meta":{"desktop":{"background-color":"var(--ast-global-color-4)","background-image":"","background-repeat":"repeat","background-position":"center center","background-size":"auto","background-attachment":"scroll","background-type":"","background-media":"","overlay-type":"","overlay-color":"","overlay-opacity":"","overlay-gradient":""},"tablet":{"background-color":"","background-image":"","background-repeat":"repeat","background-position":"center center","background-size":"auto","background-attachment":"scroll","background-type":"","background-media":"","overlay-type":"","overlay-color":"","overlay-opacity":"","overlay-gradient":""},"mobile":{"background-color":"","background-image":"","background-repeat":"repeat","background-position":"center center","background-size":"auto","background-attachment":"scroll","background-type":"","background-media":"","overlay-type":"","overlay-color":"","overlay-opacity":"","overlay-gradient":""}},"ast-content-background-meta":{"desktop":{"background-color":"var(--ast-global-color-5)","background-image":"","background-repeat":"repeat","background-position":"center center","background-size":"auto","background-attachment":"scroll","background-type":"","background-media":"","overlay-type":"","overlay-color":"","overlay-opacity":"","overlay-gradient":""},"tablet":{"background-color":"var(--ast-global-color-5)","background-image":"","background-repeat":"repeat","background-position":"center center","background-size":"auto","background-attachment":"scroll","background-type":"","background-media":"","overlay-type":"","overlay-color":"","overlay-opacity":"","overlay-gradient":""},"mobile":{"background-color":"var(--ast-global-color-5)","background-image":"","background-repeat":"repeat","background-position":"center center","background-size":"auto","background-attachment":"scroll","background-type":"","background-media":"","overlay-type":"","overlay-color":"","overlay-opacity":"","overlay-gradient":""}},"footnotes":""},"categories":[111,466],"tags":[],"class_list":["post-1347","post","type-post","status-publish","format-standard","hentry","category-2014-15","category-participacio"],"post_mailing_queue_ids":[],"_links":{"self":[{"href":"https:\/\/agora.xtec.cat\/ielesvinyes\/wp-json\/wp\/v2\/posts\/1347","targetHints":{"allow":["GET"]}}],"collection":[{"href":"https:\/\/agora.xtec.cat\/ielesvinyes\/wp-json\/wp\/v2\/posts"}],"about":[{"href":"https:\/\/agora.xtec.cat\/ielesvinyes\/wp-json\/wp\/v2\/types\/post"}],"author":[{"embeddable":true,"href":"https:\/\/agora.xtec.cat\/ielesvinyes\/wp-json\/wp\/v2\/users\/52"}],"replies":[{"embeddable":true,"href":"https:\/\/agora.xtec.cat\/ielesvinyes\/wp-json\/wp\/v2\/comments?post=1347"}],"version-history":[{"count":0,"href":"https:\/\/agora.xtec.cat\/ielesvinyes\/wp-json\/wp\/v2\/posts\/1347\/revisions"}],"wp:attachment":[{"href":"https:\/\/agora.xtec.cat\/ielesvinyes\/wp-json\/wp\/v2\/media?parent=1347"}],"wp:term":[{"taxonomy":"category","embeddable":true,"href":"https:\/\/agora.xtec.cat\/ielesvinyes\/wp-json\/wp\/v2\/categories?post=1347"},{"taxonomy":"post_tag","embeddable":true,"href":"https:\/\/agora.xtec.cat\/ielesvinyes\/wp-json\/wp\/v2\/tags?post=1347"}],"curies":[{"name":"wp","href":"https:\/\/api.w.org\/{rel}","templated":true}]}}