{"id":1323,"date":"2013-05-14T11:46:24","date_gmt":"2013-05-14T10:46:24","guid":{"rendered":"http:\/\/ielesvinyes.net\/?p=1323"},"modified":"2022-09-28T07:05:31","modified_gmt":"2022-09-28T05:05:31","slug":"projecte-trimestral-a-empuries","status":"publish","type":"post","link":"https:\/\/agora.xtec.cat\/ielesvinyes\/general\/projecte-trimestral-a-empuries\/","title":{"rendered":"Projecte trimestral a Emp\u00faries"},"content":{"rendered":"<figure id=\"attachment_1325\" aria-describedby=\"caption-attachment-1325\" style=\"width: 297px\" class=\"wp-caption alignleft\"><img loading=\"lazy\" decoding=\"async\" class=\" wp-image-1325\" style=\"line-height: 18px;\" alt=\"presentaci\u00f3\" src=\"http:\/\/agora.xtec.cat\/ielesvinyes\/wp-content\/uploads\/usu1433\/2013\/05\/presentaci\u00f31.jpg\" width=\"297\" height=\"222\" \/><figcaption id=\"caption-attachment-1325\" class=\"wp-caption-text\">Sessi\u00f3 inicial del projecte<\/figcaption><\/figure>\n<p>Els alumnes de 2n d&#8217;ESO hem iniciat aquest mat\u00ed el nostre tercer projecte trimestral dedicat a <strong>L&#8217;Empord\u00e0<\/strong> i a la realitzaci\u00f3 d&#8217;un fullet\u00f3 promocional de la zona. Despr\u00e9s d&#8217;una estada de tres dies a\u00a0l&#8217;alberg d&#8217;Emp\u00faries, cada grup cooperatiu realitzar\u00e0 un fullet\u00f3 espec\u00edficament adre\u00e7at a un p\u00fablic objectiu (<em>target<\/em>), entre 13 possibles.<\/p>\n<p>A l&#8217;Empord\u00e0 visitarem les illes Medes, el\u00a0Parc Natural dels Aiguamolls de l\u2019Empord\u00e0, al poble de L&#8217;Escala, la ciutat grega i romana d&#8217;Emp\u00faries i, naturalment, la platja. I buscarem all\u00ed, un motiu per a fer un mosaic conjuntament amb Educaci\u00f3 infantil a la nostra tornada.<\/p>\n<p>La propera setmana treballarem al centre per a fer el producte final que inclour\u00e0 una presentaci\u00f3 a les fam\u00edlies el <strong>divendres 24 de maig<\/strong>, amb una sessi\u00f3 de Pecha Kucha. No sabeu qu\u00e8 s\u00f3n els Pecha Kucha? Doncs us hi esperem! \ud83d\ude42<\/p>\n<p style=\"text-align: center;\"><strong><span style=\"color: #ff0000;\"><a href=\"http:\/\/eso.ielesvinyes.net\/tag\/emporda2013\/\" target=\"_blank\" rel=\"noopener\">M\u00e9s informaci\u00f3 al blog de l&#8217;ESO!<\/a><\/span><\/strong><\/p>\n<p style=\"text-align: center;\">\n","protected":false},"excerpt":{"rendered":"<p>Els alumnes de 2n d&#8217;ESO hem iniciat aquest mat\u00ed el nostre tercer projecte trimestral dedicat a L&#8217;Empord\u00e0 i a la realitzaci\u00f3 d&#8217;un fullet\u00f3 promocional de la zona. Despr\u00e9s d&#8217;una estada de tres dies a\u00a0l&#8217;alberg d&#8217;Emp\u00faries, cada grup cooperatiu realitzar\u00e0 un fullet\u00f3 espec\u00edficament adre\u00e7at a un p\u00fablic objectiu (target), entre 13 possibles. A l&#8217;Empord\u00e0 visitarem les [&hellip;]<\/p>\n","protected":false},"author":1,"featured_media":0,"comment_status":"open","ping_status":"open","sticky":false,"template":"","format":"standard","meta":{"_bbp_topic_count":0,"_bbp_reply_count":0,"_bbp_total_topic_count":0,"_bbp_total_reply_count":0,"_bbp_voice_count":0,"_bbp_anonymous_reply_count":0,"_bbp_topic_count_hidden":0,"_bbp_reply_count_hidden":0,"_bbp_forum_subforum_count":0,"site-sidebar-layout":"default","site-content-layout":"","ast-site-content-layout":"","site-content-style":"default","site-sidebar-style":"default","ast-global-header-display":"","ast-banner-title-visibility":"","ast-main-header-display":"","ast-hfb-above-header-display":"","ast-hfb-below-header-display":"","ast-hfb-mobile-header-display":"","site-post-title":"","ast-breadcrumbs-content":"","ast-featured-img":"","footer-sml-layout":"","theme-transparent-header-meta":"","adv-header-id-meta":"","stick-header-meta":"","header-above-stick-meta":"","header-main-stick-meta":"","header-below-stick-meta":"","astra-migrate-meta-layouts":"default","ast-page-background-enabled":"default","ast-page-background-meta":{"desktop":{"background-color":"var(--ast-global-color-4)","background-image":"","background-repeat":"repeat","background-position":"center center","background-size":"auto","background-attachment":"scroll","background-type":"","background-media":"","overlay-type":"","overlay-color":"","overlay-opacity":"","overlay-gradient":""},"tablet":{"background-color":"","background-image":"","background-repeat":"repeat","background-position":"center center","background-size":"auto","background-attachment":"scroll","background-type":"","background-media":"","overlay-type":"","overlay-color":"","overlay-opacity":"","overlay-gradient":""},"mobile":{"background-color":"","background-image":"","background-repeat":"repeat","background-position":"center center","background-size":"auto","background-attachment":"scroll","background-type":"","background-media":"","overlay-type":"","overlay-color":"","overlay-opacity":"","overlay-gradient":""}},"ast-content-background-meta":{"desktop":{"background-color":"var(--ast-global-color-5)","background-image":"","background-repeat":"repeat","background-position":"center center","background-size":"auto","background-attachment":"scroll","background-type":"","background-media":"","overlay-type":"","overlay-color":"","overlay-opacity":"","overlay-gradient":""},"tablet":{"background-color":"var(--ast-global-color-5)","background-image":"","background-repeat":"repeat","background-position":"center center","background-size":"auto","background-attachment":"scroll","background-type":"","background-media":"","overlay-type":"","overlay-color":"","overlay-opacity":"","overlay-gradient":""},"mobile":{"background-color":"var(--ast-global-color-5)","background-image":"","background-repeat":"repeat","background-position":"center center","background-size":"auto","background-attachment":"scroll","background-type":"","background-media":"","overlay-type":"","overlay-color":"","overlay-opacity":"","overlay-gradient":""}},"footnotes":""},"categories":[109,1,301,116],"tags":[],"class_list":["post-1323","post","type-post","status-publish","format-standard","hentry","category-2012-13","category-general","category-secundaria","category-sortida"],"post_mailing_queue_ids":[],"_links":{"self":[{"href":"https:\/\/agora.xtec.cat\/ielesvinyes\/wp-json\/wp\/v2\/posts\/1323","targetHints":{"allow":["GET"]}}],"collection":[{"href":"https:\/\/agora.xtec.cat\/ielesvinyes\/wp-json\/wp\/v2\/posts"}],"about":[{"href":"https:\/\/agora.xtec.cat\/ielesvinyes\/wp-json\/wp\/v2\/types\/post"}],"author":[{"embeddable":true,"href":"https:\/\/agora.xtec.cat\/ielesvinyes\/wp-json\/wp\/v2\/users\/1"}],"replies":[{"embeddable":true,"href":"https:\/\/agora.xtec.cat\/ielesvinyes\/wp-json\/wp\/v2\/comments?post=1323"}],"version-history":[{"count":1,"href":"https:\/\/agora.xtec.cat\/ielesvinyes\/wp-json\/wp\/v2\/posts\/1323\/revisions"}],"predecessor-version":[{"id":7436,"href":"https:\/\/agora.xtec.cat\/ielesvinyes\/wp-json\/wp\/v2\/posts\/1323\/revisions\/7436"}],"wp:attachment":[{"href":"https:\/\/agora.xtec.cat\/ielesvinyes\/wp-json\/wp\/v2\/media?parent=1323"}],"wp:term":[{"taxonomy":"category","embeddable":true,"href":"https:\/\/agora.xtec.cat\/ielesvinyes\/wp-json\/wp\/v2\/categories?post=1323"},{"taxonomy":"post_tag","embeddable":true,"href":"https:\/\/agora.xtec.cat\/ielesvinyes\/wp-json\/wp\/v2\/tags?post=1323"}],"curies":[{"name":"wp","href":"https:\/\/api.w.org\/{rel}","templated":true}]}}