{"id":1318,"date":"2014-03-05T23:52:17","date_gmt":"2014-03-05T22:52:17","guid":{"rendered":"http:\/\/ampa.ielesvinyes.net\/stage1\/?p=1318"},"modified":"2020-03-05T19:56:41","modified_gmt":"2020-03-05T18:56:41","slug":"portes-obertes-exit-dassistencia-i-participacio","status":"publish","type":"post","link":"https:\/\/agora.xtec.cat\/ielesvinyes\/afa\/portes-obertes-exit-dassistencia-i-participacio\/","title":{"rendered":"Portes Obertes: \u00c8xit d&#8217;assist\u00e8ncia i participaci\u00f3"},"content":{"rendered":"<p style=\"text-align: justify;\"><strong>La jornada de Portes Obertes de\u00a0l\u2019Institut-Escola Les Vinyes ha estat un \u00e8xit total d\u2019assist\u00e8ncia i participaci\u00f3.<\/strong> El centre ha rebut la visita de centenars de persones del municipi, la majoria mares i pares de possibles nous alumnes de \u00a0P3 i 1r d\u2019ESO, aix\u00ed com d\u2019altres interessats en accedir a Les Vinyes a altres cursos escolars.\u00a0La resposta per part de tots els assistents ha estat magn\u00edfica, <strong>mostrant molt d\u2019inter\u00e8s en el projecte educatiu del centre i en la l\u00ednia continuada 3-16 anys<\/strong>. A m\u00e9s, han destacat l<strong>a implicaci\u00f3 dels pares i mares dels alumnes de Les Vinyes amb el centre<\/strong>, cosa que, per aquells que aix\u00ed ho han manifestat, <strong>\u00e9s un s\u00edmptoma inequ\u00edvoc de qualitat, confian\u00e7a i comprom\u00eds entre l\u2019IE i els seus membres<\/strong>.<\/p>\n<p style=\"text-align: justify;\"><img loading=\"lazy\" decoding=\"async\" class=\" size-full wp-image-1320 aligncenter\" src=\"http:\/\/ampa.ielesvinyes.net\/stage1\/wp-content\/uploads\/2015\/02\/img_20140305_181358.jpg\" alt=\"ipp\" width=\"650\" height=\"465\" \/><\/p>\n<p style=\"text-align: justify;\">L\u2019equip docent del centre ha organitzat un recorregut guiat per les instal\u00b7lacions del centre, amb l\u2019ajuda inestimable dels alumnes d\u2019ESO. Ning\u00fa millor que ells pot ensenyar Les Vinyes i interactuar amb comoditat amb les diferents \u00e0rees de treball i lleure.\u00a0Per la seva part, l\u2019AMPA i la Plataforma Fem Cr\u00e9ixer Les Vinyes han disposat d\u2019espais a les \u00e0rees d\u2019Infantil-Prim\u00e0ria i ESO per tal d\u2019explicar als assistents les activitats que desenvolupen i les accions dutes a terme per tal que Les Vinyes mantingui la l\u00ednia de P3, no tal sols pel proper curs escolar, sin\u00f3 pel decurs dels seg\u00fcents exercicis.<\/p>\n<p><img loading=\"lazy\" decoding=\"async\" class=\" size-full wp-image-1319 aligncenter\" src=\"http:\/\/ampa.ielesvinyes.net\/stage1\/wp-content\/uploads\/2015\/02\/img_20140305_180105.jpg\" alt=\"ipp\" width=\"650\" height=\"488\" \/><\/p>\n<p><strong>A tots els que us vareu apropar a Les Vinyes, moltes gr\u00e0cies per la vostra\u00a0<\/strong><strong>assist\u00e8ncia!! Per nosaltres, ha estat un plaer rebre-us!<\/strong><\/p>\n<p><strong>Us esperem al setembre!<\/strong><\/p>\n","protected":false},"excerpt":{"rendered":"<p>La jornada de Portes Obertes de\u00a0l\u2019Institut-Escola Les Vinyes ha estat un \u00e8xit total d\u2019assist\u00e8ncia i participaci\u00f3. El centre ha rebut la visita de centenars de persones del municipi, la majoria mares i pares de possibles nous alumnes de \u00a0P3 i 1r d\u2019ESO, aix\u00ed com d\u2019altres interessats en accedir a Les Vinyes a altres cursos escolars.\u00a0La [&hellip;]<\/p>\n","protected":false},"author":52,"featured_media":0,"comment_status":"open","ping_status":"closed","sticky":false,"template":"","format":"standard","meta":{"_bbp_topic_count":0,"_bbp_reply_count":0,"_bbp_total_topic_count":0,"_bbp_total_reply_count":0,"_bbp_voice_count":0,"_bbp_anonymous_reply_count":0,"_bbp_topic_count_hidden":0,"_bbp_reply_count_hidden":0,"_bbp_forum_subforum_count":0,"site-sidebar-layout":"default","site-content-layout":"","ast-site-content-layout":"","site-content-style":"default","site-sidebar-style":"default","ast-global-header-display":"","ast-banner-title-visibility":"","ast-main-header-display":"","ast-hfb-above-header-display":"","ast-hfb-below-header-display":"","ast-hfb-mobile-header-display":"","site-post-title":"","ast-breadcrumbs-content":"","ast-featured-img":"","footer-sml-layout":"","theme-transparent-header-meta":"","adv-header-id-meta":"","stick-header-meta":"","header-above-stick-meta":"","header-main-stick-meta":"","header-below-stick-meta":"","astra-migrate-meta-layouts":"default","ast-page-background-enabled":"default","ast-page-background-meta":{"desktop":{"background-color":"var(--ast-global-color-4)","background-image":"","background-repeat":"repeat","background-position":"center center","background-size":"auto","background-attachment":"scroll","background-type":"","background-media":"","overlay-type":"","overlay-color":"","overlay-opacity":"","overlay-gradient":""},"tablet":{"background-color":"","background-image":"","background-repeat":"repeat","background-position":"center center","background-size":"auto","background-attachment":"scroll","background-type":"","background-media":"","overlay-type":"","overlay-color":"","overlay-opacity":"","overlay-gradient":""},"mobile":{"background-color":"","background-image":"","background-repeat":"repeat","background-position":"center center","background-size":"auto","background-attachment":"scroll","background-type":"","background-media":"","overlay-type":"","overlay-color":"","overlay-opacity":"","overlay-gradient":""}},"ast-content-background-meta":{"desktop":{"background-color":"var(--ast-global-color-5)","background-image":"","background-repeat":"repeat","background-position":"center center","background-size":"auto","background-attachment":"scroll","background-type":"","background-media":"","overlay-type":"","overlay-color":"","overlay-opacity":"","overlay-gradient":""},"tablet":{"background-color":"var(--ast-global-color-5)","background-image":"","background-repeat":"repeat","background-position":"center center","background-size":"auto","background-attachment":"scroll","background-type":"","background-media":"","overlay-type":"","overlay-color":"","overlay-opacity":"","overlay-gradient":""},"mobile":{"background-color":"var(--ast-global-color-5)","background-image":"","background-repeat":"repeat","background-position":"center center","background-size":"auto","background-attachment":"scroll","background-type":"","background-media":"","overlay-type":"","overlay-color":"","overlay-opacity":"","overlay-gradient":""}},"footnotes":""},"categories":[110,31,471],"tags":[],"class_list":["post-1318","post","type-post","status-publish","format-standard","hentry","category-2013-14","category-afa","category-noticies-afa"],"post_mailing_queue_ids":[],"_links":{"self":[{"href":"https:\/\/agora.xtec.cat\/ielesvinyes\/wp-json\/wp\/v2\/posts\/1318","targetHints":{"allow":["GET"]}}],"collection":[{"href":"https:\/\/agora.xtec.cat\/ielesvinyes\/wp-json\/wp\/v2\/posts"}],"about":[{"href":"https:\/\/agora.xtec.cat\/ielesvinyes\/wp-json\/wp\/v2\/types\/post"}],"author":[{"embeddable":true,"href":"https:\/\/agora.xtec.cat\/ielesvinyes\/wp-json\/wp\/v2\/users\/52"}],"replies":[{"embeddable":true,"href":"https:\/\/agora.xtec.cat\/ielesvinyes\/wp-json\/wp\/v2\/comments?post=1318"}],"version-history":[{"count":1,"href":"https:\/\/agora.xtec.cat\/ielesvinyes\/wp-json\/wp\/v2\/posts\/1318\/revisions"}],"predecessor-version":[{"id":6225,"href":"https:\/\/agora.xtec.cat\/ielesvinyes\/wp-json\/wp\/v2\/posts\/1318\/revisions\/6225"}],"wp:attachment":[{"href":"https:\/\/agora.xtec.cat\/ielesvinyes\/wp-json\/wp\/v2\/media?parent=1318"}],"wp:term":[{"taxonomy":"category","embeddable":true,"href":"https:\/\/agora.xtec.cat\/ielesvinyes\/wp-json\/wp\/v2\/categories?post=1318"},{"taxonomy":"post_tag","embeddable":true,"href":"https:\/\/agora.xtec.cat\/ielesvinyes\/wp-json\/wp\/v2\/tags?post=1318"}],"curies":[{"name":"wp","href":"https:\/\/api.w.org\/{rel}","templated":true}]}}